{"id":106338,"date":"2019-12-11T16:40:20","date_gmt":"2019-12-11T13:40:20","guid":{"rendered":"http:\/\/arantv.az\/?p=106338"},"modified":"2019-12-11T16:40:20","modified_gmt":"2019-12-11T13:40:20","slug":"time-16-yasli-qizi-ilin-adami-secdi-foto","status":"publish","type":"post","link":"https:\/\/arantv.az\/?p=106338","title":{"rendered":"\u201cTime\u201d 16 ya\u015fl\u0131 q\u0131z\u0131 \u201c\u0130lin adam\u0131\u201d se\u00e7di &#8211; FOTO"},"content":{"rendered":"<p>\u201cTime\u201d jurnal\u0131 16 ya\u015fl\u0131 ekoaktivist Qreta Tunberqi \u201c\u0130lin adam\u0131\u201d elan edib.<\/p>\n<p><b>ARANTV.AZ\u00a0<\/b>x\u0259b\u0259r verir ki, bu bar\u0259d\u0259 jurnal\u0131n \u201cTwitter\u201d hesab\u0131nda payla\u015f\u0131m edilib.<\/p>\n<p>\u201cTime\u201d Tunberqin fotosunu \u201cQreta Tunberq\u201d v\u0259 \u201cG\u0259ncliyin g\u00fcc\u00fc\u201d s\u00f6zl\u0259ri il\u0259 payla\u015f\u0131b.<\/p>\n<div id=\"AdviadNativeVideo0\" class=\"AdviadNativeVideo\"><\/div>\n<p>\u0130sve\u00e7li yeniyetm\u0259 Qreta Tunberq son bir ildir haqq\u0131nda \u0259n \u00e7ox dan\u0131\u015f\u0131lan aktivistl\u0259rd\u0259n biridir. \u0130qlim d\u0259yi\u015fikliyi, qlobal istil\u0259\u015fm\u0259y\u0259 etiraz ed\u0259n 16 ya\u015fl\u0131 m\u0259kt\u0259blinin f\u0259aliyy\u0259tinin ilkin m\u0259rh\u0259l\u0259si \u201c\u0130qlim \u00fc\u00e7\u00fcn m\u0259kt\u0259b t\u0259tili\u201ddir.<\/p>\n<p>O, ke\u00e7\u0259n il avqust ay\u0131nda m\u0259kt\u0259b\u0259 getm\u0259kd\u0259n imtina ed\u0259r\u0259k \u0130sve\u00e7 Parlamenti qar\u015f\u0131s\u0131nda t\u0259til\u0259 ba\u015flay\u0131b. 2019-cu il mart\u0131n 15-d\u0259 112 \u00f6lk\u0259d\u0259n t\u0259xmin\u0259n 1 milyon 400 min \u015fagird bu aksiyaya qo\u015fulub.<\/p>\n<p>T\u0259till\u0259rl\u0259 yana\u015f\u0131, Qreta bir \u00e7ox etiraz aksiyas\u0131 v\u0259 beyn\u0259lxalq t\u0259dbirl\u0259rd\u0259 i\u015ftirak edib.Oxu.Az<\/p>\n<p><img src=\"https:\/\/assets.oxu.az\/uploads\/W1siZiIsIjIwMTkvMTIvMTEvMTcvMzIvMDYvZjdjZjI5MDYtODdmMy00YzlhLWE2NDQtYWY3NDFkZGRhZmFlL3RpbWUuanBnIl0sWyJwIiwiZW5jb2RlIiwianBnIiwiLXF1YWxpdHkgODAiXSxbInAiLCJ0aHVtYiIsIjU5MHg1OTBcdTAwM2UiXV0?sha=082e4198cc6b3b5a\" alt=\"\" \/><\/p>\n","protected":false},"excerpt":{"rendered":"<p>\u201cTime\u201d jurnal\u0131 16 ya\u015fl\u0131 ekoaktivist Qreta Tunberqi \u201c\u0130lin adam\u0131\u201d elan edib. ARANTV.AZ\u00a0x\u0259b\u0259r verir ki, bu bar\u0259d\u0259 jurnal\u0131n \u201cTwitter\u201d hesab\u0131nda payla\u015f\u0131m edilib. \u201cTime\u201d Tunberqin fotosunu \u201cQreta Tunberq\u201d v\u0259 \u201cG\u0259ncliyin g\u00fcc\u00fc\u201d s\u00f6zl\u0259ri il\u0259 payla\u015f\u0131b. \u0130sve\u00e7li yeniyetm\u0259 Qreta Tunberq son bir ildir haqq\u0131nda \u0259n \u00e7ox dan\u0131\u015f\u0131lan aktivistl\u0259rd\u0259n biridir. \u0130qlim d\u0259yi\u015fikliyi, qlobal istil\u0259\u015fm\u0259y\u0259 etiraz ed\u0259n 16 ya\u015fl\u0131 m\u0259kt\u0259blinin f\u0259aliyy\u0259tinin ilkin m\u0259rh\u0259l\u0259si \u201c\u0130qlim \u00fc\u00e7\u00fcn m\u0259kt\u0259b t\u0259tili\u201ddir. O, ke\u00e7\u0259n il avqust ay\u0131nda m\u0259kt\u0259b\u0259 getm\u0259kd\u0259n imtina ed\u0259r\u0259k \u0130sve\u00e7 Parlamenti qar\u015f\u0131s\u0131nda t\u0259til\u0259 ba\u015flay\u0131b. 2019-cu il mart\u0131n 15-d\u0259 112 \u00f6lk\u0259d\u0259n t\u0259xmin\u0259n 1 milyon 400 min \u015fagird bu aksiyaya qo\u015fulub.&hellip;<\/p>\n","protected":false},"author":2,"featured_media":106339,"comment_status":"closed","ping_status":"closed","sticky":false,"template":"","format":"standard","meta":{"om_disable_all_campaigns":false,"_monsterinsights_skip_tracking":false,"_monsterinsights_sitenote_active":false,"_monsterinsights_sitenote_note":"","_monsterinsights_sitenote_category":0},"categories":[7],"tags":[],"aioseo_notices":[],"gutentor_comment":0,"rttpg_featured_image_url":{"full":["https:\/\/arantv.az\/wp-content\/uploads\/2019\/12\/qreta.jpg",600,400,false],"landscape":["https:\/\/arantv.az\/wp-content\/uploads\/2019\/12\/qreta.jpg",600,400,false],"portraits":["https:\/\/arantv.az\/wp-content\/uploads\/2019\/12\/qreta.jpg",600,400,false],"thumbnail":["https:\/\/arantv.az\/wp-content\/uploads\/2019\/12\/qreta-150x150.jpg",150,150,true],"medium":["https:\/\/arantv.az\/wp-content\/uploads\/2019\/12\/qreta-300x200.jpg",300,200,true],"large":["https:\/\/arantv.az\/wp-content\/uploads\/2019\/12\/qreta.jpg",600,400,false],"1536x1536":["https:\/\/arantv.az\/wp-content\/uploads\/2019\/12\/qreta.jpg",600,400,false],"2048x2048":["https:\/\/arantv.az\/wp-content\/uploads\/2019\/12\/qreta.jpg",600,400,false],"post-thumbnail":["https:\/\/arantv.az\/wp-content\/uploads\/2019\/12\/qreta-240x172.jpg",240,172,true],"advps-thumb-one":["https:\/\/arantv.az\/wp-content\/uploads\/2019\/12\/qreta.jpg",600,400,false]},"rttpg_author":{"display_name":"V\u00fcsal Rafiqo\u011flu","author_link":"https:\/\/arantv.az\/?author=2"},"rttpg_comment":0,"rttpg_category":"<a href=\"https:\/\/arantv.az\/?cat=7\" rel=\"category\">D\u00fcnya<\/a>","rttpg_excerpt":"\u201cTime\u201d jurnal\u0131 16 ya\u015fl\u0131 ekoaktivist Qreta Tunberqi \u201c\u0130lin adam\u0131\u201d elan edib. ARANTV.AZ\u00a0x\u0259b\u0259r verir ki, bu bar\u0259d\u0259 jurnal\u0131n \u201cTwitter\u201d hesab\u0131nda payla\u015f\u0131m edilib. \u201cTime\u201d Tunberqin fotosunu \u201cQreta Tunberq\u201d v\u0259 \u201cG\u0259ncliyin g\u00fcc\u00fc\u201d s\u00f6zl\u0259ri il\u0259 payla\u015f\u0131b. \u0130sve\u00e7li yeniyetm\u0259 Qreta Tunberq son bir ildir haqq\u0131nda \u0259n \u00e7ox dan\u0131\u015f\u0131lan aktivistl\u0259rd\u0259n biridir. \u0130qlim d\u0259yi\u015fikliyi, qlobal istil\u0259\u015fm\u0259y\u0259 etiraz ed\u0259n 16 ya\u015fl\u0131 m\u0259kt\u0259blinin f\u0259aliyy\u0259tinin&hellip;","_links":{"self":[{"href":"https:\/\/arantv.az\/index.php?rest_route=\/wp\/v2\/posts\/106338"}],"collection":[{"href":"https:\/\/arantv.az\/index.php?rest_route=\/wp\/v2\/posts"}],"about":[{"href":"https:\/\/arantv.az\/index.php?rest_route=\/wp\/v2\/types\/post"}],"author":[{"embeddable":true,"href":"https:\/\/arantv.az\/index.php?rest_route=\/wp\/v2\/users\/2"}],"replies":[{"embeddable":true,"href":"https:\/\/arantv.az\/index.php?rest_route=%2Fwp%2Fv2%2Fcomments&post=106338"}],"version-history":[{"count":0,"href":"https:\/\/arantv.az\/index.php?rest_route=\/wp\/v2\/posts\/106338\/revisions"}],"wp:featuredmedia":[{"embeddable":true,"href":"https:\/\/arantv.az\/index.php?rest_route=\/wp\/v2\/media\/106339"}],"wp:attachment":[{"href":"https:\/\/arantv.az\/index.php?rest_route=%2Fwp%2Fv2%2Fmedia&parent=106338"}],"wp:term":[{"taxonomy":"category","embeddable":true,"href":"https:\/\/arantv.az\/index.php?rest_route=%2Fwp%2Fv2%2Fcategories&post=106338"},{"taxonomy":"post_tag","embeddable":true,"href":"https:\/\/arantv.az\/index.php?rest_route=%2Fwp%2Fv2%2Ftags&post=106338"}],"curies":[{"name":"wp","href":"https:\/\/api.w.org\/{rel}","templated":true}]}}