{"id":106359,"date":"2019-12-12T08:01:58","date_gmt":"2019-12-12T05:01:58","guid":{"rendered":"http:\/\/arantv.az\/?p=106359"},"modified":"2019-12-12T08:01:58","modified_gmt":"2019-12-12T05:01:58","slug":"mehriban-%c9%99liyeva-umummilli-lider-heyd%c9%99r-%c9%99liyevin-unudulmaz-xatir%c9%99sini-ehtiramla-yad-edir%c9%99m","status":"publish","type":"post","link":"https:\/\/arantv.az\/?p=106359","title":{"rendered":"Mehriban \u018fliyeva: \u00dcmummilli lider Heyd\u0259r \u018fliyevin unudulmaz xatir\u0259sini ehtiramla yad edir\u0259m"},"content":{"rendered":"<p>Az\u0259rbaycan\u0131n Birinci vitse-prezidenti Mehriban \u018fliyeva \u00dcmummilli lider Heyd\u0259r \u018fliyevin v\u0259fat\u0131n\u0131n 16-c\u0131 ild\u00f6n\u00fcm\u00fc il\u0259 ba\u011fl\u0131 payla\u015f\u0131m edib.<\/p>\n<p>Birinci vitse-prezidentin payla\u015f\u0131m\u0131nda deyilir:<\/p>\n<div id=\"AdviadNativeVideo0\" class=\"AdviadNativeVideo\"><\/div>\n<p>\u201cBu g\u00fcn \u2013 12 dekabr \u2013 Az\u0259rbaycan\u0131n v\u0259 Az\u0259rbaycan xalq\u0131n\u0131n h\u0259yat\u0131nda v\u0259 taleyind\u0259 silinm\u0259z iz qoymu\u015f dahi \u015f\u0259xsiyy\u0259t Heyd\u0259r \u018fliyevin an\u0131m g\u00fcn\u00fcd\u00fcr. \u00dcmummilli lider Heyd\u0259r \u018fliyevin unudulmaz xatir\u0259sini ehtiramla yad edir\u0259m. \u00d6lk\u0259miz\u0259 s\u00fclh v\u0259 t\u0259r\u0259qqi arzulay\u0131ram\u201d.<\/p>\n<div><iframe loading=\"lazy\" id=\"instagram-embed-0\" class=\"instagram-media instagram-media-rendered\" src=\"https:\/\/www.instagram.com\/p\/B58dva7gVcN\/embed\/captioned\/?cr=1&amp;v=12&amp;wp=540&amp;rd=https%3A%2F%2Foxu.az&amp;rp=%2Fpolitics%2F348498#%7B%22ci%22%3A0%2C%22os%22%3A16046.410000000036%2C%22ls%22%3A1052.000000000021%2C%22le%22%3A1187.6350000000002%7D\" width=\"300\" height=\"960\" frameborder=\"0\" scrolling=\"no\" allowfullscreen=\"allowfullscreen\" data-instgrm-payload-id=\"instagram-media-payload-0\" data-mce-fragment=\"1\"><\/iframe><\/div>\n<p>&nbsp;<\/p>\n","protected":false},"excerpt":{"rendered":"<p>Az\u0259rbaycan\u0131n Birinci vitse-prezidenti Mehriban \u018fliyeva \u00dcmummilli lider Heyd\u0259r \u018fliyevin v\u0259fat\u0131n\u0131n 16-c\u0131 ild\u00f6n\u00fcm\u00fc il\u0259 ba\u011fl\u0131 payla\u015f\u0131m edib. Birinci vitse-prezidentin payla\u015f\u0131m\u0131nda deyilir: \u201cBu g\u00fcn \u2013 12 dekabr \u2013 Az\u0259rbaycan\u0131n v\u0259 Az\u0259rbaycan xalq\u0131n\u0131n h\u0259yat\u0131nda v\u0259 taleyind\u0259 silinm\u0259z iz qoymu\u015f dahi \u015f\u0259xsiyy\u0259t Heyd\u0259r \u018fliyevin an\u0131m g\u00fcn\u00fcd\u00fcr. \u00dcmummilli lider Heyd\u0259r \u018fliyevin unudulmaz xatir\u0259sini ehtiramla yad edir\u0259m. \u00d6lk\u0259miz\u0259 s\u00fclh v\u0259 t\u0259r\u0259qqi arzulay\u0131ram\u201d. &nbsp;<\/p>\n","protected":false},"author":2,"featured_media":106360,"comment_status":"closed","ping_status":"closed","sticky":false,"template":"","format":"standard","meta":{"om_disable_all_campaigns":false,"_monsterinsights_skip_tracking":false,"_monsterinsights_sitenote_active":false,"_monsterinsights_sitenote_note":"","_monsterinsights_sitenote_category":0},"categories":[4],"tags":[],"aioseo_notices":[],"gutentor_comment":0,"rttpg_featured_image_url":{"full":["https:\/\/arantv.az\/wp-content\/uploads\/2019\/12\/Mehriban-Aliyeva-.jpg",620,400,false],"landscape":["https:\/\/arantv.az\/wp-content\/uploads\/2019\/12\/Mehriban-Aliyeva-.jpg",620,400,false],"portraits":["https:\/\/arantv.az\/wp-content\/uploads\/2019\/12\/Mehriban-Aliyeva-.jpg",620,400,false],"thumbnail":["https:\/\/arantv.az\/wp-content\/uploads\/2019\/12\/Mehriban-Aliyeva--150x150.jpg",150,150,true],"medium":["https:\/\/arantv.az\/wp-content\/uploads\/2019\/12\/Mehriban-Aliyeva--300x194.jpg",300,194,true],"large":["https:\/\/arantv.az\/wp-content\/uploads\/2019\/12\/Mehriban-Aliyeva-.jpg",620,400,false],"1536x1536":["https:\/\/arantv.az\/wp-content\/uploads\/2019\/12\/Mehriban-Aliyeva-.jpg",620,400,false],"2048x2048":["https:\/\/arantv.az\/wp-content\/uploads\/2019\/12\/Mehriban-Aliyeva-.jpg",620,400,false],"post-thumbnail":["https:\/\/arantv.az\/wp-content\/uploads\/2019\/12\/Mehriban-Aliyeva--240x172.jpg",240,172,true],"advps-thumb-one":["https:\/\/arantv.az\/wp-content\/uploads\/2019\/12\/Mehriban-Aliyeva-.jpg",620,400,false]},"rttpg_author":{"display_name":"V\u00fcsal Rafiqo\u011flu","author_link":"https:\/\/arantv.az\/?author=2"},"rttpg_comment":0,"rttpg_category":"<a href=\"https:\/\/arantv.az\/?cat=4\" rel=\"category\">Siyas\u0259t<\/a>","rttpg_excerpt":"Az\u0259rbaycan\u0131n Birinci vitse-prezidenti Mehriban \u018fliyeva \u00dcmummilli lider Heyd\u0259r \u018fliyevin v\u0259fat\u0131n\u0131n 16-c\u0131 ild\u00f6n\u00fcm\u00fc il\u0259 ba\u011fl\u0131 payla\u015f\u0131m edib. Birinci vitse-prezidentin payla\u015f\u0131m\u0131nda deyilir: \u201cBu g\u00fcn \u2013 12 dekabr \u2013 Az\u0259rbaycan\u0131n v\u0259 Az\u0259rbaycan xalq\u0131n\u0131n h\u0259yat\u0131nda v\u0259 taleyind\u0259 silinm\u0259z iz qoymu\u015f dahi \u015f\u0259xsiyy\u0259t Heyd\u0259r \u018fliyevin an\u0131m g\u00fcn\u00fcd\u00fcr. \u00dcmummilli lider Heyd\u0259r \u018fliyevin unudulmaz xatir\u0259sini ehtiramla yad edir\u0259m. \u00d6lk\u0259miz\u0259 s\u00fclh v\u0259 t\u0259r\u0259qqi&hellip;","_links":{"self":[{"href":"https:\/\/arantv.az\/index.php?rest_route=\/wp\/v2\/posts\/106359"}],"collection":[{"href":"https:\/\/arantv.az\/index.php?rest_route=\/wp\/v2\/posts"}],"about":[{"href":"https:\/\/arantv.az\/index.php?rest_route=\/wp\/v2\/types\/post"}],"author":[{"embeddable":true,"href":"https:\/\/arantv.az\/index.php?rest_route=\/wp\/v2\/users\/2"}],"replies":[{"embeddable":true,"href":"https:\/\/arantv.az\/index.php?rest_route=%2Fwp%2Fv2%2Fcomments&post=106359"}],"version-history":[{"count":0,"href":"https:\/\/arantv.az\/index.php?rest_route=\/wp\/v2\/posts\/106359\/revisions"}],"wp:featuredmedia":[{"embeddable":true,"href":"https:\/\/arantv.az\/index.php?rest_route=\/wp\/v2\/media\/106360"}],"wp:attachment":[{"href":"https:\/\/arantv.az\/index.php?rest_route=%2Fwp%2Fv2%2Fmedia&parent=106359"}],"wp:term":[{"taxonomy":"category","embeddable":true,"href":"https:\/\/arantv.az\/index.php?rest_route=%2Fwp%2Fv2%2Fcategories&post=106359"},{"taxonomy":"post_tag","embeddable":true,"href":"https:\/\/arantv.az\/index.php?rest_route=%2Fwp%2Fv2%2Ftags&post=106359"}],"curies":[{"name":"wp","href":"https:\/\/api.w.org\/{rel}","templated":true}]}}