{"id":106382,"date":"2019-12-12T08:58:57","date_gmt":"2019-12-12T05:58:57","guid":{"rendered":"http:\/\/arantv.az\/?p=106382"},"modified":"2019-12-12T08:58:57","modified_gmt":"2019-12-12T05:58:57","slug":"milli-inkisaf-strategiyasinin-mu%c9%99llifi","status":"publish","type":"post","link":"https:\/\/arantv.az\/?p=106382","title":{"rendered":"Milli inki\u015faf strategiyas\u0131n\u0131n m\u00fc\u0259llifi"},"content":{"rendered":"<p><em>Ulu \u00f6nd\u0259r Heyd\u0259r \u018fliyevin d\u00fc\u015f\u00fcn\u00fclm\u00fc\u015f v\u0259 m\u0259qs\u0259dy\u00f6nl\u00fc siyas\u0259ti n\u0259tic\u0259sind\u0259 Az\u0259rbaycan d\u00fcnyaya G\u00fcn\u0259\u015f kimi do\u011fdu<\/em><\/p>\n<p><strong>XX \u0259srin sonu: Az\u0259rbaycan xalq\u0131n\u0131n h\u0259yat\u0131nda taley\u00fckl\u00fc d\u00f6vr<\/strong><\/p>\n<p>Tarixd\u0259 rolu olan \u015f\u0259xsiyy\u0259tl\u0259r haqq\u0131nda b\u0259hs etm\u0259k, onlar\u0131n g\u00f6rd\u00fcy\u00fc i\u015fl\u0259rin, d\u00f6vl\u0259t, xalq qar\u015f\u0131s\u0131nda xidm\u0259tl\u0259rinin \u00fcmumi m\u0259nz\u0259r\u0259sini yaratmaq daim ke\u00e7il\u0259n yolu bir z\u0259rur\u0259t kimi ortaya qoyur. Tarixd\u0259 ad\u0131 d\u00f6vl\u0259t\u00e7iliyin simvoluna \u00e7evril\u0259n v\u0259 onunla birg\u0259 \u00e7\u0259kil\u0259n \u00e7ox az sayda siyasi lider\u0259 rast g\u0259lm\u0259k olar. XX \u0259sr tarixind\u0259 fenomen \u015f\u0259xsiyy\u0259t Heyd\u0259r \u018fliyevin yaratd\u0131\u011f\u0131 milli d\u00f6vl\u0259t\u00e7ilik tarixin biz\u0259 b\u0259x\u015f etdiyi milli s\u0259rv\u0259tdir v\u0259 onun d\u0259y\u0259ri ill\u0259r ke\u00e7dikc\u0259 daha d\u0259rind\u0259n d\u0259rk olunur, m\u00fcxt\u0259lif ara\u015fd\u0131rmalar\u0131n, dissertasiya i\u015fl\u0259rinin m\u00f6vzusuna \u00e7evrilir, daha f\u0259rqli yana\u015fmalar \u0259sas\u0131nda kitablar\u0131n yaz\u0131lmas\u0131n\u0131 \u015f\u0259rtl\u0259ndirir. Bu, Heyd\u0259r \u018fliyev siyas\u0259tinin b\u00f6y\u00fckl\u00fcy\u00fcn\u00fcn, bu g\u00fcn\u00fcm\u00fcz\u0259 v\u0259 g\u0259l\u0259c\u0259y\u0259 hesablanmas\u0131n\u0131n ayd\u0131n ifad\u0259sidir. Tarixd\u0259 \u015f\u0259xsiyy\u0259tl\u0259rin rolunu daim x\u00fcsusi qeyd ed\u0259n Prezident \u0130lham \u018fliyev ulu \u00f6nd\u0259r Heyd\u0259r \u018fliyevin f\u0259aliyy\u0259tini buna bariz n\u00fcmun\u0259 kimi g\u00f6st\u0259rir: &#8220;B\u00fct\u00fcn d\u00f6vrl\u0259rd\u0259 &#8211; h\u0259m 1970-ci ill\u0259rd\u0259 v\u0259 1980-ci ill\u0259rin \u0259vv\u0259ll\u0259rind\u0259 Az\u0259rbaycan Kommunist Partiyas\u0131n\u0131n r\u0259hb\u0259ri oldu\u011fu d\u00f6vrd\u0259, h\u0259m d\u0259 m\u00fcst\u0259qil Az\u0259rbaycan\u0131n Prezidenti kimi Heyd\u0259r \u018fliyev \u00f6z f\u0259aliyy\u0259ti il\u0259 do\u011fma xalq\u0131na xidm\u0259t etmi\u015fdir.&#8221;<\/p>\n<p>Tarixi faktlar bu reall\u0131\u011f\u0131 da t\u0259sdiql\u0259yir ki, siyasi liderliyin mahiyy\u0259ti d\u00f6vl\u0259tinin, xalq\u0131n\u0131n milli maraqlar\u0131na cavab ver\u0259n inki\u015faf yolunu m\u00fc\u0259yy\u0259nl\u0259\u015fdirm\u0259k, \u00f6lk\u0259sin\u0259 u\u011fur g\u0259tir\u0259n, daim y\u00fcks\u0259kl\u0259ri f\u0259th etm\u0259sini \u015f\u0259rtl\u0259ndir\u0259n siyas\u0259ti t\u0259min etm\u0259kdir. T\u0259bii ki, bu u\u011furlara yol a\u00e7an ideyalard\u0131r. \u0130deyalar\u0131n ger\u00e7\u0259kl\u0259\u015fm\u0259si il\u0259 sanki m\u00f6c\u00fcz\u0259l\u0259r ba\u015f verir. Bu ideyalar \u00f6lk\u0259nin d\u00fcn\u0259ninin, bu g\u00fcn\u00fcn\u00fcn, g\u0259l\u0259c\u0259yinin \u0259sas\u0131 kimi d\u0259y\u0259rl\u0259ndirilir. &#8220;\u018fb\u0259diya\u015far lider&#8221; m\u0259fhumu da m\u0259hz bu kontekstd\u0259n yaran\u0131r. Nec\u0259 ki, m\u00fcasir m\u00fcst\u0259qil Az\u0259rbaycan d\u00f6vl\u0259tinin qurucusu, ulu \u00f6nd\u0259r Heyd\u0259r \u018fliyev bel\u0259 xat\u0131rlan\u0131r. O, h\u0259yatdan gets\u0259 d\u0259 onun siyasi x\u0259tti siyasi idar\u0259\u00e7iliyin, milli quruculu\u011fun n\u0259z\u0259riyy\u0259sin\u0259, alternativi olmayan d\u00f6vl\u0259t\u00e7ilik f\u0259ls\u0259f\u0259sin\u0259 \u00e7evrilib.<\/p>\n<p>XX \u0259srin sonu Az\u0259rbaycan xalq\u0131n\u0131n h\u0259yat\u0131nda taley\u00fckl\u00fc bir d\u00f6vr kimi xarakteriz\u0259 olunur. H\u0259min d\u00f6vrd\u0259 ba\u015f ver\u0259n hadis\u0259l\u0259r ulu \u00f6nd\u0259r Heyd\u0259r \u018fliyevin hakimiyy\u0259t\u0259 qay\u0131d\u0131\u015f\u0131n\u0131 \u015f\u0259rtl\u0259ndirdi.<\/p>\n<p>Az\u0259rbaycan xalq\u0131 m\u00fcst\u0259qilliyimizin ilk ill\u0259rind\u0259 b\u00f6y\u00fck faci\u0259l\u0259rl\u0259, \u00e7\u0259tinlikl\u0259rl\u0259 \u00fcz-\u00fcz\u0259 qalsa da, 1993-c\u00fc ild\u0259 ulu \u00f6nd\u0259r Heyd\u0259r \u018fliyevin xalq\u0131n t\u0259kidli t\u0259l\u0259bi il\u0259 hakimiyy\u0259t\u0259 qay\u0131d\u0131\u015f\u0131 v\u0259 davaml\u0131 u\u011furlara yol a\u00e7\u0131lmas\u0131 bu g\u00fcn harada ya\u015famas\u0131ndan as\u0131l\u0131 olmayaraq h\u0259r bir Az\u0259rbaycan v\u0259t\u0259nda\u015f\u0131 t\u0259r\u0259find\u0259n b\u00f6y\u00fck q\u00fcrur hissi il\u0259 xat\u0131rlan\u0131r, g\u0259l\u0259c\u0259yimizin daha parlaq, i\u015f\u0131ql\u0131 olaca\u011f\u0131na b\u00f6y\u00fck \u0259minlik yarad\u0131r. \u00c7\u00fcnki bu yol h\u0259r g\u00fcn\u00fc Az\u0259rbaycan\u0131n tarixin\u0259 m\u00fch\u00fcm u\u011fur s\u0259hif\u0259si kimi yaz\u0131r. M\u0259hz bunun n\u0259tic\u0259sidir ki, \u00f6lk\u0259mizin 28 ild\u0259 100 il\u0259 b\u0259rab\u0259r inki\u015faf yolu ke\u00e7diyi beyn\u0259lxalq s\u0259viyy\u0259d\u0259 d\u0259 etiraf olunur v\u0259 y\u00fcks\u0259k d\u0259y\u0259rl\u0259ndirilir.<\/p>\n<p><strong>Az\u0259rbaycan sabitlik m\u0259kan\u0131na \u00e7evrildi<\/strong><\/p>\n<p>M\u00fcst\u0259qilliyimizin ilk ill\u0259ri Az\u0259rbaycan tarixin\u0259 t\u0259lat\u00fcml\u00fc bir d\u00f6vr kimi daxil olub. 1991-ci il oktyabr\u0131n 18-d\u0259 Az\u0259rbaycan\u0131n d\u00f6vl\u0259t m\u00fcst\u0259qilliyini yenid\u0259n b\u0259rpa etm\u0259sind\u0259n sonra ilk ill\u0259rd\u0259 \u00f6lk\u0259y\u0259 r\u0259hb\u0259rlik ed\u0259nl\u0259rin s\u0259ri\u015ft\u0259sizliyi, idar\u0259\u00e7ilik qabiliyy\u0259tinin yoxlu\u011fu Az\u0259rbaycan\u0131 &#8220;olum, ya \u00f6l\u00fcm&#8221; dilemmas\u0131 qar\u015f\u0131s\u0131nda qoymu\u015fdu. Xalq m\u00fcst\u0259qilliyin sevincini ya\u015famaq imkan\u0131nda deyildi. Xaos, anarxiya, \u00f6zba\u015f\u0131nal\u0131q, iqtisadi b\u00f6hran ba\u015f al\u0131b gedirdi. Dig\u0259r t\u0259r\u0259fd\u0259n is\u0259 Az\u0259rbaycan Silahl\u0131 Q\u00fcvv\u0259l\u0259rinin torpaqlar\u0131m\u0131z\u0131n deyil, ayr\u0131-ayr\u0131 q\u00fcvv\u0259l\u0259rin maraqlar\u0131n\u0131n m\u00fcdafi\u0259sin\u0259 xidm\u0259t etm\u0259si \u0259razil\u0259rimizin i\u015f\u011fal\u0131na s\u0259b\u0259b olmu\u015fdu. Bel\u0259 \u00e7\u0259tin m\u0259qamda xalq \u00fcz\u00fcn\u00fc ulu \u00f6nd\u0259r Heyd\u0259r \u018fliyev\u0259 tutmaqla bug\u00fcnk\u00fc u\u011furlar\u0131m\u0131z\u0131, m\u00fcst\u0259qil Az\u0259rbaycan\u0131n bir d\u00f6vl\u0259t olaraq varl\u0131\u011f\u0131n\u0131n t\u0259sdiqini t\u0259min etdi.<\/p>\n<p>16 ild\u0259 ulu \u00f6nd\u0259r Heyd\u0259r \u018fliyevin siyasi kursunu b\u00fct\u00fcn sah\u0259l\u0259rd\u0259 u\u011furla davam etdir\u0259n Prezident \u0130lham \u018fliyev &#8220;Bizim art\u0131q g\u00fccl\u00fc d\u00f6vl\u0259timiz vard\u0131r- m\u00fcst\u0259qil Az\u0259rbaycan d\u00f6vl\u0259ti. Bizim d\u0259qiq konsepsiyam\u0131z, inki\u015faf proqram\u0131m\u0131z vard\u0131r. Bu proqram\u0131n realla\u015fmas\u0131 n\u0259tic\u0259sind\u0259 Az\u0259rbaycan inki\u015faf etmi\u015f \u00f6lk\u0259l\u0259rin s\u0131ras\u0131na daxil edil\u0259c\u0259kdir. \u018fg\u0259r g\u0259l\u0259c\u0259kl\u0259 ba\u011fl\u0131 fikirl\u0259rimizi bir c\u00fcml\u0259 il\u0259 ifad\u0259 ets\u0259k dem\u0259liyik: Biz inki\u015faf etmi\u015f \u00f6lk\u0259y\u0259 \u00e7evrilm\u0259liyik! \u0130nki\u015faf etmi\u015f \u00f6lk\u0259l\u0259rin meyarlar\u0131 vard\u0131r. Bunlar\u0131 bilirik v\u0259 biz h\u0259r bir istiqam\u0259t \u00fczr\u0259 o meyarlara \u00e7atmal\u0131y\u0131q-h\u0259m siyasi, iqtisadi islahatlar, sosial siyas\u0259t v\u0259 dig\u0259r istiqam\u0259tl\u0259rd\u0259&#8221; fikirl\u0259ri il\u0259 ulu \u00f6nd\u0259r Heyd\u0259r \u018fliyevin d\u00fc\u015f\u00fcn\u00fclm\u00fc\u015f v\u0259 m\u0259qs\u0259dy\u00f6nl\u00fc siyas\u0259tinin bu g\u00fcn\u00fcm\u00fcz \u00fc\u00e7\u00fcn m\u00f6hk\u0259m t\u0259m\u0259l yaratd\u0131\u011f\u0131n\u0131 \u0259sasl\u0131 \u015f\u0259kild\u0259 diqq\u0259t\u0259 \u00e7atd\u0131r\u0131r.<\/p>\n<p>Az\u0259rbaycan\u0131n m\u00fcst\u0259qil d\u00f6vl\u0259t quruculu\u011funa aparan yolu, \u0259slind\u0259, 1969-cu ild\u0259n-m\u0259hz Onun birinci d\u0259f\u0259 hakimiyy\u0259t\u0259 g\u0259li\u015find\u0259n sonra ba\u015flay\u0131b. Ulu \u00f6nd\u0259r Heyd\u0259r \u018fliyev 1969-82-ci ill\u0259rd\u0259 g\u00f6r\u00fcl\u0259n i\u015fl\u0259ri bel\u0259 xarakteriz\u0259 edirdi: &#8220;O d\u00f6vrl\u0259rd\u0259 yaranm\u0131\u015f iqtisadi potensial da bizim b\u00f6y\u00fck s\u0259rv\u0259timizdir. Bu s\u0259rv\u0259t d\u0259 Az\u0259rbaycan\u0131n tam s\u0259rb\u0259st, he\u00e7 bir d\u00f6vl\u0259td\u0259n as\u0131l\u0131 olmayaraq ya\u015famas\u0131na imkan verir. G\u00fcman edir\u0259m ki, biz m\u00fcst\u0259qilliyimizi tam b\u0259rq\u0259rar etdikd\u0259n v\u0259 qar\u015f\u0131da duran v\u0259zif\u0259l\u0259ri h\u0259yata ke\u00e7irdikd\u0259n sonra \u00f6lk\u0259mizin bu iqtisadi potensial\u0131n\u0131n b\u0259hr\u0259l\u0259rini Az\u0259rbaycan\u0131n h\u0259r bir v\u0259t\u0259nda\u015f\u0131 g\u00f6r\u0259c\u0259k v\u0259 bunun say\u0259sind\u0259 \u015f\u0259n, firavan ya\u015fayacaqd\u0131r.&#8221;<\/p>\n<p>1993-c\u00fc il 15 iyunun tarix\u0259 Milli Qurtulu\u015f G\u00fcn\u00fc kimi daxil olmas\u0131 Az\u0259rbaycan\u0131n m\u00fcst\u0259qilliyimizin ilk ill\u0259rind\u0259 ya\u015fad\u0131qlar\u0131na i\u015f\u0131q sal\u0131r. Prezident \u0130lham \u018fliyev daim \u00e7\u0131x\u0131\u015flar\u0131nda bu \u00e7a\u011f\u0131r\u0131\u015f\u0131 edir ki, indiki v\u0259 g\u0259l\u0259c\u0259k n\u0259sill\u0259r\u0259 Az\u0259rbaycan\u0131n m\u00fcst\u0259qillik yolunun he\u00e7 d\u0259 hamar olmad\u0131\u011f\u0131n\u0131 \u0259sasl\u0131 \u015f\u0259kild\u0259 \u00e7atd\u0131rmal\u0131y\u0131q.<\/p>\n<p>Ulu \u00f6nd\u0259r Heyd\u0259r \u018fliyevin Az\u0259rbaycan d\u00f6vl\u0259ti, xalq\u0131 qar\u015f\u0131s\u0131ndak\u0131 xidm\u0259tl\u0259rind\u0259n b\u0259hs ed\u0259rk\u0259n ilk olaraq g\u00f6z \u00f6n\u00fcn\u0259 Onun xilaskarl\u0131q missiyas\u0131 g\u0259lir. B\u00f6y\u00fck q\u0259tiyy\u0259ti, siyasi irad\u0259si il\u0259 xilaskarl\u0131q missiyas\u0131n\u0131 yerin\u0259 yetir\u0259n \u00dcmummilli Lider yeni, m\u00fcasir Az\u0259rbaycan\u0131 qurdu. O, &#8220;M\u0259nim \u00fc\u00e7\u00fcn h\u0259r \u015feyd\u0259n \u0259ziz m\u0259nim xalq\u0131md\u0131r, m\u0259nim V\u0259t\u0259nimdir, m\u0259nim torpa\u011f\u0131md\u0131r&#8221; fikirl\u0259ri il\u0259 xalq\u0131na, d\u00f6vl\u0259tin\u0259 ba\u011fl\u0131l\u0131\u011f\u0131n\u0131 ifad\u0259 etm\u0259kl\u0259 yana\u015f\u0131, Az\u0259rbaycan\u0131n bir d\u00f6vl\u0259t olaraq d\u00fcnyada tan\u0131nmas\u0131n\u0131, yeri v\u0259 rolunun m\u00f6hk\u0259ml\u0259nm\u0259sini, \u0259n \u0259sas\u0131 sabitlik diyar\u0131, iqtisadi m\u00f6c\u00fcz\u0259l\u0259r \u00f6lk\u0259si kimi tan\u0131tmaq ist\u0259yini yegan\u0259 h\u0259yat amal\u0131na \u00e7evirdiyini diqq\u0259t\u0259 \u00e7atd\u0131rd\u0131. Dahi \u015f\u0259xsiyy\u0259t bildirmi\u015fdir: &#8220;M\u00fcst\u0259qilliyin \u0259ld\u0259 olunmas\u0131 n\u0259 q\u0259d\u0259r \u00e7\u0259tindirs\u0259, onun saxlan\u0131lmas\u0131, daimi, \u0259b\u0259di olmas\u0131 bundan da \u00e7\u0259tindir.&#8221; D\u00fc\u015f\u00fcn\u00fclm\u00fc\u015f v\u0259 m\u0259qs\u0259dy\u00f6nl\u00fc siyas\u0259ti n\u0259tic\u0259sind\u0259 \u00f6lk\u0259d\u0259 daxili sabitliyi t\u0259min ed\u0259n ulu \u00f6nd\u0259r Heyd\u0259r \u018fliyev m\u00fcst\u0259qillik yolunda ilk add\u0131mlar\u0131n\u0131 atan d\u00f6vl\u0259tin qar\u015f\u0131s\u0131nda dayanan v\u0259zif\u0259l\u0259ri b\u0259yan etdi. Sabitlik b\u00fct\u00fcn inki\u015faf\u0131n \u0259sas\u0131 kimi d\u0259y\u0259rl\u0259ndirildi. Bu \u00e7a\u011f\u0131r\u0131\u015f x\u00fcsusi qeyd olundu ki, \u0259g\u0259r respublikada ictimai-siyasi sabitlik olmasa, sa\u011flam ictimai-siyasi m\u00fchit olmasa he\u00e7 bir sosial-iqtisadi proqramdan, yaxud probleml\u0259rin h\u0259ll edilm\u0259sind\u0259n s\u00f6hb\u0259t ged\u0259 bilm\u0259z. Bu m\u00fch\u00fcm m\u0259qam\u0131 da x\u00fcsusi qeyd etm\u0259k laz\u0131md\u0131r ki, \u00dcmummilli Liderin g\u0259rgin f\u0259aliyy\u0259ti n\u0259tic\u0259sind\u0259 p\u0259rd\u0259arxas\u0131 oyunlara, siyasi anarxiyaya son qoyuldu, \u00f6lk\u0259d\u0259 cinay\u0259tkarl\u0131\u011f\u0131n qar\u015f\u0131s\u0131 tam al\u0131nd\u0131, b\u00fct\u00fcn qanunsuz silahl\u0131 d\u0259st\u0259l\u0259r l\u0259\u011fv olundu. Az\u0259rbaycan d\u00f6vl\u0259t\u00e7iliyinin m\u00f6vcudlu\u011funa b\u00f6y\u00fck t\u0259hl\u00fck\u0259 olan 1994-c\u00fc il oktyabr v\u0259 1995-ci il mart d\u00f6vl\u0259t \u00e7evrili\u015fi c\u0259hdl\u0259rinin qar\u015f\u0131s\u0131 ulu \u00f6nd\u0259r Heyd\u0259r \u018fliyevin q\u0259tiyy\u0259ti say\u0259sind\u0259 al\u0131naraq d\u00f6vl\u0259t m\u00fcst\u0259qilliyimizin qorunub saxlan\u0131lmas\u0131 t\u0259min edildi. Bunlar is\u0259 \u00f6z n\u00f6vb\u0259sind\u0259 \u00f6lk\u0259mizd\u0259 m\u00fcst\u0259qil d\u00f6vl\u0259t t\u0259sisatlar\u0131n\u0131n yaranmas\u0131n\u0131, bunun da \u0259sas\u0131nda ilk Konstitusiyan\u0131n q\u0259bulunu \u015f\u0259rtl\u0259ndirdi. 1995-ci il 12 noyabrda ulu \u00f6nd\u0259r Heyd\u0259r \u018fliyevin r\u0259hb\u0259rliyi il\u0259 i\u015fl\u0259nib haz\u0131rlanan v\u0259 \u00fcmumxalq s\u0259sverm\u0259si yolu il\u0259 q\u0259bul edil\u0259n Konstitusiyam\u0131zdan sonrak\u0131 d\u00f6vr d\u00f6vl\u0259t\u00e7iliyin m\u00f6hk\u0259ml\u0259nm\u0259si, demokratik prinsipl\u0259rin b\u0259rq\u0259rar olmas\u0131, demokratik, h\u00fcquqi, d\u00fcny\u0259vi d\u00f6vl\u0259t quruculu\u011fu prosesinin u\u011furla, s\u00fcr\u0259tl\u0259 h\u0259yata ke\u00e7irilm\u0259si d\u00f6vr\u00fc kimi xarakteriz\u0259 olunur. \u00dcmummilli Lider bildirmi\u015fdir ki, demokratik c\u0259miyy\u0259tin varl\u0131\u011f\u0131n\u0131 t\u0259sdiql\u0259y\u0259n insan h\u00fcquq v\u0259 azadl\u0131qlar\u0131n\u0131n qorunmas\u0131, azad m\u0259tbuat\u0131n formala\u015fmas\u0131, \u00e7oxpartiyal\u0131 sistemin yarad\u0131lmas\u0131, se\u00e7kil\u0259rin demokratik, beyn\u0259lxalq standartlara uy\u011fun ke\u00e7irilm\u0259si v\u0259 sair kimi b\u00fct\u00fcn atributlar \u00f6lk\u0259mizd\u0259 b\u0259rq\u0259rar edilm\u0259lidir.<\/p>\n<p>Az\u0259rbaycan\u0131n bu g\u00fcn demokratiya t\u0259cr\u00fcb\u0259sinin dig\u0259r \u00f6lk\u0259l\u0259r\u0259 n\u00fcmun\u0259 g\u00f6st\u0259rilm\u0259si d\u0259 dahi \u015f\u0259xsiyy\u0259t Heyd\u0259r \u018fliyevin Az\u0259rbaycan\u0131n g\u0259l\u0259c\u0259k inki\u015faf yolunun parametrl\u0259rini m\u00fc\u0259yy\u0259nl\u0259\u015fdir\u0259rk\u0259n demokratik prinsipl\u0259ri \u00f6nd\u0259 saxlamas\u0131ndan ir\u0259li g\u0259lir: &#8220;M\u00fcst\u0259qil Az\u0259rbaycanda h\u00fcquqi, demokratik d\u00f6vl\u0259t qurulmal\u0131d\u0131r, Az\u0259rbaycan d\u00f6vl\u0259ti demokratik prinsipl\u0259r \u0259sas\u0131nda f\u0259aliyy\u0259t g\u00f6st\u0259rm\u0259lidir v\u0259 tarixi \u0259n\u0259n\u0259l\u0259rind\u0259n, milli \u0259n\u0259n\u0259l\u0259rd\u0259n b\u0259hr\u0259l\u0259n\u0259r\u0259k, d\u00fcnya demokratiyas\u0131ndan, \u00fcmumb\u0259\u015f\u0259ri d\u0259y\u0259rl\u0259rd\u0259n s\u0259m\u0259r\u0259li istifad\u0259 ed\u0259r\u0259k demokratik d\u00f6vl\u0259t quruculu\u011fu yolu il\u0259 getm\u0259lidir.&#8221; M\u0259lumdur ki, Az\u0259rbaycan\u0131n demokratiya yolu he\u00e7 d\u0259 hamar olmam\u0131\u015fd\u0131r. \u00d6lk\u0259mizin m\u00fcst\u0259qilliyini, u\u011furlar\u0131n\u0131 g\u00f6z\u00fc g\u00f6t\u00fcrm\u0259y\u0259n daxili v\u0259 xarici q\u00fcvv\u0259l\u0259r h\u0259r v\u0259chl\u0259 Az\u0259rbaycan\u0131n demokratik inki\u015faf\u0131na, bu yolda inaml\u0131 add\u0131mlar\u0131na mane olma\u011fa s\u0259y g\u00f6st\u0259rirdil\u0259r. Bu g\u00fcn \u0259laq\u0259l\u0259rimizin y\u00fcks\u0259k s\u0259viyy\u0259d\u0259 oldu\u011fu Avropa \u015euras\u0131na q\u0259bul zaman\u0131 \u00f6lk\u0259mizin hans\u0131 \u00e7\u0259tinlikl\u0259 \u00fcz-\u00fcz\u0259 qald\u0131\u011f\u0131 m\u0259lum olaylardand\u0131r. Lakin Heyd\u0259r \u018fliyev q\u0259tiyy\u0259ti v\u0259 s\u0259yi b\u00fct\u00fcn bu mane\u0259l\u0259ri d\u0259f etdi, Az\u0259rbaycan demokratik d\u00f6vl\u0259t quruculu\u011fu yolunu s\u00f6zd\u0259 deyil, \u0259m\u0259ld\u0259 s\u00fcbut ed\u0259r\u0259k, d\u00fcnyan\u0131n \u0259n n\u00fcfuzlu t\u0259\u015fkilat\u0131 olan Avropa \u015euras\u0131na tamh\u00fcquqlu \u00fczv q\u0259bul olundu. Dahi \u015f\u0259xsiyy\u0259t Heyd\u0259r \u018fliyev bildirmi\u015fdir ki, Avropa \u015euras\u0131 Az\u0259rbaycana n\u0259 q\u0259d\u0259r g\u0259r\u0259kdirs\u0259, Az\u0259rbaycan da Avropa \u015euras\u0131 \u00fc\u00e7\u00fcn bir o q\u0259d\u0259r \u00f6n\u0259mlidir.<\/p>\n<p><strong>\u0130qtisadiyyat\u0131 g\u00fccl\u00fc olan d\u00f6vl\u0259t h\u0259r \u015fey\u0259 qadirdir<\/strong><\/p>\n<p>Ulu \u00f6nd\u0259r Heyd\u0259r \u018fliyevin g\u0259rgin s\u0259yl\u0259ri n\u0259tic\u0259sind\u0259 1994-c\u00fc il may\u0131n 12-d\u0259 c\u0259bh\u0259 x\u0259ttind\u0259 at\u0259\u015fk\u0259s sazi\u015finin imzalanmas\u0131 Az\u0259rbaycanda daxili sabitliyin t\u0259min olunmas\u0131nda, dig\u0259r sah\u0259l\u0259rd\u0259 \u0259h\u0259miyy\u0259tli add\u0131mlar\u0131n at\u0131lmas\u0131nda m\u00fch\u00fcm rol oynad\u0131. M\u0259hz h\u0259min il sentyabr\u0131n 20-d\u0259 tarix\u0259 &#8220;\u018fsrin m\u00fcqavil\u0259si&#8221; kimi daxil olan neft sazi\u015fi imzaland\u0131. Bu m\u00fch\u00fcm add\u0131m Az\u0259rbaycan\u0131n d\u00fcnya iqtisadi sistemin\u0259 inteqrasiyas\u0131n\u0131 s\u00fcr\u0259tl\u0259ndirm\u0259kl\u0259 yana\u015f\u0131, xalq\u0131m\u0131z\u0131n uzun ill\u0259rd\u0259n b\u0259ri \u00fcr\u0259yind\u0259 g\u0259zdirdiyi bu ist\u0259yinin reall\u0131\u011fa \u00e7evrilm\u0259si oldu. Daim \u00f6z t\u0259bii s\u0259rv\u0259tl\u0259rinin \u0259sl sahibi olmaq ist\u0259y\u0259n Az\u0259rbaycan xalq\u0131 ulu \u00f6nd\u0259r Heyd\u0259r \u018fliyevin m\u00fc\u0259llifi oldu\u011fu neft strategiyas\u0131n\u0131n u\u011furlar\u0131n\u0131 g\u00f6rd\u00fckc\u0259 bundan daha da ruhlan\u0131r, g\u0259l\u0259c\u0259y\u0259 b\u00f6y\u00fck inamla add\u0131mlay\u0131rd\u0131. \u00c7oxlar\u0131na \u0259fsan\u0259 kimi g\u00f6r\u00fcn\u0259n BTC v\u0259 BT\u018f neft-qaz layih\u0259l\u0259rinin 2006 v\u0259 2007-ci ill\u0259rd\u0259 reall\u0131\u011fa \u00e7evrilm\u0259si, bunun ard\u0131nca d\u00fcnyan\u0131n enerji t\u0259hl\u00fck\u0259sizliyinin t\u0259minat\u0131nda Az\u0259rbaycan\u0131n rolunu art\u0131ran C\u0259nub Qaz D\u0259hlizinin r\u0259smi a\u00e7\u0131l\u0131\u015f\u0131, 2017-ci ild\u0259 &#8220;Yeni \u0259srin m\u00fcqavil\u0259si&#8221;nin imzalanmas\u0131, h\u0259m\u00e7inin C\u0259nub qaz D\u0259hlizinin \u0259sas t\u0259rkib hiss\u0259l\u0259rind\u0259n olan TANAP-\u0131n istifad\u0259y\u0259 verilm\u0259si v\u0259 sair kimi biri-birind\u0259n m\u00fch\u00fcm hadis\u0259l\u0259r &#8220;\u018fsrin m\u00fcqavil\u0259si&#8221;nin \u00f6lk\u0259miz\u0259 b\u00f6y\u00fck u\u011furlar qazand\u0131rd\u0131\u011f\u0131n\u0131 bir daha d\u00fcnyaya b\u0259yan edir. D\u00f6vl\u0259timizin ba\u015f\u00e7\u0131s\u0131 \u0130lham \u018fliyev 2006-c\u0131 ild\u0259 Az\u0259rbaycan neftinin Ceyhan terminal\u0131na \u00e7atmas\u0131 m\u00fcnasib\u0259til\u0259 xalqa t\u0259brikind\u0259 b\u00fct\u00fcn bu m\u00fch\u00fcm m\u0259qam\u0131 x\u00fcsusi qeyd etmi\u015fdir ki, &#8220;\u018fsrin m\u00fcqavil\u0259si&#8221; imzalanmasayd\u0131, bu g\u00fcn Az\u0259rbaycan\u0131n iqtisadi imkanlar\u0131n\u0131n, beyn\u0259lxalq m\u00fcnasib\u0259tl\u0259r sistemind\u0259 yeri v\u0259 rolunu t\u0259s\u0259vv\u00fcr etm\u0259k \u00e7\u0259tin deyildi. T\u0259bii ki, BTC neft k\u0259m\u0259ri olmasayd\u0131, BT\u018f qaz k\u0259m\u0259rind\u0259n, bunlar olmasayd\u0131 C\u0259nub Qaz D\u0259hlizind\u0259n dan\u0131\u015fmaq qeyri-m\u00fcmk\u00fcn idi. C\u0259nab \u0130lham \u018fliyev C\u0259nub Qaz D\u0259hlizini g\u00f6r\u00fcl\u0259n i\u015fl\u0259rin zirv\u0259si kimi d\u0259y\u0259rl\u0259ndirir.<\/p>\n<p>T\u0259bii ehtiyatlar\u0131n xalqa m\u0259xsuslu\u011funu s\u00f6zd\u0259 deyil, \u0259m\u0259ld\u0259 g\u00f6st\u0259rilm\u0259sinin t\u0259r\u0259fdar\u0131 olan \u00fcmummilli lider Heyd\u0259r \u018fliyev 1999-cu ilin dekabr\u0131nda D\u00f6vl\u0259t Neft Fondunu yaratmaqla \u0259ld\u0259 olunan neft g\u0259lirl\u0259rinin \u015f\u0259ffaf v\u0259 \u0259dal\u0259tli b\u00f6l\u00fcnm\u0259sini t\u0259min etdi. D\u00f6vl\u0259t siyas\u0259tinin prioritetl\u0259rini m\u00fc\u0259yy\u0259nl\u0259\u015fdir\u0259n D\u00f6vl\u0259t Neft Fondu \u015f\u0259ffafl\u0131q kriteriyalar\u0131na g\u00f6r\u0259 n\u00fcmun\u0259vi qurum kimi d\u0259y\u0259rl\u0259ndirilir. Fondun v\u0259saitl\u0259rinin d\u00fczg\u00fcn istiqam\u0259tl\u0259ndirilm\u0259si v\u0259 \u015f\u0259ffafl\u0131\u011f\u0131n t\u0259minat\u0131 \u0259h\u0259miyy\u0259tli sosial-iqtisadi layih\u0259l\u0259rin h\u0259yata ke\u00e7irilm\u0259sini s\u00fcr\u0259tl\u0259ndirir.<\/p>\n<p>Bu g\u00fcn b\u00f6y\u00fck inamla qeyd edirik ki, neft siyas\u0259tinin m\u0259ntiqi davam\u0131 kimi d\u0259y\u0259rl\u0259ndiril\u0259n iqtisadiyyat\u0131n \u015fax\u0259l\u0259ndirilm\u0259si siyas\u0259ti u\u011furla h\u0259yata ke\u00e7irilir. C\u0259nab \u0130lham \u018fliyev Prezident kimi f\u0259aliyy\u0259t\u0259 ba\u015flad\u0131\u011f\u0131 ilk g\u00fcnd\u0259n iqtisadi art\u0131m\u0131n qeyri-neft sektorunun hesab\u0131na olmas\u0131n\u0131 qar\u015f\u0131ya m\u00fch\u00fcm v\u0259zif\u0259 kimi qoydu. Regionlar\u0131n malik oldu\u011fu potensial imkanlardan maksimum istifad\u0259 etm\u0259k \u00fc\u00e7\u00fcn D\u00f6vl\u0259t proqramlar\u0131 t\u0259sdiql\u0259ndi v\u0259 u\u011furla icra edilir. Bu g\u00fcn \u00fcmumi daxili m\u0259hsulda \u00f6z\u0259l b\u00f6lm\u0259nin pay\u0131 85 faiz t\u0259\u015fkil edir. M\u00f6ht\u0259r\u0259m Prezidentimiz \u0130lham \u018fliyevin b\u00f6lg\u0259l\u0259r\u0259 h\u0259r s\u0259f\u0259ri yeni obyektl\u0259rin a\u00e7\u0131l\u0131\u015f\u0131 v\u0259 t\u0259m\u0259lqoyma m\u0259rasiml\u0259rinin ke\u00e7irilm\u0259si il\u0259 yadda qal\u0131r. Son 16 ild\u0259 2 milyondan art\u0131q yeni i\u015f yeri yarad\u0131l\u0131b ki, bunun b\u00f6y\u00fck qismi regionlar\u0131n pay\u0131na d\u00fc\u015f\u00fcr.<\/p>\n<p>Ulu \u00f6nd\u0259r Heyd\u0259r \u018fliyevin &#8220;Neft- Az\u0259rbaycan\u0131n \u0259n b\u00f6y\u00fck s\u0259rv\u0259ti olub, xalqa, \u00f6z\u00fc d\u0259 t\u0259kc\u0259 indiki n\u0259sl\u0259 deyil, h\u0259m d\u0259 g\u0259l\u0259c\u0259k n\u0259sill\u0259r\u0259 m\u0259nsubdur&#8221; \u00e7a\u011f\u0131r\u0131\u015f\u0131 b\u00fct\u00fcn d\u00f6vrl\u0259rd\u0259 \u00f6z aktuall\u0131\u011f\u0131n\u0131 qorumaqla yana\u015f\u0131, d\u00f6vl\u0259t siyas\u0259tinin \u0259sas\u0131n\u0131 t\u0259\u015fkil edir. Bu m\u00fch\u00fcm m\u0259qama s\u00f6yk\u0259n\u0259r\u0259k, \u0259halinin sosial m\u00fcdafi\u0259sinin prioritetliyi daim \u00f6n\u0259 \u00e7\u0259kilir, neft g\u0259lirl\u0259rinin \u0259dal\u0259t prinsipi \u0259sas\u0131nda b\u00f6l\u00fcnm\u0259si, istiqam\u0259tl\u0259ndirilm\u0259si m\u00fch\u00fcm u\u011furlara, \u0259n \u0259sas\u0131 Az\u0259rbaycan\u0131n \u00f6z\u00fcn\u00fc d\u00fcnyaya sosial d\u00f6vl\u0259t kimi t\u0259qdim etm\u0259sin\u0259 yol a\u00e7\u0131r. Bug\u00fcn\u00fcm\u00fcz\u00fcn statistikas\u0131na diqq\u0259t yetirm\u0259k kifay\u0259tdir. T\u0259kc\u0259 cari ilin arxada qalan aylar\u0131nda 4 milyondan art\u0131q insan\u0131 \u0259hat\u0259 ed\u0259n 2 sosial paket t\u0259sdiql\u0259nib. Minimum \u0259m\u0259khaqq\u0131, minimum pensiya iki d\u0259f\u0259 art\u0131r\u0131l\u0131b. D\u00f6vl\u0259timizn ba\u015f\u00e7\u0131s\u0131 \u0130lham \u018fliyev 2003-c\u00fc ild\u0259 ke\u00e7iril\u0259n andi\u00e7m\u0259 m\u0259rasimind\u0259 bildirmi\u015fdi ki, iqtisadi inki\u015fafa uygun olaraq \u0259m\u0259khaqq\u0131 ild\u0259 \u0259n az\u0131 iki d\u0259f\u0259 art\u0131r\u0131lmal\u0131d\u0131r. \u00d6t\u0259n 16 ild\u0259 h\u0259yata ke\u00e7iril\u0259n t\u0259kmil sosial-iqtisadi islahatlar Az\u0259rbaycan\u0131n \u0259n islahat\u00e7\u0131 \u00f6lk\u0259 kimi tan\u0131nmas\u0131n\u0131 \u015f\u0259rtl\u0259ndirib. \u00d6lk\u0259miz yeni sosial v\u0259 iqtisadi \u00e7a\u011f\u0131r\u0131\u015flar\u0131n m\u00fczakir\u0259si \u00fc\u00e7\u00fcn ideal m\u0259kan kimi q\u0259bul olunur.<\/p>\n<p><strong>Az\u0259rbaycan\u0131 t\u0259kc\u0259 z\u0259ngin t\u0259bii s\u0259rv\u0259tl\u0259r\u0259 malik \u00f6lk\u0259 kimi yox, z\u0259ngin tarixi, m\u0259d\u0259niyy\u0259ti olan \u00f6lk\u0259 kimi tan\u0131tmal\u0131y\u0131q<\/strong><\/p>\n<p>Ulu \u00f6nd\u0259r Heyd\u0259r \u018fliyev, eyni zamanda, bu \u00e7a\u011f\u0131r\u0131\u015f\u0131 etmi\u015fdir ki, Az\u0259rbaycan\u0131 t\u0259kc\u0259 m\u00fcst\u0259qil bir d\u00f6vl\u0259t, z\u0259ngin t\u0259bii s\u0259rv\u0259tl\u0259r\u0259 malik \u00f6lk\u0259 kimi yox, z\u0259ngin tarixi, m\u0259d\u0259niyy\u0259ti olan \u00f6lk\u0259 kimi tan\u0131tmal\u0131y\u0131q.&#8221; M\u00fcst\u0259qillik yollar\u0131nda yenic\u0259 add\u0131mlar\u0131n\u0131 atan h\u0259r bir d\u00f6vl\u0259tin \u00f6z\u00fcn\u00fc t\u0259sdiql\u0259m\u0259sind\u0259, varl\u0131\u011f\u0131 bar\u0259d\u0259 ayd\u0131n t\u0259s\u0259vv\u00fcr yaratmas\u0131nda vacib \u015f\u0259rtl\u0259rd\u0259n biri xarici siyas\u0259tini d\u00fczg\u00fcn qurmas\u0131 \u00f6n\u0259 \u00e7\u0259kilirdi. Heyd\u0259r \u018fliyevin d\u00fc\u015f\u00fcn\u00fclm\u00fc\u015f v\u0259 m\u0259qs\u0259dy\u00f6nl\u00fc siyas\u0259ti n\u0259tic\u0259sind\u0259 ist\u0259r ikit\u0259r\u0259fli, ist\u0259rs\u0259 d\u0259 beyn\u0259lxalq t\u0259\u015fkilatlar \u00e7\u0259r\u00e7iv\u0259sind\u0259 m\u00fcnasib\u0259tl\u0259rin y\u00fcks\u0259k s\u0259viyy\u0259d\u0259 qurulmas\u0131, \u0259n \u0259sas\u0131 bir d\u00f6vl\u0259tin xaricd\u0259 varl\u0131\u011f\u0131 kimi d\u0259y\u0259rl\u0259ndiril\u0259n diaspor quruculu\u011funa x\u00fcsusi diqq\u0259t g\u00f6st\u0259rilm\u0259si Az\u0259rbaycan h\u0259qiq\u0259tl\u0259rinin, tarixinin d\u00fcnya ictimaiyy\u0259tin\u0259 \u00e7atd\u0131r\u0131lmas\u0131nda \u0259h\u0259miyy\u0259tli rol oynad\u0131. Dahi \u015f\u0259xsiyy\u0259t harada ya\u015famas\u0131ndan as\u0131l\u0131 olmayaraq b\u00fct\u00fcn az\u0259rbaycanl\u0131lar\u0131 bir amal-az\u0259rbaycan\u00e7\u0131l\u0131q ideyas\u0131 \u0259traf\u0131nda s\u0131x birl\u0259\u015fm\u0259y\u0259 \u00e7a\u011f\u0131r\u0131rd\u0131. \u00d6nc\u0259 ayr\u0131-ayr\u0131 d\u00f6vl\u0259tl\u0259rd\u0259 Az\u0259rbaycan c\u0259miyy\u0259tl\u0259ri, m\u0259rk\u0259zl\u0259ri yarad\u0131ld\u0131. Sonra onlar\u0131n vahid m\u0259rk\u0259zd\u0259n idar\u0259 olunmas\u0131n\u0131 t\u0259min etm\u0259k \u00fc\u00e7\u00fcn 2001-ci il noyabr\u0131n 9-10-da D\u00fcnya az\u0259rbaycanl\u0131lar\u0131n\u0131n I qurultay\u0131 ke\u00e7irildi. Bu g\u00fcn d\u00fcnyan\u0131n m\u00fcxt\u0259lif \u00f6lk\u0259l\u0259rind\u0259 ya\u015fayan az\u0259rbaycanl\u0131lar\u0131n m\u00fcst\u0259qil Az\u0259rbaycan\u0131 \u00f6z V\u0259t\u0259ni saymas\u0131, onu milli ruhun, milli-m\u0259n\u0259vi d\u0259y\u0259rl\u0259rin, milli m\u0259d\u0259niyy\u0259tin m\u0259b\u0259di kimi q\u0259bul etm\u0259si v\u0259 az\u0259rbaycan\u00e7\u0131l\u0131q ideyas\u0131 \u0259traf\u0131nda birl\u0259\u015fm\u0259si m\u0259hz \u00fcmummilli lider Heyd\u0259r \u018fliyevin s\u0259yl\u0259rinin n\u0259tic\u0259sidir. O, d\u00fcnya az\u0259rbaycanl\u0131lar\u0131n\u0131n t\u0259\u015fkilatlanmas\u0131 v\u0259 onlar\u0131n bir V\u0259t\u0259n &#8211; m\u00fcst\u0259qil Az\u0259rbaycan \u0259traf\u0131nda s\u0131x birl\u0259\u015fm\u0259si \u00fc\u00e7\u00fcn daim v\u0259 \u0259zml\u0259 s\u0259y g\u00f6st\u0259rmi\u015f, bu istiqam\u0259td\u0259 biri-birind\u0259n \u0259h\u0259miyy\u0259tli q\u0259rarlar q\u0259bul etmi\u015fdir. Bu fakt inkaredilm\u0259zdir ki, m\u00fcst\u0259qilliyimizin ilk ill\u0259rind\u0259 Az\u0259rbaycan haqq\u0131nda m\u0259lumats\u0131zl\u0131q bir s\u0131ra probleml\u0259rin yaranmas\u0131na, erm\u0259ni yalanlar\u0131n\u0131n ayaq tutub yerim\u0259sin\u0259 s\u0259b\u0259b olmu\u015fdu. Ulu \u00f6nd\u0259r Heyd\u0259r \u018fliyevin xalq\u0131n t\u0259kidli t\u0259l\u0259bi il\u0259 hakimiyy\u0259t\u0259 qay\u0131d\u0131\u015f\u0131ndan sonra f\u0259aliyy\u0259tinin \u0259sas istiqam\u0259tl\u0259rind\u0259n biri m\u0259hz \u00f6lk\u0259mizin \u0259traf\u0131nda yarad\u0131lan informasiya blokadas\u0131n\u0131n yar\u0131lmas\u0131 oldu v\u0259 u\u011furlu siyas\u0259ti il\u0259 bu ist\u0259yini ger\u00e7\u0259kl\u0259\u015fdirdi. M\u0259hz \u00dcmummilli Liderin q\u0259tiyy\u0259tli add\u0131mlar\u0131 say\u0259sind\u0259 diplomatiyam\u0131z\u0131n f\u0259al m\u00f6vqeyi formala\u015fd\u0131, xarici siyas\u0259timizin \u0259sas m\u0259s\u0259l\u0259si olan Erm\u0259nistan-Az\u0259rbaycan Da\u011fl\u0131q Qaraba\u011f m\u00fcnaqi\u015f\u0259sin\u0259 d\u00fcnya ictimaiyy\u0259tinin m\u00fcnasib\u0259ti d\u0259yi\u015fdi, \u00f6lk\u0259mizin suverenliyi, \u0259razi b\u00fct\u00f6vl\u00fcy\u00fc v\u0259 s\u0259rh\u0259dl\u0259rinin toxunulmazl\u0131\u011f\u0131 b\u00fct\u00fcn beyn\u0259lxalq h\u00fcququn normativ s\u0259n\u0259dl\u0259rind\u0259 \u00f6z \u0259ksini tapd\u0131. \u00dcmummilli Liderin xarici \u00f6lk\u0259l\u0259r\u0259 s\u0259f\u0259rl\u0259ri zaman\u0131 orada ya\u015fayan az\u0259rbaycanl\u0131larla g\u00f6r\u00fc\u015fm\u0259y\u0259 s\u0259y g\u00f6st\u0259rm\u0259si, onlar\u0131n probleml\u0259ri il\u0259 yax\u0131ndan tan\u0131\u015f olmas\u0131, respublikam\u0131zla \u0259laq\u0259l\u0259rini daha da m\u00f6hk\u0259ml\u0259ndirm\u0259l\u0259ri \u00fc\u00e7\u00fcn t\u00f6vsiy\u0259l\u0259rini verm\u0259si diaspor quruculu\u011fu istiqam\u0259tind\u0259 at\u0131lan add\u0131mlardan idi.<\/p>\n<p>D\u00fcnya az\u0259rbaycanl\u0131lar\u0131n\u0131n qurultaylar\u0131n\u0131n \u0259n\u0259n\u0259vi olaraq ke\u00e7irilm\u0259si u\u011furlar\u0131m\u0131z\u0131n, Az\u0259rbaycan diasporunun g\u00f6rd\u00fcy\u00fc i\u015fl\u0259rin t\u0259qdimat\u0131 kimi d\u0259y\u0259rl\u0259ndirilir. M\u00f6ht\u0259r\u0259m Prezidentimiz \u0130lham \u018fliyev b\u00f6y\u00fck inam v\u0259 q\u0259tiyy\u0259tl\u0259 bildirir ki, g\u00fccl\u00fc, q\u00fcdr\u0259tli Az\u0259rbaycan b\u00fct\u00fcn d\u00fcnya az\u0259rbaycanl\u0131lar\u0131n\u0131n q\u00fcrur m\u0259nb\u0259yidir. Haz\u0131rda \u00f6lk\u0259mizin sabitlik diyar\u0131, iqtisadi m\u00f6c\u00fcz\u0259l\u0259r \u00f6lk\u0259si kimi tan\u0131nmas\u0131, m\u00fcxt\u0259lif m\u0259d\u0259niyy\u0259tl\u0259rin, sivilizasiyalar\u0131n qovu\u015fdu\u011fu m\u0259kanda yerl\u0259\u015f\u0259n \u00f6lk\u0259 olaraq beyn\u0259lxalq t\u0259dbirl\u0259r\u0259 ev sahibliyi etm\u0259si, \u0259n \u0259sas\u0131 d\u00fcnya t\u0259r\u0259find\u0259n inki\u015faf\u0131n Az\u0259rbaycan modelind\u0259n b\u0259hs edil\u0259r\u0259k t\u0259qdir olunmas\u0131 t\u0259m\u0259li ulu \u00f6nd\u0259r Heyd\u0259r \u018fliyev t\u0259r\u0259find\u0259n qoyulan d\u00fczg\u00fcn siyas\u0259t\u0259 \u0259saslan\u0131r. Bu g\u00fcn Az\u0259rbaycan bayra\u011f\u0131n\u0131n d\u00fcnyan\u0131n \u0259n n\u00fcfuzlu t\u0259\u015fkilatlar\u0131n\u0131n qar\u015f\u0131s\u0131nda dal\u011falanmas\u0131, \u00f6lk\u0259mizin d\u00fcnyada ged\u0259n prosesl\u0259r\u0259 t\u0259sir imkanlar\u0131n\u0131n artmas\u0131 da deyil\u0259nl\u0259rin t\u0259sdiqidir. \u018fn \u0259sas\u0131 2011-ci ilin m\u00fch\u00fcm u\u011furlar\u0131ndan olan Az\u0259rbaycan\u0131n 193 \u00f6lk\u0259d\u0259n 155- nin d\u0259st\u0259yini qazanaraq BMT T\u0259hl\u00fck\u0259sizlik \u015euras\u0131na qeyri-daimi \u00fczv se\u00e7ilm\u0259si, 2019-cu ild\u0259 BMT Ba\u015f Assambleyas\u0131ndan sonra d\u00fcnya d\u00f6vl\u0259tl\u0259rinin t\u0259msil olundu\u011fu \u0259n b\u00f6y\u00fck siyasi t\u0259sisat olan, 120 \u00fczv\u00fc s\u0131ralar\u0131nda birl\u0259\u015fdir\u0259n Qo\u015fulmama H\u0259r\u0259kat\u0131n\u0131n XVIII Zirv\u0259 G\u00f6r\u00fc\u015f\u00fcn\u0259 ev sahibliyi etm\u0259si v\u0259 sonda q\u0259bul olunan s\u0259n\u0259dd\u0259 Az\u0259rbaycan\u0131n Da\u011fl\u0131q Qaraba\u011fla ba\u011fl\u0131 m\u00f6vqeyinin d\u0259st\u0259kl\u0259nm\u0259si m\u00fch\u00fcm diplomatik u\u011furlar\u0131m\u0131z s\u0131ras\u0131ndad\u0131r. H\u0259m\u00e7inin d\u00f6vl\u0259timizin ba\u015f\u00e7\u0131s\u0131 \u0130lham \u018fliyevin Rusiyan\u0131n So\u00e7i \u015f\u0259h\u0259rind\u0259 d\u00fcnyan\u0131n m\u0259\u015fhur &#8220;beyin m\u0259rk\u0259zl\u0259ri&#8221;nd\u0259n biri olan &#8220;Valday&#8221; Beyn\u0259lxalq Diskussiya Klubunun &#8220;\u015e\u0259rq \u015f\u0259f\u0259ql\u0259ri v\u0259 d\u00fcnya siyasi qurulu\u015fu&#8221; m\u00f6vzusunda XVI illik iclas\u0131nda, MDB D\u00f6vl\u0259t Ba\u015f\u00e7\u0131lar\u0131 \u015euras\u0131n\u0131n A\u015fqabad Sammitind\u0259 \u00e7\u0131x\u0131\u015f\u0131, &#8220;Qaraba\u011f Az\u0259rbaycand\u0131r v\u0259 nida i\u015far\u0259si&#8221; b\u0259yanat\u0131, h\u0259m\u00e7inin T\u00fcrkdilli D\u00f6vl\u0259tl\u0259rin \u018fm\u0259kda\u015fl\u0131q \u015euras\u0131n\u0131n VII Zirv\u0259 G\u00f6r\u00fc\u015f\u00fcn\u0259 ev sahibliyi Heyd\u0259r \u018fliyev ideyalar\u0131n\u0131n, Prezident \u0130lham \u018fliyevin u\u011furlu siyas\u0259tinin t\u0259nt\u0259n\u0259sidir. Az\u0259rbaycan haqq\u0131, \u0259dal\u0259ti m\u00fcdafi\u0259 ed\u0259n, b\u00fct\u00fcn m\u00fcnaqi\u015f\u0259li m\u0259s\u0259l\u0259l\u0259rin beyn\u0259lxalq h\u00fcququn norma v\u0259 prinsipl\u0259ri \u0259sas\u0131nda \u00e7\u00f6z\u00fclm\u0259sini ist\u0259y\u0259n \u00f6lk\u0259 olaraq d\u00fcnya birliyind\u0259 yeri v\u0259 rolunu art\u0131r\u0131r. D\u00f6vl\u0259t ba\u015f\u00e7\u0131s\u0131 \u0130lham \u018fliyevin qeyd etdiyi kimi, \u0259vv\u0259lki d\u00f6vrl\u0259rd\u0259 Az\u0259rbaycan haqq\u0131nda m\u0259lumat verm\u0259k, t\u0259qdimatlar etm\u0259k \u00fc\u00e7\u00fcn m\u00fcxt\u0259lif \u00f6lk\u0259l\u0259r\u0259 n\u00fcmay\u0259nd\u0259l\u0259r g\u00f6nd\u0259rilirdis\u0259, bu g\u00fcn respublikam\u0131z\u0131n beyn\u0259lxalq t\u0259dbirl\u0259rin ke\u00e7irilm\u0259si \u00fc\u00e7\u00fcn \u00f6n\u0259mli m\u0259kana \u00e7evrilm\u0259si h\u0259qiq\u0259tl\u0259rimizin t\u0259bli\u011fin\u0259 geni\u015f imkanlar yarad\u0131r. B\u00fct\u00fcn bunlar Heyd\u0259r \u018fliyev siyas\u0259tinin t\u0259nt\u0259n\u0259sidir.<\/p>\n<p>Ulu \u00f6nd\u0259r Heyd\u0259r \u018fliyevin Az\u0259rbaycan tarixinin, m\u0259d\u0259niyy\u0259tinin, milli-m\u0259n\u0259vi d\u0259y\u0259rl\u0259rinin qorunmas\u0131 v\u0259 inki\u015faf\u0131 istiqam\u0259tind\u0259 qoydu\u011fu m\u00f6hk\u0259m t\u0259m\u0259l son 16 ild\u0259 davaml\u0131 u\u011furlar\u0131 t\u0259min etdi. D\u00f6vl\u0259timizin ba\u015f\u00e7\u0131s\u0131 \u0130lham \u018fliyevin bu istiqam\u0259td\u0259 d\u0259 atd\u0131\u011f\u0131 add\u0131mlar\u0131n miqyas\u0131 o q\u0259d\u0259r geni\u015fdir ki, onlar\u0131 tam \u0259hat\u0259 etm\u0259k qeyri-m\u00fcmk\u00fcnd\u00fcr. H\u0259r ilin konkret bir sah\u0259nin ad\u0131 il\u0259 ba\u011flanmas\u0131 Az\u0259rbaycan\u0131n bu v\u0259 ya dig\u0259r istiqam\u0259tl\u0259rd\u0259 malik oldu\u011fu imkanlara, \u0259n \u0259sas\u0131 h\u0259min sah\u0259l\u0259rin inki\u015faf\u0131na yol a\u00e7\u0131r. 2016-c\u0131 il \u00f6lk\u0259mizd\u0259 &#8220;Multikulturalizm ili&#8221;, 2017-ci il &#8220;\u0130slam H\u0259mr\u0259yliyi ili&#8221;, 2018-ci il &#8220;Az\u0259rbaycan Xalq C\u00fcmhuriyy\u0259ti ili&#8221;, 2019-cu il &#8220;N\u0259simi ili&#8221; elan edilib. B\u00fct\u00fcn bunlar tariximiz\u0259, m\u0259d\u0259niyy\u0259timiz\u0259, milli-m\u0259n\u0259vi d\u0259y\u0259rl\u0259rimiz\u0259 ba\u011fl\u0131l\u0131\u011f\u0131m\u0131z\u0131 \u0259ks etdirir. 2019-cu ild\u0259 Az\u0259rbaycan\u0131n UNESKO-nun \u00dcmumd\u00fcnya \u0130rs Komit\u0259sinin 43-c\u00fc sessiyas\u0131na ev sahibliyi etm\u0259si b\u00fct\u00fcn bu add\u0131mlar\u0131n, g\u00f6r\u00fcl\u0259n i\u015fl\u0259rin \u00fcmumil\u0259\u015fdirilmi\u015f ifad\u0259sidir.<\/p>\n<p><strong>S\u00fclh v\u0259 inki\u015faf Az\u0259rbaycan d\u00f6vl\u0259tinin strategiyas\u0131n\u0131n t\u0259m\u0259lini t\u0259\u015fkil edir<\/strong><\/p>\n<p>Xarici siyas\u0259tind\u0259 beyn\u0259lxalq h\u00fcququn norma v\u0259 prinsipl\u0259rin\u0259 x\u00fcsusi \u00f6n\u0259m ver\u0259n, h\u0259r bir m\u0259s\u0259l\u0259nin \u0259dal\u0259t prinsipi \u0259sas\u0131nda \u00e7\u00f6z\u00fclm\u0259sind\u0259 maraql\u0131 olan Az\u0259rbaycan d\u00f6vl\u0259ti daim d\u00fcnyaya bu \u00e7a\u011f\u0131r\u0131\u015f\u0131 edir ki, ikili standartlara son qoyulsun, beyn\u0259lxalq h\u00fcquq normalar\u0131n\u0131n icras\u0131 \u00fc\u00e7\u00fcn vahid mexanizm m\u00fc\u0259yy\u0259nl\u0259\u015fdirilsin, Da\u011fl\u0131q Qaraba\u011f m\u00fcnaqi\u015f\u0259sinin \u0259dal\u0259tli h\u0259lli t\u0259min edilsin.<\/p>\n<p>Problemin h\u0259lli \u00fc\u00e7\u00fcn m\u00f6hk\u0259m h\u00fcquqi baza m\u00f6vcuddur. BMT T\u0259hl\u00fck\u0259sizlik \u015euras\u0131n\u0131n 4 q\u0259tnam\u0259sind\u0259 Az\u0259rbaycan\u0131n \u0259razi b\u00fct\u00f6vl\u00fcy\u00fc d\u0259st\u0259kl\u0259nir, erm\u0259ni i\u015f\u011fal\u00e7\u0131lar\u0131n\u0131n \u0259razil\u0259rimizd\u0259n qeyd-\u015f\u0259rtsiz \u00e7\u0131xar\u0131lmas\u0131 \u00f6z \u0259ksini tap\u0131b. Eyni zamanda, dig\u0259r beyn\u0259lxalq qurumlar\u0131n, d\u00f6vl\u0259tl\u0259rin q\u0259rar v\u0259 q\u0259tnam\u0259l\u0259rind\u0259 d\u0259 Az\u0259rbaycan\u0131n m\u00f6vqeyi d\u0259st\u0259kl\u0259nir. \u018fvv\u0259ld\u0259 t\u0259kc\u0259 cari ilin \u00f6t\u0259n d\u00f6vr\u00fcnd\u0259 Az\u0259rbaycan d\u00f6vl\u0259tinin xarici siyas\u0259t u\u011furlar\u0131n\u0131 qeyd etdik.<\/p>\n<p>R\u0259smi Bak\u0131 b\u0259yanatlar\u0131nda bu fikri d\u0259 s\u0259sl\u0259ndirir ki, problemin s\u00fclh yolu il\u0259 h\u0259lli imkanlar\u0131 t\u00fck\u0259n\u0259rs\u0259, h\u0259rb variant\u0131 istisna edilmir. Az\u0259rbaycan\u0131n tam haqq\u0131 var ki, i\u015f\u011fal alt\u0131nda olan topaqlar\u0131n\u0131 ist\u0259nil\u0259n yolla azad etsin. Ulu \u00f6nd\u0259r Heyd\u0259r \u018fliyev bildirmi\u015fdir ki, s\u00fclh dan\u0131\u015f\u0131qlar\u0131n\u0131 c\u0259sar\u0259tl\u0259 apara bilm\u0259k \u00fc\u00e7\u00fcn g\u00fccl\u00fc orduya malik olmaq laz\u0131md\u0131r.<\/p>\n<p>Bu kimi b\u0259yanatlar, \u0259n \u0259sas\u0131 1994-c\u00fc il may\u0131n 12-d\u0259 c\u0259bh\u0259 x\u0259ttind\u0259 at\u0259\u015fk\u0259s sazi\u015finin imzalanmas\u0131 Az\u0259rbaycan\u0131n s\u00fclh siyas\u0259tin\u0259 sadiqliyini, h\u0259m\u00e7inin b\u00fct\u00fcn m\u00fcnaqi\u015f\u0259li m\u0259s\u0259l\u0259l\u0259rin beyn\u0259lxalq h\u00fcququn norma v\u0259 prinsipl\u0259ri \u0259sas\u0131nda \u00e7\u00f6z\u00fclm\u0259sinin t\u0259r\u0259fdar\u0131 oldu\u011funu n\u00fcmayi\u015f etdirir. Amma qar\u015f\u0131 t\u0259r\u0259f, i\u015f\u011fal\u00e7\u0131 Erm\u0259nistan qeyri-konstruktiv m\u00f6vqeyind\u0259n \u0259l \u00e7\u0259km\u0259zs\u0259, problemin h\u0259rb yolu il\u0259 h\u0259lli \u015f\u0259ksizdir. Az\u0259rbaycan Ordusunun g\u00fcc\u00fc, q\u00fcdr\u0259ti bu fikri b\u00f6y\u00fck inamla s\u00f6yl\u0259m\u0259y\u0259 \u0259sas verir. Aprel d\u00f6y\u00fc\u015fl\u0259ri, Nax\u00e7\u0131van q\u0259l\u0259b\u0259l\u0259ri ordumuzun g\u00fcc\u00fcn\u00fc v\u0259 q\u00fcdr\u0259tini d\u00fcnyaya n\u00fcmayi\u015f etdirdi.<\/p>\n<p>Az\u0259rbaycan m\u00fcharib\u0259 \u015f\u0259raitind\u0259 olsa da b\u00fct\u00fcn sah\u0259l\u0259rd\u0259 b\u00f6y\u00fck u\u011furlar\u0131 il\u0259 diqq\u0259td\u0259dir. \u0130\u015f\u011fal\u00e7\u0131 Erm\u0259nistan Az\u0259rbaycanla he\u00e7 bir sah\u0259d\u0259 r\u0259qab\u0259t aparmaq imkan\u0131nda deyil. T\u0259kc\u0259 bu fakt\u0131 qeyd etm\u0259k kifay\u0259tdir ki, Az\u0259rbaycan\u0131n h\u0259rbi b\u00fcdc\u0259si Erm\u0259nistan\u0131n \u00fcmumi b\u00fcdc\u0259si q\u0259d\u0259rdir. Xalq\u0131m\u0131z tam \u0259mindir ki, d\u00f6vl\u0259timizin q\u0259tiyy\u0259tli m\u00f6vqeyi, xalq\u0131n irad\u0259si, beyn\u0259lxalq d\u0259st\u0259yin artmas\u0131 fonunda Da\u011fl\u0131q Qaraba\u011f problemi \u00f6z \u0259dal\u0259tli h\u0259llini tapacaq, soyda\u015flar\u0131m\u0131z \u00f6z do\u011fma yurd-yuvalar\u0131na qay\u0131dacaqlar.<\/p>\n<p><strong>YAP tarixin s\u0131naqlar\u0131ndan \u015f\u0259r\u0259fl\u0259 \u00e7\u0131xaraq milyonlar\u0131n partiyas\u0131 kimi n\u00fcfuz qazan\u0131b<\/strong><\/p>\n<p>Ulu \u00f6nd\u0259r Heyd\u0259r \u018fliyevin xalq\u0131m\u0131z qar\u015f\u0131s\u0131ndak\u0131 xidm\u0259tl\u0259rind\u0259n geni\u015f b\u0259hs ed\u0259rk\u0259n bu g\u00fcn milyonlar\u0131n sevgisini qazanan Yeni Az\u0259rbaycan Partiyas\u0131n\u0131n yarad\u0131lmas\u0131n\u0131 x\u00fcsusi qeyd etm\u0259liyik. 1992-ci il noyabr\u0131n 21-d\u0259 t\u0259sis konfrans\u0131n\u0131 550 n\u00fcmay\u0259nd\u0259nin i\u015ftirak\u0131 il\u0259 ke\u00e7ir\u0259n Yeni Az\u0259rbaycan Partiyas\u0131n\u0131n s\u0131ralar\u0131nda haz\u0131rda 750 min\u0259 yax\u0131n \u00fczv birl\u0259\u015fib. Partiyan\u0131n h\u0259r bir \u00fczv\u00fc Heyd\u0259r \u018fliyev ideyalar\u0131n\u0131n, onun siyasi kursunu u\u011furla davam etdir\u0259n Prezident \u0130lham \u018fliyevin h\u0259yata ke\u00e7irdiyi siyas\u0259tin t\u0259bli\u011fat\u00e7\u0131s\u0131d\u0131r. Ulu \u00f6nd\u0259r Heyd\u0259r \u018fliyevin &#8220;Yeni Az\u0259rbaycan Partiyas\u0131 d\u00fcn\u0259nin, bu g\u00fcn\u00fcn v\u0259 g\u0259l\u0259c\u0259yin partiyas\u0131d\u0131r&#8221; tezisi b\u00fct\u00fcn d\u00f6vrl\u0259rd\u0259 partiyan\u0131n yoluna i\u015f\u0131q sal\u0131r, onun h\u0259d\u0259fl\u0259rini a\u00e7\u0131qlay\u0131r. D\u00f6vl\u0259timizin ba\u015f\u00e7\u0131s\u0131 \u0130lham \u018fliyevin ger\u00e7\u0259klikl\u0259r\u0259 \u0259saslanaraq s\u00f6yl\u0259diyi &#8220;Bu g\u00fcn Az\u0259rbaycanda bizim partiyam\u0131za r\u0259qib ola bil\u0259c\u0259k h\u0259r hans\u0131 bir siyasi q\u00fcvv\u0259 m\u00f6vcud deyil. Yeni Az\u0259rbaycan Partiyas\u0131, s\u00f6z\u00fcn \u0259sl m\u0259nas\u0131nda, \u00fcmumxalq partiyas\u0131na \u00e7evrilibdir. C\u0259miyy\u0259timizin b\u00fct\u00fcn t\u0259b\u0259q\u0259l\u0259ri partiyam\u0131zda birl\u0259\u015fib. Buna baxmayaraq, biz h\u0259mi\u015f\u0259 qaba\u011fa baxmal\u0131y\u0131q v\u0259 \u0259ld\u0259 edilmi\u015f u\u011furlarla kifay\u0259tl\u0259nm\u0259m\u0259liyik. U\u011furlar\u0131m\u0131z\u0131n s\u0259b\u0259bl\u0259rind\u0259n biri d\u0259 m\u0259hz ondan ibar\u0259tdir ki, \u0259ld\u0259 edilmi\u015f u\u011furlar biz\u0259 \u0259lav\u0259 stimul verir&#8221; fikirl\u0259ri Yeni Az\u0259rbaycan Partiyas\u0131n\u0131n ke\u00e7diyi \u015f\u0259r\u0259fli yolun ayd\u0131n m\u0259nz\u0259r\u0259sini yarad\u0131r. Yaranandan c\u0259mi 6 ay sonra iqtidar partiyas\u0131na \u00e7evril\u0259n YAP d\u00f6vl\u0259t\u0259, xalqa xidm\u0259t missiyas\u0131n\u0131 Az\u0259rbaycan\u0131n davaml\u0131 inki\u015faf\u0131na, \u0259halinin sosial m\u00fcdafi\u0259sinin daha da yax\u015f\u0131la\u015fd\u0131r\u0131lmas\u0131na verdiyi t\u00f6hf\u0259l\u0259ri il\u0259 n\u00fcmayi\u015f etdirir.<\/p>\n<p>Az\u0259rbaycan\u0131n h\u0259r u\u011furunda \u00f6z pay\u0131 olan Yeni Az\u0259rbaycan Partiyas\u0131n\u0131n \u00f6lk\u0259d\u0259 ke\u00e7iril\u0259n b\u00fct\u00fcn se\u00e7ki prosesl\u0259rind\u0259n u\u011furla \u00e7\u0131xmas\u0131 da m\u00f6hk\u0259m t\u0259m\u0259l\u0259 \u0259saslanan siyas\u0259t\u0259, xalq-iqtidar birliyinin m\u00f6hk\u0259mliyin\u0259 \u0259saslan\u0131r. Tarix\u0259 q\u0131sa n\u0259z\u0259r salsaq, Yeni Az\u0259rbaycan Partiyas\u0131n\u0131n 1998, 2003, 2008, 2013 v\u0259 2018-ci il prezident, 1995, 2000, 2005, 2010, 2015-ci il parlament, 1999, 2004, 2009, 2014-cu il b\u0259l\u0259diyy\u0259 se\u00e7kil\u0259rind\u0259 u\u011fur qazanmas\u0131n\u0131 \u015f\u0259rtl\u0259ndir\u0259n d\u0259 m\u0259hz bu amill\u0259rdir. Bununla yana\u015f\u0131, partiyan\u0131n Konstitusiyam\u0131za \u0259lav\u0259 v\u0259 d\u0259yi\u015fiklikl\u0259rin edilm\u0259si m\u0259qs\u0259dil\u0259 bu g\u00fcn\u0259d\u0259k \u00fc\u00e7 d\u0259f\u0259 \u00fcmumxalq s\u0259sverm\u0259sinin ke\u00e7irilm\u0259si il\u0259 ba\u011fl\u0131 ir\u0259li s\u00fcrd\u00fcy\u00fc t\u0259\u015f\u0259bb\u00fcsl\u0259r d\u0259 xalq\u0131m\u0131z t\u0259r\u0259find\u0259n d\u0259st\u0259kl\u0259nmi\u015fdir. &#8220;Ona g\u00f6r\u0259 iqtidar partiyas\u0131y\u0131q ki, bizim siyas\u0259timiz xalq siyas\u0259tidir. Dey\u0259 bil\u0259r\u0259m ki, biz \u00fcmumxalq partiyas\u0131y\u0131q. \u00c7\u00fcnki Az\u0259rbaycan\u0131n qar\u015f\u0131s\u0131nda duran b\u00fct\u00fcn m\u0259s\u0259l\u0259l\u0259rd\u0259 biz f\u0259al i\u015ftirak edirik. Biz \u00f6z \u0259m\u0259yimizl\u0259 bu siyas\u0259ti apar\u0131r\u0131q&#8221; s\u00f6yl\u0259y\u0259n m\u00f6ht\u0259r\u0259m Prezidentimiz \u0130lham \u018fliyev bildirir ki, \u0259m\u0259limiz, i\u015fl\u0259rimiz, veril\u0259n s\u00f6zl\u0259r\u0259 sadiqliyimiz Yeni Az\u0259rbaycan Partiyas\u0131n\u0131n n\u00fcfuzunu art\u0131r\u0131r, Az\u0259rbaycan\u0131n siyasi s\u0259hn\u0259sind\u0259 yegan\u0259 ciddi siyasi q\u00fcvv\u0259y\u0259 \u00e7evirir.<\/p>\n<p>Noyabr\u0131n 28-d\u0259 Yeni Az\u0259rbaycan Partiyas\u0131 Siyasi \u015euras\u0131n\u0131n parlamentd\u0259 t\u0259msil olunan partiya \u00fczvl\u0259rin\u0259 parlamentin burax\u0131lmas\u0131 t\u0259\u015f\u0259bb\u00fcs\u00fcn\u00fc ir\u0259li s\u00fcrm\u0259sini t\u00f6vsiy\u0259 etm\u0259si, bu t\u00f6vsiy\u0259y\u0259 uy\u011fun olaraq Milli M\u0259clisin dekabr\u0131n 2-d\u0259 ke\u00e7iril\u0259n plenar iclas\u0131nda d\u00f6vl\u0259timizin ba\u015f\u00e7\u0131s\u0131 \u0130lham \u018fliyev\u0259 m\u00fcraci\u0259t, h\u0259m\u00e7inin \u00f6lk\u0259 Prezidentinin parlamentin m\u00fcraci\u0259tind\u0259 g\u00f6st\u0259rilmi\u015f m\u0259s\u0259l\u0259nin Konstitusiyaya uy\u011funlu\u011fu il\u0259 ba\u011fl\u0131 Konstitusiya M\u0259hk\u0259m\u0259sin\u0259 sor\u011fu g\u00f6nd\u0259rm\u0259si, dekabr\u0131n 4-d\u0259 Konstitusiya M\u0259hk\u0259m\u0259sinin Milli M\u0259clisin burax\u0131lmas\u0131n\u0131n Konstitusiyaya uy\u011fun olmas\u0131 bar\u0259d\u0259 q\u0259rar\u0131, d\u00f6vl\u0259timizin ba\u015f\u00e7\u0131s\u0131 \u0130lham \u018fliyevin 5 dekabr 2019-cu il tarixli &#8220;Az\u0259rbaycan Respublikas\u0131n\u0131n be\u015finci \u00e7a\u011f\u0131r\u0131\u015f Milli M\u0259clisinin burax\u0131lmas\u0131 v\u0259 Az\u0259rbaycan Respublikas\u0131n\u0131n Milli M\u0259clisin\u0259 n\u00f6vb\u0259d\u0259nk\u0259nar se\u00e7kil\u0259rin t\u0259yin edilm\u0259si haqq\u0131nda&#8221; S\u0259r\u0259ncam\u0131 da Yeni Az\u0259rbaycan Partiyas\u0131n\u0131n davaml\u0131 inki\u015fafa, t\u0259kmill\u0259\u015fm\u0259y\u0259 verdiyi t\u00f6hf\u0259l\u0259rinin miqyas\u0131n\u0131 geni\u015fl\u0259ndirm\u0259k ist\u0259yind\u0259n ir\u0259li g\u0259lir. Xalq\u0131m\u0131z tam \u0259mindir ki, ulu \u00f6nd\u0259r Heyd\u0259r \u018fliyevin siyasi kursunu b\u00fct\u00fcn istiqam\u0259tl\u0259rd\u0259 davam etdir\u0259n, t\u0259kmil islahatlar\u0131n m\u00fc\u0259llifi kimi tan\u0131nan \u00f6lk\u0259 Prezidenti, Yeni Az\u0259rbaycan Partiyas\u0131n\u0131n S\u0259dri \u0130lham \u018fliyevin g\u00f6rd\u00fcy\u00fc i\u015fl\u0259rin n\u0259tic\u0259sind\u0259 23 dekabr b\u0259l\u0259diyy\u0259 se\u00e7kil\u0259ri, eyni zamanda, g\u0259l\u0259n il fevral\u0131n 9-da ke\u00e7iril\u0259c\u0259k n\u00f6vb\u0259d\u0259nk\u0259nar parlament se\u00e7kil\u0259ri Az\u0259rbaycan\u0131n, partiyan\u0131n tarixin\u0259 n\u00f6vb\u0259ti u\u011fur, q\u0259l\u0259b\u0259l\u0259r s\u0259hif\u0259sini yazacaq.<\/p>\n<p><strong>Heyd\u0259r \u018fliyev yolu davaml\u0131 u\u011furlar\u0131n \u0259sas\u0131d\u0131r<\/strong><\/p>\n<p>2003-c\u00fc ild\u0259n ba\u015flanan B\u00f6y\u00fck yolun davam\u0131 Az\u0259rbaycana daha m\u00f6ht\u0259\u015f\u0259m u\u011furlar qazand\u0131r\u0131b. Dayan\u0131ql\u0131 inki\u015faf\u0131n t\u0259min edilm\u0259si \u00fc\u00e7\u00fcn ciddi islahatlar\u0131n apar\u0131lmas\u0131 \u0259sas h\u0259d\u0259fl\u0259rd\u0259n biri kimi qar\u015f\u0131ya qoyuldu: &#8220;\u0130slahatlara alternativ yoxdur&#8230; Kadr islahatlar\u0131 lab\u00fcdd\u00fcr, bu, qa\u00e7\u0131lmazd\u0131r. \u00c7\u00fcnki m\u0259n bunu demi\u015f\u0259m, biz XXI \u0259srd\u0259 k\u00f6hn\u0259 t\u0259f\u0259kk\u00fcrl\u0259 u\u011furlara imza ata bilm\u0259rik. \u018flb\u0259tt\u0259, yeni, savadl\u0131, bilikli, m\u00fcasir kadrlar, ilk n\u00f6vb\u0259d\u0259, V\u0259t\u0259n\u0259 ba\u011fl\u0131 olmal\u0131d\u0131rlar, h\u0259r hans\u0131 bir xarici t\u0259sird\u0259n azad olmal\u0131d\u0131rlar v\u0259 v\u0259t\u0259np\u0259rv\u0259r olmal\u0131d\u0131rlar ki, V\u0259t\u0259nin inki\u015faf\u0131 \u00fc\u00e7\u00fcn \u00f6z s\u0259yl\u0259rini g\u00f6st\u0259r\u0259 bilsinl\u0259r.&#8221; U\u011furlara yol a\u00e7an d\u00fc\u015f\u00fcn\u00fclm\u00fc\u015f v\u0259 m\u0259qs\u0259dy\u00f6nl\u00fc siyas\u0259t, ayr\u0131-ayr\u0131 sah\u0259l\u0259ri \u0259hat\u0259 ed\u0259n D\u00f6vl\u0259t proqramlar\u0131, \u0259n\u0259n\u0259y\u0259 uy\u011fun olaraq h\u0259r ilin bir sah\u0259nin ad\u0131 il\u0259 ba\u011flanmas\u0131 v\u0259 bu istiqam\u0259td\u0259 t\u0259kmil islahatlar\u0131n h\u0259yata ke\u00e7irilm\u0259si Az\u0259rbaycan\u0131n beyn\u0259lxalq maliyy\u0259 qurumlar\u0131n\u0131n, reytinq agentlikl\u0259rinin hesabatlar\u0131nda da liderliyini qorumas\u0131n\u0131 \u015f\u0259rtl\u0259ndirir. \u0130nki\u015faf modeli d\u00fcnyaya n\u00fcmun\u0259 g\u00f6st\u0259ril\u0259n Az\u0259rbaycana bu g\u00fcn hans\u0131 t\u0259r\u0259fd\u0259n baxsaq t\u0259kmill\u0259\u015fm\u0259ni, yenil\u0259\u015fm\u0259ni g\u00f6r\u0259rik.<\/p>\n<p>\u0130dar\u0259etm\u0259 sistemind\u0259 t\u0259kmill\u0259\u015fm\u0259, kadr haz\u0131rl\u0131\u011f\u0131, d\u00f6vl\u0259timizin g\u0259ncl\u0259\u015fm\u0259 siyas\u0259ti yeni-yeni h\u0259d\u0259fl\u0259rin ger\u00e7\u0259kl\u0259\u015fm\u0259sini t\u0259min edir. Az\u0259rbaycan\u0131 inki\u015faf etmi\u015f \u00f6lk\u0259l\u0259r s\u0131ras\u0131nda g\u00f6rm\u0259k ist\u0259yimiz reall\u0131qd\u0131r. 2016-c\u0131 ild\u0259 ke\u00e7iril\u0259n \u00fcmumxalq s\u0259sverm\u0259sin\u0259 \u00e7\u0131xar\u0131lan m\u0259s\u0259l\u0259l\u0259r s\u0131ras\u0131nda Prezidentlik m\u00fcdd\u0259tinin 7 il\u0259 q\u0259d\u0259r art\u0131r\u0131lmas\u0131, eyni zamanda, vitse-prezidentlik institutunun yarad\u0131lmas\u0131 \u00f6lk\u0259 ictimaiyy\u0259ti t\u0259r\u0259find\u0259n b\u00f6y\u00fck r\u0259\u011fb\u0259tl\u0259 qar\u015f\u0131land\u0131. 2017-ci ild\u0259 d\u00f6vl\u0259timizin ba\u015f\u00e7\u0131s\u0131 \u0130lham \u018fliyevin S\u0259r\u0259ncam\u0131 il\u0259 Heyd\u0259r \u018fliyev Fondunun prezidenti, UNESKO-nun v\u0259 \u0130SESKO-nun xo\u015fm\u0259raml\u0131 s\u0259firi Mehriban xan\u0131m \u018fliyevan\u0131n Az\u0259rbaycan\u0131n Birinci vitse-prezidenti t\u0259yin edilm\u0259si davaml\u0131 inki\u015fafa b\u00f6y\u00fck d\u0259st\u0259k kimi d\u0259y\u0259rl\u0259ndirildi. \u00d6t\u0259n iki ild\u0259n art\u0131q d\u00f6vr \u0259rzind\u0259 Mehriban xan\u0131m \u018fliyevan\u0131n Az\u0259rbaycan\u0131n Birinci vitse-prezidenti kimi g\u00f6rd\u00fcy\u00fc i\u015fl\u0259r\u0259 diqq\u0259t yetirs\u0259k, miqyas\u0131n\u0131n n\u0259 q\u0259d\u0259r b\u00f6y\u00fck oldu\u011funu g\u00f6r\u0259rik. D\u00f6vl\u0259t\u00e7iliyimizin m\u00f6hk\u0259ml\u0259ndirilm\u0259si, h\u0259rt\u0259r\u0259fli inki\u015faf\u0131n t\u0259min edilm\u0259si, \u0259halinin sosial m\u00fcdafi\u0259sinin g\u00fccl\u0259ndirilm\u0259si, Az\u0259rbaycan\u0131n m\u0259d\u0259niyy\u0259tinin, tarixinin, milli-m\u0259n\u0259vi d\u0259y\u0259rl\u0259rinin t\u0259bli\u011fi Birinci vitse-prezidentin f\u0259aliyy\u0259tinin \u0259sas\u0131n\u0131 t\u0259\u015fkil edir. Mehriban xan\u0131m \u018fliyevan\u0131n xarici siyas\u0259timizin \u0259sas istiqam\u0259ti olan ikit\u0259r\u0259fli \u0259m\u0259kda\u015fl\u0131q \u0259laq\u0259l\u0259rinin inki\u015faf\u0131na t\u00f6hf\u0259l\u0259ri d\u0259 b\u00f6y\u00fckd\u00fcr v\u0259 y\u00fcks\u0259k d\u0259y\u0259rl\u0259ndirilir. Az\u0259rbaycan\u0131n Birinci vitse-prezidentinin bu g\u00fcnl\u0259rd\u0259 Rusiyaya r\u0259smi s\u0259f\u0259ri, iki \u00f6lk\u0259 aras\u0131nda m\u00fcnasib\u0259tl\u0259rin inki\u015faf\u0131na verdiyi t\u00f6hf\u0259l\u0259r\u0259 g\u00f6r\u0259 Rusiya Prezidenti V.Putin t\u0259r\u0259find\u0259n &#8220;Dostluq&#8221; ordeni il\u0259 t\u0259ltif olunmas\u0131 Mehriban xan\u0131m \u018fliyevan\u0131n Az\u0259rbaycan\u0131n beyn\u0259lxalq al\u0259md\u0259 yeri v\u0259 rolunun artmas\u0131 istiqam\u0259tind\u0259 g\u00f6st\u0259rdiyi s\u0259yl\u0259rin t\u0259rkib hiss\u0259l\u0259rind\u0259ndir.<\/p>\n<p>Az\u0259rbaycan\u0131n Birinci vitse-prezidenti Mehriban xan\u0131m \u018fliyevan\u0131n bilavasit\u0259 Heyd\u0259r \u018fliyev irsinin t\u0259bli\u011fi missiyas\u0131n\u0131 yerin\u0259 yetir\u0259n Heyd\u0259r \u018fliyev Fondunun prezidenti kimi bu istiqam\u0259td\u0259 atd\u0131\u011f\u0131 add\u0131mlar t\u0259qdir\u0259layiqdir. &#8220;Az\u0259rbaycan\u0131n taleyi Heyd\u0259r \u018fliyevin taleyi il\u0259 \u0259b\u0259di olaraq ba\u011fland\u0131&#8221; s\u00f6yl\u0259y\u0259n Mehriban xan\u0131m \u018fliyeva, eyni zamanda, bildirir ki, Heyd\u0259r \u018fliyevin h\u0259yat\u0131 b\u00f6y\u00fck bir epoxan\u0131n aynas\u0131 kimi \u00f6lk\u0259mizin sevincli-k\u0259d\u0259rli g\u00fcnl\u0259rini v\u0259 anlar\u0131n\u0131, Az\u0259rbaycan\u0131n bu tarix yollar\u0131n\u0131 \u00f6z\u00fcnd\u0259 \u0259ks etdirir. Bel\u0259 insanlar tarixin m\u00fcr\u0259kk\u0259b anlar\u0131nda b\u00fct\u00fcn \u00e7\u0259tinlikl\u0259ri d\u0259f ed\u0259r\u0259k h\u0259mi\u015f\u0259 z\u0259f\u0259r \u00e7al\u0131r, qalib g\u0259lirl\u0259r. Heyd\u0259r \u018fliyev qalibiyy\u0259tinin n\u0259tic\u0259si m\u00fcasir m\u00fcst\u0259qil Az\u0259rbaycan Respublikas\u0131 v\u0259 onun bug\u00fcnk\u00fc nailiyy\u0259tl\u0259ridir.<\/p>\n<p>T\u0259bii ki, bir yaz\u0131da Heyd\u0259r \u018fliyev siyas\u0259tinin u\u011furlar\u0131n\u0131 \u0259hat\u0259 etm\u0259k m\u00fcmk\u00fcn deyil. M\u00f6ht\u0259r\u0259m Prezidentimiz \u0130lham \u018fliyevin fikirl\u0259rin\u0259 istinad ets\u0259k, u\u011furlar\u0131m\u0131z\u0131n \u00fcmumil\u0259\u015fdirilmi\u015f ifad\u0259sini yaradar\u0131q: &#8220;Bu g\u00fcn Heyd\u0259r \u018fliyev siyas\u0259ti b\u00fct\u00f6vl\u00fckd\u0259 b\u00fct\u00fcn sah\u0259l\u0259rd\u0259 davam etdirilir. 2003-c\u00fc ild\u0259 Az\u0259rbaycan xalq\u0131 m\u0259n\u0259 b\u00f6y\u00fck etimad g\u00f6st\u0259r\u0259r\u0259k Prezident v\u0259zif\u0259sin\u0259 se\u00e7diyi g\u00fcnd\u0259n bu g\u00fcn\u0259 q\u0259d\u0259r bu siyas\u0259t\u0259 sadiq\u0259m. M\u0259n 2003-c\u00fc ild\u0259 bu bar\u0259d\u0259 s\u00f6z\u00fcm\u00fc demi\u015f\u0259m. M\u0259n bu siyas\u0259t\u0259 sadiq qalaca\u011fam v\u0259 2003-c\u00fc ild\u0259n bu g\u00fcn\u0259 q\u0259d\u0259r Az\u0259rbaycanda ged\u0259n u\u011furlu inki\u015faf Heyd\u0259r \u018fliyev siyas\u0259tinin t\u0259nt\u0259n\u0259sidir, m\u00fcst\u0259qil Az\u0259rbaycan\u0131n t\u0259nt\u0259n\u0259sidir.&#8221;<\/p>\n<p><strong><em>Siyavu\u015f Novruzov,<\/em><\/strong><br \/>\n<strong><em>YAP \u0130cra katibinin m\u00fcavini, Milli M\u0259clisin \u0130ctimai birlikl\u0259r v\u0259 dini qurumlarla i\u015f komit\u0259sinin s\u0259dri<\/em><\/strong><\/p>\n<p><a href=\"https:\/\/az.trend.az\/\" target=\"_blank\" rel=\"noopener\"><strong>Trend<\/strong><\/a><\/p>\n","protected":false},"excerpt":{"rendered":"<p>Ulu \u00f6nd\u0259r Heyd\u0259r \u018fliyevin d\u00fc\u015f\u00fcn\u00fclm\u00fc\u015f v\u0259 m\u0259qs\u0259dy\u00f6nl\u00fc siyas\u0259ti n\u0259tic\u0259sind\u0259 Az\u0259rbaycan d\u00fcnyaya G\u00fcn\u0259\u015f kimi do\u011fdu XX \u0259srin sonu: Az\u0259rbaycan xalq\u0131n\u0131n h\u0259yat\u0131nda taley\u00fckl\u00fc d\u00f6vr Tarixd\u0259 rolu olan \u015f\u0259xsiyy\u0259tl\u0259r haqq\u0131nda b\u0259hs etm\u0259k, onlar\u0131n g\u00f6rd\u00fcy\u00fc i\u015fl\u0259rin, d\u00f6vl\u0259t, xalq qar\u015f\u0131s\u0131nda xidm\u0259tl\u0259rinin \u00fcmumi m\u0259nz\u0259r\u0259sini yaratmaq daim ke\u00e7il\u0259n yolu bir z\u0259rur\u0259t kimi ortaya qoyur. Tarixd\u0259 ad\u0131 d\u00f6vl\u0259t\u00e7iliyin simvoluna \u00e7evril\u0259n v\u0259 onunla birg\u0259 \u00e7\u0259kil\u0259n \u00e7ox az sayda siyasi lider\u0259 rast g\u0259lm\u0259k olar. XX \u0259sr tarixind\u0259 fenomen \u015f\u0259xsiyy\u0259t Heyd\u0259r \u018fliyevin yaratd\u0131\u011f\u0131 milli d\u00f6vl\u0259t\u00e7ilik tarixin biz\u0259 b\u0259x\u015f etdiyi milli s\u0259rv\u0259tdir v\u0259 onun d\u0259y\u0259ri ill\u0259r ke\u00e7dikc\u0259 daha d\u0259rind\u0259n d\u0259rk olunur, m\u00fcxt\u0259lif&hellip;<\/p>\n","protected":false},"author":2,"featured_media":106383,"comment_status":"closed","ping_status":"closed","sticky":false,"template":"","format":"standard","meta":{"om_disable_all_campaigns":false,"_monsterinsights_skip_tracking":false,"_monsterinsights_sitenote_active":false,"_monsterinsights_sitenote_note":"","_monsterinsights_sitenote_category":0},"categories":[8],"tags":[],"aioseo_notices":[],"gutentor_comment":0,"rttpg_featured_image_url":{"full":["https:\/\/arantv.az\/wp-content\/uploads\/2019\/12\/siyavus_novruzov_088-1.jpg",800,600,false],"landscape":["https:\/\/arantv.az\/wp-content\/uploads\/2019\/12\/siyavus_novruzov_088-1.jpg",800,600,false],"portraits":["https:\/\/arantv.az\/wp-content\/uploads\/2019\/12\/siyavus_novruzov_088-1.jpg",800,600,false],"thumbnail":["https:\/\/arantv.az\/wp-content\/uploads\/2019\/12\/siyavus_novruzov_088-1-150x150.jpg",150,150,true],"medium":["https:\/\/arantv.az\/wp-content\/uploads\/2019\/12\/siyavus_novruzov_088-1-300x225.jpg",300,225,true],"large":["https:\/\/arantv.az\/wp-content\/uploads\/2019\/12\/siyavus_novruzov_088-1.jpg",640,480,false],"1536x1536":["https:\/\/arantv.az\/wp-content\/uploads\/2019\/12\/siyavus_novruzov_088-1.jpg",800,600,false],"2048x2048":["https:\/\/arantv.az\/wp-content\/uploads\/2019\/12\/siyavus_novruzov_088-1.jpg",800,600,false],"post-thumbnail":["https:\/\/arantv.az\/wp-content\/uploads\/2019\/12\/siyavus_novruzov_088-1-240x172.jpg",240,172,true],"advps-thumb-one":["https:\/\/arantv.az\/wp-content\/uploads\/2019\/12\/siyavus_novruzov_088-1.jpg",800,600,false]},"rttpg_author":{"display_name":"V\u00fcsal Rafiqo\u011flu","author_link":"https:\/\/arantv.az\/?author=2"},"rttpg_comment":0,"rttpg_category":"<a href=\"https:\/\/arantv.az\/?cat=8\" rel=\"category\">\u018fsas s\u0259hif\u0259<\/a>","rttpg_excerpt":"Ulu \u00f6nd\u0259r Heyd\u0259r \u018fliyevin d\u00fc\u015f\u00fcn\u00fclm\u00fc\u015f v\u0259 m\u0259qs\u0259dy\u00f6nl\u00fc siyas\u0259ti n\u0259tic\u0259sind\u0259 Az\u0259rbaycan d\u00fcnyaya G\u00fcn\u0259\u015f kimi do\u011fdu XX \u0259srin sonu: Az\u0259rbaycan xalq\u0131n\u0131n h\u0259yat\u0131nda taley\u00fckl\u00fc d\u00f6vr Tarixd\u0259 rolu olan \u015f\u0259xsiyy\u0259tl\u0259r haqq\u0131nda b\u0259hs etm\u0259k, onlar\u0131n g\u00f6rd\u00fcy\u00fc i\u015fl\u0259rin, d\u00f6vl\u0259t, xalq qar\u015f\u0131s\u0131nda xidm\u0259tl\u0259rinin \u00fcmumi m\u0259nz\u0259r\u0259sini yaratmaq daim ke\u00e7il\u0259n yolu bir z\u0259rur\u0259t kimi ortaya qoyur. Tarixd\u0259 ad\u0131 d\u00f6vl\u0259t\u00e7iliyin simvoluna \u00e7evril\u0259n v\u0259 onunla birg\u0259&hellip;","_links":{"self":[{"href":"https:\/\/arantv.az\/index.php?rest_route=\/wp\/v2\/posts\/106382"}],"collection":[{"href":"https:\/\/arantv.az\/index.php?rest_route=\/wp\/v2\/posts"}],"about":[{"href":"https:\/\/arantv.az\/index.php?rest_route=\/wp\/v2\/types\/post"}],"author":[{"embeddable":true,"href":"https:\/\/arantv.az\/index.php?rest_route=\/wp\/v2\/users\/2"}],"replies":[{"embeddable":true,"href":"https:\/\/arantv.az\/index.php?rest_route=%2Fwp%2Fv2%2Fcomments&post=106382"}],"version-history":[{"count":0,"href":"https:\/\/arantv.az\/index.php?rest_route=\/wp\/v2\/posts\/106382\/revisions"}],"wp:featuredmedia":[{"embeddable":true,"href":"https:\/\/arantv.az\/index.php?rest_route=\/wp\/v2\/media\/106383"}],"wp:attachment":[{"href":"https:\/\/arantv.az\/index.php?rest_route=%2Fwp%2Fv2%2Fmedia&parent=106382"}],"wp:term":[{"taxonomy":"category","embeddable":true,"href":"https:\/\/arantv.az\/index.php?rest_route=%2Fwp%2Fv2%2Fcategories&post=106382"},{"taxonomy":"post_tag","embeddable":true,"href":"https:\/\/arantv.az\/index.php?rest_route=%2Fwp%2Fv2%2Ftags&post=106382"}],"curies":[{"name":"wp","href":"https:\/\/api.w.org\/{rel}","templated":true}]}}