{"id":106522,"date":"2019-12-12T11:11:01","date_gmt":"2019-12-12T08:11:01","guid":{"rendered":"http:\/\/arantv.az\/?p=106522"},"modified":"2019-12-12T11:11:01","modified_gmt":"2019-12-12T08:11:01","slug":"o-v%c9%99t%c9%99ndas-xosb%c9%99xtdr-ki-secim-etm%c9%99yi-bacarir-aparat-r%c9%99hb%c9%99ri","status":"publish","type":"post","link":"https:\/\/arantv.az\/?p=106522","title":{"rendered":"&#8220;O v\u0259t\u0259nda\u015f xo\u015fb\u0259xtdr ki, se\u00e7im etm\u0259yi bacar\u0131r&#8221;-Aparat r\u0259hb\u0259ri"},"content":{"rendered":"<p>&#8220;D\u00f6vl\u0259t\u00e7iliyimizin ciddi atributlar\u0131ndan biri d\u0259 se\u00e7kil\u0259rdir&#8221;.<\/p>\n<p><b>ARANTV.AZ\u00a0<\/b>x\u0259b\u0259r verir ki, bunu Nazirl\u0259r Kabinetinin Aparat r\u0259hb\u0259ri Natiq\u00a0\u00a0M\u0259mm\u0259dov deyib.<\/p>\n<p>O, bildirib ki, v\u0259t\u0259nda\u015f\u0131m\u0131z \u00f6z haqq\u0131n\u0131 tan\u0131d\u0131qca, s\u0259sini verdikc\u0259 d\u00f6vl\u0259timiz bel\u0259 g\u00fccl\u0259nir: &#8220;Biz getdikc\u0259 bu prosesl\u0259ri daha yax\u0131ndan izl\u0259m\u0259k v\u0259 onun b\u0259hr\u0259l\u0259rini g\u00f6rm\u0259k imkan\u0131m\u0131z olur. O v\u0259t\u0259nda\u015f xo\u015fb\u0259xtdr ki, se\u00e7im etm\u0259yi bacar\u0131r&#8221;.<br \/>\nQeyd ed\u0259k ki, Natiq M\u0259mm\u0259dov uzun m\u00fcdd\u0259t MSK s\u0259drinin m\u00fcavini olub.<br \/>\nAysel Yusifq\u0131z\u0131Sonxeber.az<\/p>\n","protected":false},"excerpt":{"rendered":"<p>&#8220;D\u00f6vl\u0259t\u00e7iliyimizin ciddi atributlar\u0131ndan biri d\u0259 se\u00e7kil\u0259rdir&#8221;. ARANTV.AZ\u00a0x\u0259b\u0259r verir ki, bunu Nazirl\u0259r Kabinetinin Aparat r\u0259hb\u0259ri Natiq\u00a0\u00a0M\u0259mm\u0259dov deyib. O, bildirib ki, v\u0259t\u0259nda\u015f\u0131m\u0131z \u00f6z haqq\u0131n\u0131 tan\u0131d\u0131qca, s\u0259sini verdikc\u0259 d\u00f6vl\u0259timiz bel\u0259 g\u00fccl\u0259nir: &#8220;Biz getdikc\u0259 bu prosesl\u0259ri daha yax\u0131ndan izl\u0259m\u0259k v\u0259 onun b\u0259hr\u0259l\u0259rini g\u00f6rm\u0259k imkan\u0131m\u0131z olur. O v\u0259t\u0259nda\u015f xo\u015fb\u0259xtdr ki, se\u00e7im etm\u0259yi bacar\u0131r&#8221;. Qeyd ed\u0259k ki, Natiq M\u0259mm\u0259dov uzun m\u00fcdd\u0259t MSK s\u0259drinin m\u00fcavini olub. Aysel Yusifq\u0131z\u0131Sonxeber.az<\/p>\n","protected":false},"author":2,"featured_media":106523,"comment_status":"closed","ping_status":"closed","sticky":false,"template":"","format":"standard","meta":{"om_disable_all_campaigns":false,"_monsterinsights_skip_tracking":false,"_monsterinsights_sitenote_active":false,"_monsterinsights_sitenote_note":"","_monsterinsights_sitenote_category":0},"categories":[1],"tags":[],"aioseo_notices":[],"gutentor_comment":0,"rttpg_featured_image_url":{"full":["https:\/\/arantv.az\/wp-content\/uploads\/2019\/12\/445d29c40cc56af.jpg",549,326,false],"landscape":["https:\/\/arantv.az\/wp-content\/uploads\/2019\/12\/445d29c40cc56af.jpg",549,326,false],"portraits":["https:\/\/arantv.az\/wp-content\/uploads\/2019\/12\/445d29c40cc56af.jpg",549,326,false],"thumbnail":["https:\/\/arantv.az\/wp-content\/uploads\/2019\/12\/445d29c40cc56af-150x150.jpg",150,150,true],"medium":["https:\/\/arantv.az\/wp-content\/uploads\/2019\/12\/445d29c40cc56af-300x178.jpg",300,178,true],"large":["https:\/\/arantv.az\/wp-content\/uploads\/2019\/12\/445d29c40cc56af.jpg",549,326,false],"1536x1536":["https:\/\/arantv.az\/wp-content\/uploads\/2019\/12\/445d29c40cc56af.jpg",549,326,false],"2048x2048":["https:\/\/arantv.az\/wp-content\/uploads\/2019\/12\/445d29c40cc56af.jpg",549,326,false],"post-thumbnail":["https:\/\/arantv.az\/wp-content\/uploads\/2019\/12\/445d29c40cc56af-240x172.jpg",240,172,true],"advps-thumb-one":["https:\/\/arantv.az\/wp-content\/uploads\/2019\/12\/445d29c40cc56af.jpg",549,326,false]},"rttpg_author":{"display_name":"V\u00fcsal Rafiqo\u011flu","author_link":"https:\/\/arantv.az\/?author=2"},"rttpg_comment":0,"rttpg_category":"<a href=\"https:\/\/arantv.az\/?cat=1\" rel=\"category\">C\u0259miyy\u0259t<\/a>","rttpg_excerpt":"&#8220;D\u00f6vl\u0259t\u00e7iliyimizin ciddi atributlar\u0131ndan biri d\u0259 se\u00e7kil\u0259rdir&#8221;. ARANTV.AZ\u00a0x\u0259b\u0259r verir ki, bunu Nazirl\u0259r Kabinetinin Aparat r\u0259hb\u0259ri Natiq\u00a0\u00a0M\u0259mm\u0259dov deyib. O, bildirib ki, v\u0259t\u0259nda\u015f\u0131m\u0131z \u00f6z haqq\u0131n\u0131 tan\u0131d\u0131qca, s\u0259sini verdikc\u0259 d\u00f6vl\u0259timiz bel\u0259 g\u00fccl\u0259nir: &#8220;Biz getdikc\u0259 bu prosesl\u0259ri daha yax\u0131ndan izl\u0259m\u0259k v\u0259 onun b\u0259hr\u0259l\u0259rini g\u00f6rm\u0259k imkan\u0131m\u0131z olur. O v\u0259t\u0259nda\u015f xo\u015fb\u0259xtdr ki, se\u00e7im etm\u0259yi bacar\u0131r&#8221;. Qeyd ed\u0259k ki, Natiq M\u0259mm\u0259dov uzun m\u00fcdd\u0259t&hellip;","_links":{"self":[{"href":"https:\/\/arantv.az\/index.php?rest_route=\/wp\/v2\/posts\/106522"}],"collection":[{"href":"https:\/\/arantv.az\/index.php?rest_route=\/wp\/v2\/posts"}],"about":[{"href":"https:\/\/arantv.az\/index.php?rest_route=\/wp\/v2\/types\/post"}],"author":[{"embeddable":true,"href":"https:\/\/arantv.az\/index.php?rest_route=\/wp\/v2\/users\/2"}],"replies":[{"embeddable":true,"href":"https:\/\/arantv.az\/index.php?rest_route=%2Fwp%2Fv2%2Fcomments&post=106522"}],"version-history":[{"count":0,"href":"https:\/\/arantv.az\/index.php?rest_route=\/wp\/v2\/posts\/106522\/revisions"}],"wp:featuredmedia":[{"embeddable":true,"href":"https:\/\/arantv.az\/index.php?rest_route=\/wp\/v2\/media\/106523"}],"wp:attachment":[{"href":"https:\/\/arantv.az\/index.php?rest_route=%2Fwp%2Fv2%2Fmedia&parent=106522"}],"wp:term":[{"taxonomy":"category","embeddable":true,"href":"https:\/\/arantv.az\/index.php?rest_route=%2Fwp%2Fv2%2Fcategories&post=106522"},{"taxonomy":"post_tag","embeddable":true,"href":"https:\/\/arantv.az\/index.php?rest_route=%2Fwp%2Fv2%2Ftags&post=106522"}],"curies":[{"name":"wp","href":"https:\/\/api.w.org\/{rel}","templated":true}]}}