{"id":106583,"date":"2019-12-12T13:38:00","date_gmt":"2019-12-12T10:38:00","guid":{"rendered":"http:\/\/arantv.az\/?p=106583"},"modified":"2019-12-12T13:38:00","modified_gmt":"2019-12-12T10:38:00","slug":"deputatlar-silahlarini-t%c9%99hvil-verib-tapancanin-iki-daragindan-bir-gull%c9%99-bel%c9%99-istifad%c9%99-etm%c9%99dim","status":"publish","type":"post","link":"https:\/\/arantv.az\/?p=106583","title":{"rendered":"Deputatlar silahlar\u0131n\u0131 t\u0259hvil verib? &#8211; \u201cTapan\u00e7an\u0131n iki dara\u011f\u0131ndan bir g\u00fcll\u0259 bel\u0259 istifad\u0259 etm\u0259dim\u201d"},"content":{"rendered":"<p>Az\u0259rbaycanda deputatlar xidm\u0259ti silah g\u0259zdirm\u0259k h\u00fcququna malik olsalar da, V \u00e7a\u011f\u0131r\u0131\u015f Milli M\u0259clisin \u00fczvl\u0259ri bu imtiyazda istifad\u0259 etm\u0259yibl\u0259r.<\/p>\n<p>Milli M\u0259clis \u00fczvl\u0259rin\u0259 xidm\u0259ti silah\u0131n verilm\u0259si ilk d\u0259f\u0259 1997-ci il dekabr\u0131n 30-da q\u0259bul edil\u0259n \u201cXidm\u0259ti v\u0259 m\u00fclki silah haqq\u0131nda\u201d Qanunla t\u0259nziml\u0259nib. 2001-ci ilin oktyabr\u0131nda is\u0259 \u201cAz\u0259rbaycan Respublikas\u0131 Milli M\u0259clisi deputat\u0131n\u0131n statusu haqq\u0131nda\u201d Qanuna \u0259lav\u0259l\u0259r edilib. Bu qanunun 12.1-ci madd\u0259sind\u0259 deputat\u0131n t\u0259hl\u00fck\u0259sizliyind\u0259n b\u0259hs olunur:<\/p>\n<p>\u201cDeputat\u0131n t\u0259hl\u00fck\u0259sizliyini t\u0259min etm\u0259k m\u0259qs\u0259di il\u0259 ona Az\u0259rbaycan Respublikas\u0131n\u0131n qanunvericiliyi il\u0259 m\u00fc\u0259yy\u0259n edilmi\u015f qaydada xidm\u0259ti silah veril\u0259 bil\u0259r. Deputat\u0131n \u00f6z s\u0259lahiyy\u0259tl\u0259rini icra etdiyi b\u00fct\u00fcn m\u00fcdd\u0259t \u0259rzind\u0259 qanunvericilikl\u0259 n\u0259z\u0259rd\u0259 tutulmu\u015f qaydada v\u0259 hallarda xidm\u0259ti silah\u0131 saxlamaq, g\u0259zdirm\u0259k v\u0259 t\u0259yinat\u0131 \u00fczr\u0259 istifad\u0259 etm\u0259k h\u00fcququ vard\u0131r, z\u0259ruri hallarda onun t\u0259hl\u00fck\u0259sizliyi t\u0259min edilir\u201d.<\/p>\n<div id=\"AdviadNativeVideo0\" class=\"AdviadNativeVideo\"><\/div>\n<p>Qaydalara g\u00f6r\u0259, Az\u0259rbaycan Milli M\u0259clisinin deputatlar\u0131 xidm\u0259ti silah almaq \u00fc\u00e7\u00fcn \u0259v\u0259ll\u0259c\u0259 Daxili \u0130\u015fl\u0259r Nazirliyinin Ba\u015f \u0130ctimai T\u0259hl\u00fck\u0259sizlik \u0130dar\u0259sin\u0259 m\u00fcraci\u0259t etm\u0259lidirl\u0259r. Burada m\u00fcraci\u0259tin\u0259 m\u00fcsb\u0259t cavab veril\u0259n mill\u0259t v\u0259kili daha sonra nazirliyin T\u0259chizat \u0130dar\u0259sind\u0259n xidm\u0259ti silah \u2013 tapan\u00e7a ala bil\u0259r.<\/p>\n<p>Qanunla h\u0259r bir silah alan deputat d\u00f6vl\u0259t\u0259 m\u00fc\u0259yy\u0259n edlimi\u015f r\u00fcsum \u00f6d\u0259yir. Deputata silahla birg\u0259 16 n\u00f6mr\u0259l\u0259nmi\u015f patron da verilir.\u00a0 Silah g\u0259zdirm\u0259k ist\u0259y\u0259n mill\u0259t v\u0259kili \u00f6nc\u0259 onunla davranma qaydalar\u0131n\u0131 bilm\u0259lidir. Bunun \u00fc\u00e7\u00fcn h\u0259min deputat D\u0130N-in m\u00fcvfiq qurumuna d\u0259v\u0259t olunaraq, t\u0259limatland\u0131r\u0131l\u0131r. D\u0130N silah almaq ist\u0259y\u0259n deputat\u0131n sa\u011fl\u0131q durumunu da n\u0259z\u0259r\u0259 al\u0131r.<\/p>\n<p>Onu da qeyd ed\u0259k ki, qanunda deputatlara iclas zal\u0131na silahla daxil olmaq qada\u011fan edilib. Milli M\u0259clisin \u00fczv\u00fc iclas zal\u0131na daxil olmazdan \u00f6nc\u0259 silah\u0131n\u0131 n\u0259zar\u0259t\u00e7iy\u0259 t\u0259hvil verm\u0259lidir.<\/p>\n<p>Maraql\u0131d\u0131r, qanunun icaz\u0259 verdiyi halda, niy\u0259 Milli M\u0259clisin deputatlar\u0131 silah g\u0259zdirmir?<\/p>\n<p><strong>\u201cSilah g\u0259zdirm\u0259y\u0259 ehtiyac vard\u0131\u201d<\/strong><\/p>\n<p>V \u00e7a\u011f\u0131r\u0131\u015f Milli M\u0259clisin \u00fczv\u00fc, Ana V\u0259t\u0259n Partiyas\u0131n\u0131n\u00a0 s\u0259dri F\u0259zail A\u011flamal\u0131 Modern.az-a bildirib ki, deputat\u0131n silah g\u0259zdirm\u0259si qanunla qada\u011fan edilm\u0259yib, amma \u0259sas m\u0259s\u0259l\u0259 buna z\u0259rur\u0259tin olub-olmama\u011f\u0131d\u0131r.<\/p>\n<p>\u201cY\u0259ni g\u0259zdir\u0259 bil\u0259r.\u00a0Milli M\u0259clisin deputatlar\u0131n\u0131n silah g\u0259zdirm\u0259si m\u0259s\u0259l\u0259si uzun ill\u0259r bundan \u00f6nc\u0259 parlamentd\u0259 m\u00fczakir\u0259 olundu. H\u0259min vaxt deputatlar\u0131n \u0259ks\u0259riyy\u0259ti Milli M\u0259clisin \u00fczvl\u0259rin\u0259 silah g\u0259zdirm\u0259k s\u0259lahiyy\u0259tinin verilm\u0259sinin t\u0259r\u0259fdar\u0131 oldu. O vaxtlar c\u0259miyy\u0259td\u0259 naraz\u0131l\u0131qlar vard\u0131. T\u0259hl\u00fck\u0259sizlik m\u0259s\u0259l\u0259l\u0259rind\u0259 probleml\u0259r m\u00f6vcud idi. H\u0259min ill\u0259rd\u0259 v\u0259ziyy\u0259t el\u0259 idi ki, silah g\u0259zdirm\u0259k m\u0259s\u0259l\u0259si reall\u011f\u0131 \u0259ks etdirirdi. H\u0259qiq\u0259t\u0259n d\u0259, silah g\u0259zdirm\u0259y\u0259 ehtiyac vard\u0131\u201d.<\/p>\n<p><strong>\u201cSilah\u0131 uzaq yola \u00e7\u0131xanda g\u00f6t\u00fcr\u00fcrd\u00fcm\u201d<\/strong><\/p>\n<p>F.A\u011famal\u0131 qeyd edib ki, bu g\u00fcn deputar\u0131n silah g\u0259zdirm\u0259sin\u0259 ehtiyac yoxdur:<\/p>\n<p>\u201cBu g\u00fcn Az\u0259rbaycan sabit bir \u00f6lk\u0259dir. Az\u0259rbaycan d\u00fcnyada \u201csabitlik adas\u0131\u201d kimi n\u00fcfuz qazan\u0131b. T\u0259hl\u00fck\u0259siz \u00f6lk\u0259 kimi h\u0259r bir d\u00f6vl\u0259t\u0259 n\u00fcmun\u0259dir. H\u0259r bir v\u0259t\u0259nda\u015f\u0131n t\u0259hl\u00fck\u0259sizliyi qorundu\u011fu \u00fc\u00e7\u00fcn deputatlar\u0131n silah g\u0259zdirm\u0259sin\u0259 d\u0259 ehtiyac yoxdur.<\/p>\n<p>Silah g\u0259zdirdiyimiz zamanda hans\u0131sa deputat\u0131n \u00f6z\u00fcn\u00fc qorumas\u0131 \u00fc\u00e7\u00fcn silaha \u0259l atmas\u0131n\u0131n \u015fahidi olmam\u0131\u015fam. M\u0259n\u0259 verilmi\u015f silah\u0131n iki dara\u011f\u0131ndan bir g\u00fcll\u0259 bel\u0259 istifad\u0259 etm\u0259mi\u015f\u0259m. \u00dcmumiyy\u0259tl\u0259, he\u00e7 bir\u00a0 halda silahdan istifad\u0259 etm\u0259dim. \u00c7ox zaman he\u00e7 \u00fcz\u0259rimd\u0259 d\u0259 g\u0259zdirmirdim. Yaln\u0131z uzaq yola \u00e7\u0131xanda g\u00f6t\u00fcr\u0259rdim. \u015e\u0259h\u0259rin i\u00e7\u0259risind\u0259 g\u0259zdirmirdim\u201d.<\/p>\n<p><strong>\u201cSilah\u0131 ver\u0259nd\u0259 d\u0259, alanda da normal qar\u015f\u0131lam\u0131\u015fd\u0131m\u201d<\/strong><\/p>\n<p>Parlamentari bildirib ki, silah\u0131 \u0259ld\u0259 etm\u0259k \u00fc\u00e7\u00fcn D\u0130N-\u0259 gedirdil\u0259r:<\/p>\n<p>\u201cO silahlar\u0131 biz\u0259\u00a0 Daxili \u0130\u015fl\u0259r Nazirliyinin Ba\u015f \u0130ctimai T\u0259hl\u00fck\u0259sizlik \u0130dar\u0259si\u00a0 verirdi. Biz\u0259 d\u0259v\u0259t g\u0259ldi, getdik ora. Silah\u0131 alanda s\u0259n\u0259d\u0259 qol \u00e7\u0259kib, qay\u0131td\u0131q. Silah\u0131 t\u0259hvil ver\u0259nd\u0259 d\u0259 h\u0259min idar\u0259y\u0259 getmi\u015fdik.<\/p>\n<p>N\u00f6vb\u0259ti se\u00e7kil\u0259rd\u0259n sonra deputatlara silah verilm\u0259di. O zaman buna \u00e7ox normal yana\u015fd\u0131m. \u018fslind\u0259 veril\u0259nd\u0259 d\u0259 normal yana\u015fm\u0131\u015fd\u0131m. C\u0259mi bir \u00e7a\u011f\u0131r\u0131\u015f o silah\u0131 \u00fcz\u0259rimd\u0259 g\u0259zdirmi\u015f\u0259m\u201d.<\/p>\n","protected":false},"excerpt":{"rendered":"<p>Az\u0259rbaycanda deputatlar xidm\u0259ti silah g\u0259zdirm\u0259k h\u00fcququna malik olsalar da, V \u00e7a\u011f\u0131r\u0131\u015f Milli M\u0259clisin \u00fczvl\u0259ri bu imtiyazda istifad\u0259 etm\u0259yibl\u0259r. Milli M\u0259clis \u00fczvl\u0259rin\u0259 xidm\u0259ti silah\u0131n verilm\u0259si ilk d\u0259f\u0259 1997-ci il dekabr\u0131n 30-da q\u0259bul edil\u0259n \u201cXidm\u0259ti v\u0259 m\u00fclki silah haqq\u0131nda\u201d Qanunla t\u0259nziml\u0259nib. 2001-ci ilin oktyabr\u0131nda is\u0259 \u201cAz\u0259rbaycan Respublikas\u0131 Milli M\u0259clisi deputat\u0131n\u0131n statusu haqq\u0131nda\u201d Qanuna \u0259lav\u0259l\u0259r edilib. Bu qanunun 12.1-ci madd\u0259sind\u0259 deputat\u0131n t\u0259hl\u00fck\u0259sizliyind\u0259n b\u0259hs olunur: \u201cDeputat\u0131n t\u0259hl\u00fck\u0259sizliyini t\u0259min etm\u0259k m\u0259qs\u0259di il\u0259 ona Az\u0259rbaycan Respublikas\u0131n\u0131n qanunvericiliyi il\u0259 m\u00fc\u0259yy\u0259n edilmi\u015f qaydada xidm\u0259ti silah veril\u0259 bil\u0259r. Deputat\u0131n \u00f6z s\u0259lahiyy\u0259tl\u0259rini icra etdiyi b\u00fct\u00fcn m\u00fcdd\u0259t \u0259rzind\u0259 qanunvericilikl\u0259 n\u0259z\u0259rd\u0259 tutulmu\u015f&hellip;<\/p>\n","protected":false},"author":2,"featured_media":106584,"comment_status":"closed","ping_status":"closed","sticky":false,"template":"","format":"standard","meta":{"om_disable_all_campaigns":false,"_monsterinsights_skip_tracking":false,"_monsterinsights_sitenote_active":false,"_monsterinsights_sitenote_note":"","_monsterinsights_sitenote_category":0},"categories":[4],"tags":[],"aioseo_notices":[],"gutentor_comment":0,"rttpg_featured_image_url":{"full":["https:\/\/arantv.az\/wp-content\/uploads\/2019\/12\/milli-meclis_700x390_17_700x390-1.jpg",620,345,false],"landscape":["https:\/\/arantv.az\/wp-content\/uploads\/2019\/12\/milli-meclis_700x390_17_700x390-1.jpg",620,345,false],"portraits":["https:\/\/arantv.az\/wp-content\/uploads\/2019\/12\/milli-meclis_700x390_17_700x390-1.jpg",620,345,false],"thumbnail":["https:\/\/arantv.az\/wp-content\/uploads\/2019\/12\/milli-meclis_700x390_17_700x390-1-150x150.jpg",150,150,true],"medium":["https:\/\/arantv.az\/wp-content\/uploads\/2019\/12\/milli-meclis_700x390_17_700x390-1-300x167.jpg",300,167,true],"large":["https:\/\/arantv.az\/wp-content\/uploads\/2019\/12\/milli-meclis_700x390_17_700x390-1.jpg",620,345,false],"1536x1536":["https:\/\/arantv.az\/wp-content\/uploads\/2019\/12\/milli-meclis_700x390_17_700x390-1.jpg",620,345,false],"2048x2048":["https:\/\/arantv.az\/wp-content\/uploads\/2019\/12\/milli-meclis_700x390_17_700x390-1.jpg",620,345,false],"post-thumbnail":["https:\/\/arantv.az\/wp-content\/uploads\/2019\/12\/milli-meclis_700x390_17_700x390-1-240x172.jpg",240,172,true],"advps-thumb-one":["https:\/\/arantv.az\/wp-content\/uploads\/2019\/12\/milli-meclis_700x390_17_700x390-1.jpg",620,345,false]},"rttpg_author":{"display_name":"V\u00fcsal Rafiqo\u011flu","author_link":"https:\/\/arantv.az\/?author=2"},"rttpg_comment":0,"rttpg_category":"<a href=\"https:\/\/arantv.az\/?cat=4\" rel=\"category\">Siyas\u0259t<\/a>","rttpg_excerpt":"Az\u0259rbaycanda deputatlar xidm\u0259ti silah g\u0259zdirm\u0259k h\u00fcququna malik olsalar da, V \u00e7a\u011f\u0131r\u0131\u015f Milli M\u0259clisin \u00fczvl\u0259ri bu imtiyazda istifad\u0259 etm\u0259yibl\u0259r. Milli M\u0259clis \u00fczvl\u0259rin\u0259 xidm\u0259ti silah\u0131n verilm\u0259si ilk d\u0259f\u0259 1997-ci il dekabr\u0131n 30-da q\u0259bul edil\u0259n \u201cXidm\u0259ti v\u0259 m\u00fclki silah haqq\u0131nda\u201d Qanunla t\u0259nziml\u0259nib. 2001-ci ilin oktyabr\u0131nda is\u0259 \u201cAz\u0259rbaycan Respublikas\u0131 Milli M\u0259clisi deputat\u0131n\u0131n statusu haqq\u0131nda\u201d Qanuna \u0259lav\u0259l\u0259r edilib. Bu qanunun&hellip;","_links":{"self":[{"href":"https:\/\/arantv.az\/index.php?rest_route=\/wp\/v2\/posts\/106583"}],"collection":[{"href":"https:\/\/arantv.az\/index.php?rest_route=\/wp\/v2\/posts"}],"about":[{"href":"https:\/\/arantv.az\/index.php?rest_route=\/wp\/v2\/types\/post"}],"author":[{"embeddable":true,"href":"https:\/\/arantv.az\/index.php?rest_route=\/wp\/v2\/users\/2"}],"replies":[{"embeddable":true,"href":"https:\/\/arantv.az\/index.php?rest_route=%2Fwp%2Fv2%2Fcomments&post=106583"}],"version-history":[{"count":0,"href":"https:\/\/arantv.az\/index.php?rest_route=\/wp\/v2\/posts\/106583\/revisions"}],"wp:featuredmedia":[{"embeddable":true,"href":"https:\/\/arantv.az\/index.php?rest_route=\/wp\/v2\/media\/106584"}],"wp:attachment":[{"href":"https:\/\/arantv.az\/index.php?rest_route=%2Fwp%2Fv2%2Fmedia&parent=106583"}],"wp:term":[{"taxonomy":"category","embeddable":true,"href":"https:\/\/arantv.az\/index.php?rest_route=%2Fwp%2Fv2%2Fcategories&post=106583"},{"taxonomy":"post_tag","embeddable":true,"href":"https:\/\/arantv.az\/index.php?rest_route=%2Fwp%2Fv2%2Ftags&post=106583"}],"curies":[{"name":"wp","href":"https:\/\/api.w.org\/{rel}","templated":true}]}}