{"id":106591,"date":"2019-12-12T13:45:31","date_gmt":"2019-12-12T10:45:31","guid":{"rendered":"http:\/\/arantv.az\/?p=106591"},"modified":"2019-12-12T13:45:31","modified_gmt":"2019-12-12T10:45:31","slug":"yeni-il-bayraminda-orta-m%c9%99kt%c9%99bl%c9%99rd%c9%99-nec%c9%99-gun-t%c9%99tili-olacaq-nazir-muavinind%c9%99n-aciqlama","status":"publish","type":"post","link":"https:\/\/arantv.az\/?p=106591","title":{"rendered":"Yeni il bayram\u0131nda orta m\u0259kt\u0259bl\u0259rd\u0259 ne\u00e7\u0259 g\u00fcn t\u0259tili olacaq? &#8211; Nazir m\u00fcavinind\u0259n A\u00c7IQLAMA"},"content":{"rendered":"<p>&#8220;T\u0259dirisi 5 v\u0259 6 g\u00fcnl\u00fck olan orta m\u0259kt\u0259bl\u0259rd\u0259 Yeni ild\u0259 ne\u00e7\u0259 g\u00fcn bayram t\u0259tili olmas\u0131 h\u0259l\u0259 m\u00fc\u0259yy\u0259n edilm\u0259yib&#8221;.<\/p>\n<p><strong>ARANTV.AZ<\/strong>\u00a0\u00a0<a href=\"https:\/\/az.trend.az\/\" target=\"_blank\" rel=\"noopener\">Trend<\/a>-\u0259 istinad\u0259n x\u0259b\u0259r verir ki, bunu jurnalistl\u0259r\u0259 a\u00e7\u0131qlamas\u0131nda T\u0259hsil nazirinin m\u00fcavini M\u0259h\u0259bb\u0259t V\u0259liyeva deyib.<\/p>\n<p>Onun s\u00f6zl\u0259rin\u0259 g\u00f6r\u0259, haz\u0131rda bu m\u0259s\u0259l\u0259 il\u0259 ba\u011fl\u0131 nazirlik q\u0259rar verm\u0259yib:<\/p>\n<div><\/div>\n<p>&#8220;H\u0259l\u0259lik h\u0259min vaxta bir m\u00fcdd\u0259t var. T\u0259hsil Naziliyind\u0259n bu bar\u0259d\u0259 m\u0259lumat veril\u0259c\u0259k. D\u0259rs g\u00fcnl\u0259rinin t\u0259nziml\u0259nm\u0259si il\u0259 ba\u011fl\u0131 nazirlik m\u0259kt\u0259bl\u0259r\u0259 m\u0259lumat ver\u0259c\u0259k&#8221;.<\/p>\n","protected":false},"excerpt":{"rendered":"<p>&#8220;T\u0259dirisi 5 v\u0259 6 g\u00fcnl\u00fck olan orta m\u0259kt\u0259bl\u0259rd\u0259 Yeni ild\u0259 ne\u00e7\u0259 g\u00fcn bayram t\u0259tili olmas\u0131 h\u0259l\u0259 m\u00fc\u0259yy\u0259n edilm\u0259yib&#8221;. ARANTV.AZ\u00a0\u00a0Trend-\u0259 istinad\u0259n x\u0259b\u0259r verir ki, bunu jurnalistl\u0259r\u0259 a\u00e7\u0131qlamas\u0131nda T\u0259hsil nazirinin m\u00fcavini M\u0259h\u0259bb\u0259t V\u0259liyeva deyib. Onun s\u00f6zl\u0259rin\u0259 g\u00f6r\u0259, haz\u0131rda bu m\u0259s\u0259l\u0259 il\u0259 ba\u011fl\u0131 nazirlik q\u0259rar verm\u0259yib: &#8220;H\u0259l\u0259lik h\u0259min vaxta bir m\u00fcdd\u0259t var. T\u0259hsil Naziliyind\u0259n bu bar\u0259d\u0259 m\u0259lumat veril\u0259c\u0259k. D\u0259rs g\u00fcnl\u0259rinin t\u0259nziml\u0259nm\u0259si il\u0259 ba\u011fl\u0131 nazirlik m\u0259kt\u0259bl\u0259r\u0259 m\u0259lumat ver\u0259c\u0259k&#8221;.<\/p>\n","protected":false},"author":2,"featured_media":106592,"comment_status":"closed","ping_status":"closed","sticky":false,"template":"","format":"standard","meta":{"om_disable_all_campaigns":false,"_monsterinsights_skip_tracking":false,"_monsterinsights_sitenote_active":false,"_monsterinsights_sitenote_note":"","_monsterinsights_sitenote_category":0},"categories":[23],"tags":[],"aioseo_notices":[],"gutentor_comment":0,"rttpg_featured_image_url":{"full":["https:\/\/arantv.az\/wp-content\/uploads\/2019\/12\/mekteb_374767-1.jpg",800,600,false],"landscape":["https:\/\/arantv.az\/wp-content\/uploads\/2019\/12\/mekteb_374767-1.jpg",800,600,false],"portraits":["https:\/\/arantv.az\/wp-content\/uploads\/2019\/12\/mekteb_374767-1.jpg",800,600,false],"thumbnail":["https:\/\/arantv.az\/wp-content\/uploads\/2019\/12\/mekteb_374767-1-150x150.jpg",150,150,true],"medium":["https:\/\/arantv.az\/wp-content\/uploads\/2019\/12\/mekteb_374767-1-300x225.jpg",300,225,true],"large":["https:\/\/arantv.az\/wp-content\/uploads\/2019\/12\/mekteb_374767-1.jpg",640,480,false],"1536x1536":["https:\/\/arantv.az\/wp-content\/uploads\/2019\/12\/mekteb_374767-1.jpg",800,600,false],"2048x2048":["https:\/\/arantv.az\/wp-content\/uploads\/2019\/12\/mekteb_374767-1.jpg",800,600,false],"post-thumbnail":["https:\/\/arantv.az\/wp-content\/uploads\/2019\/12\/mekteb_374767-1-240x172.jpg",240,172,true],"advps-thumb-one":["https:\/\/arantv.az\/wp-content\/uploads\/2019\/12\/mekteb_374767-1.jpg",800,600,false]},"rttpg_author":{"display_name":"V\u00fcsal Rafiqo\u011flu","author_link":"https:\/\/arantv.az\/?author=2"},"rttpg_comment":0,"rttpg_category":"<a href=\"https:\/\/arantv.az\/?cat=23\" rel=\"category\">T\u0259hsil<\/a>","rttpg_excerpt":"&#8220;T\u0259dirisi 5 v\u0259 6 g\u00fcnl\u00fck olan orta m\u0259kt\u0259bl\u0259rd\u0259 Yeni ild\u0259 ne\u00e7\u0259 g\u00fcn bayram t\u0259tili olmas\u0131 h\u0259l\u0259 m\u00fc\u0259yy\u0259n edilm\u0259yib&#8221;. ARANTV.AZ\u00a0\u00a0Trend-\u0259 istinad\u0259n x\u0259b\u0259r verir ki, bunu jurnalistl\u0259r\u0259 a\u00e7\u0131qlamas\u0131nda T\u0259hsil nazirinin m\u00fcavini M\u0259h\u0259bb\u0259t V\u0259liyeva deyib. Onun s\u00f6zl\u0259rin\u0259 g\u00f6r\u0259, haz\u0131rda bu m\u0259s\u0259l\u0259 il\u0259 ba\u011fl\u0131 nazirlik q\u0259rar verm\u0259yib: &#8220;H\u0259l\u0259lik h\u0259min vaxta bir m\u00fcdd\u0259t var. T\u0259hsil Naziliyind\u0259n bu bar\u0259d\u0259 m\u0259lumat veril\u0259c\u0259k.&hellip;","_links":{"self":[{"href":"https:\/\/arantv.az\/index.php?rest_route=\/wp\/v2\/posts\/106591"}],"collection":[{"href":"https:\/\/arantv.az\/index.php?rest_route=\/wp\/v2\/posts"}],"about":[{"href":"https:\/\/arantv.az\/index.php?rest_route=\/wp\/v2\/types\/post"}],"author":[{"embeddable":true,"href":"https:\/\/arantv.az\/index.php?rest_route=\/wp\/v2\/users\/2"}],"replies":[{"embeddable":true,"href":"https:\/\/arantv.az\/index.php?rest_route=%2Fwp%2Fv2%2Fcomments&post=106591"}],"version-history":[{"count":0,"href":"https:\/\/arantv.az\/index.php?rest_route=\/wp\/v2\/posts\/106591\/revisions"}],"wp:featuredmedia":[{"embeddable":true,"href":"https:\/\/arantv.az\/index.php?rest_route=\/wp\/v2\/media\/106592"}],"wp:attachment":[{"href":"https:\/\/arantv.az\/index.php?rest_route=%2Fwp%2Fv2%2Fmedia&parent=106591"}],"wp:term":[{"taxonomy":"category","embeddable":true,"href":"https:\/\/arantv.az\/index.php?rest_route=%2Fwp%2Fv2%2Fcategories&post=106591"},{"taxonomy":"post_tag","embeddable":true,"href":"https:\/\/arantv.az\/index.php?rest_route=%2Fwp%2Fv2%2Ftags&post=106591"}],"curies":[{"name":"wp","href":"https:\/\/api.w.org\/{rel}","templated":true}]}}