{"id":106595,"date":"2019-12-12T13:46:32","date_gmt":"2019-12-12T10:46:32","guid":{"rendered":"http:\/\/arantv.az\/?p=106595"},"modified":"2019-12-12T13:46:32","modified_gmt":"2019-12-12T10:46:32","slug":"mubariz-qurbanli-bu-gun-olk%c9%99d%c9%99-gorul%c9%99n-isl%c9%99r-v%c9%99-aparilan-islahatlar-heyd%c9%99r-%c9%99liyev-siyas%c9%99tinin-davamidir","status":"publish","type":"post","link":"https:\/\/arantv.az\/?p=106595","title":{"rendered":"M\u00fcbariz Qurbanl\u0131: &#8220;Bu g\u00fcn \u00f6lk\u0259d\u0259 g\u00f6r\u00fcl\u0259n i\u015fl\u0259r v\u0259 apar\u0131lan islahatlar Heyd\u0259r \u018fliyev siyas\u0259tinin davam\u0131d\u0131r&#8221;"},"content":{"rendered":"<p>Bu g\u00fcn Yeni Az\u0259rbaycan Partiyas\u0131n\u0131n (YAP) q\u0259rargah\u0131nda ulu \u00f6nd\u0259r Heyd\u0259r \u018fliyevin an\u0131m g\u00fcn\u00fc il\u0259 ba\u011fl\u0131 t\u0259dbir ke\u00e7irilib.<\/p>\n<p><strong>ARANTV.AZ<\/strong>\u00a0\u00a0<a href=\"https:\/\/az.trend.az\/\" target=\"_blank\" rel=\"noopener\">Trend<\/a>-\u0259 istinad\u0259n x\u0259b\u0259r verir ki, t\u0259dbird\u0259 deputatlar, ziyal\u0131lar v\u0259 g\u0259ncl\u0259r t\u0259\u015fkilatlar\u0131n\u0131n \u00fczvl\u0259ri i\u015ftirak edib.<\/p>\n<p>T\u0259dbiri a\u00e7\u0131q elan ed\u0259n Yeni Az\u0259rbaycan Partiyas\u0131n\u0131n \u0130cra katibinin m\u00fcavini Siyavu\u015f Novruzov bildirib ki, Heyd\u0259r \u018fliyevin h\u0259yata ke\u00e7irdiyi u\u011furlu siyas\u0259t bu g\u00fcn d\u0259 layiqinc\u0259 davam edir: &#8220;O h\u0259r zaman Az\u0259rbaycan g\u0259ncliyin\u0259 \u00f6n\u0259m verib. \u00d6z tarixini bilm\u0259y\u0259n g\u0259nc he\u00e7 bir n\u0259tic\u0259 \u00e7\u0131xara bilm\u0259z&#8221;.<\/p>\n<p>O qeyd edib ki, \u00fcmummilli lider bar\u0259d\u0259 bir \u00e7ox kitablar n\u0259\u015fr olunub: &#8220;Bu kitablarda onun Az\u0259rbaycan xalq\u0131 \u00fc\u00e7\u00fcn g\u00f6rd\u00fcy\u00fc misilsiz xidm\u0259tl\u0259rd\u0259n b\u0259hs olunub. Ulu \u00f6nd\u0259r \u00e7al\u0131\u015fd\u0131\u011f\u0131 b\u00fct\u00fcn zamanlarda s\u00fcbut etdi ki, Az\u0259rbaycan xalq\u0131na xidm\u0259t etm\u0259k insan\u0131n daxilind\u0259n g\u0259lm\u0259lidir&#8221;.<\/p>\n<p>Siyavu\u015f Novruzov vur\u011fulay\u0131b ki, ulu \u00f6nd\u0259r hakimiyy\u0259t\u0259 qay\u0131tmasayd\u0131, Az\u0259rbaycan Xalq C\u00fcmhuriyy\u0259tinin taleyini ya\u015fayacaqd\u0131. Bu b\u0259ladan \u00f6lk\u0259ni Heyd\u0259r \u018fliyev xilas edib. N\u0259 q\u0259d\u0259r ya\u015fay\u0131r\u0131qsa, Heyd\u0259r \u018fliyev siyasi x\u0259tti d\u0259 davam ed\u0259c\u0259k&#8221;.<\/p>\n<p>YAP icra katibinin m\u00fcavini, Dini Qurumlarla \u0130\u015f \u00fczr\u0259 D\u00f6vl\u0259t Komit\u0259sinin s\u0259dri M\u00fcbariz Qurbanl\u0131 deyib ki, Az\u0259rbaycan xalq\u0131 Heyd\u0259r \u018fliyevi h\u0259r g\u00fcn an\u0131r: &#8220;Bu g\u00fcn \u00f6lk\u0259d\u0259 g\u00f6r\u00fcl\u0259n i\u015fl\u0259r v\u0259 apar\u0131lan islahatlar Heyd\u0259r \u018fliyev siyas\u0259tinin davam\u0131d\u0131r. Onun Az\u0259rbaycan tarixind\u0259 tarixi \u015f\u0259xsiyy\u0259t kimi rolu \u0259v\u0259zsizdir&#8221;.<\/p>\n<p>M.Qurbanl\u0131 qeyd edib ki, o hakimiyy\u0259t\u0259 ikinci d\u0259f\u0259 qay\u0131td\u0131qdan sonra Az\u0259rbaycan q\u0131sa zaman \u0259rzind\u0259 bir \u00e7ox sah\u0259l\u0259rd\u0259 ciddi nailiyy\u0259tl\u0259r\u0259 imza at\u0131b: &#8220;Tarixi tarixd\u0259n ibr\u0259t almaq \u00fc\u00e7\u00fcn oxumal\u0131y\u0131q. Ulu \u00f6nd\u0259rin ibr\u0259tamiz add\u0131mlar\u0131n\u0131 \u00f6yr\u0259nm\u0259k laz\u0131md\u0131r&#8221;.<\/p>\n<p>T\u0259dbir \u00e7\u0131x\u0131\u015flarla davam edib.<\/p>\n","protected":false},"excerpt":{"rendered":"<p>Bu g\u00fcn Yeni Az\u0259rbaycan Partiyas\u0131n\u0131n (YAP) q\u0259rargah\u0131nda ulu \u00f6nd\u0259r Heyd\u0259r \u018fliyevin an\u0131m g\u00fcn\u00fc il\u0259 ba\u011fl\u0131 t\u0259dbir ke\u00e7irilib. ARANTV.AZ\u00a0\u00a0Trend-\u0259 istinad\u0259n x\u0259b\u0259r verir ki, t\u0259dbird\u0259 deputatlar, ziyal\u0131lar v\u0259 g\u0259ncl\u0259r t\u0259\u015fkilatlar\u0131n\u0131n \u00fczvl\u0259ri i\u015ftirak edib. T\u0259dbiri a\u00e7\u0131q elan ed\u0259n Yeni Az\u0259rbaycan Partiyas\u0131n\u0131n \u0130cra katibinin m\u00fcavini Siyavu\u015f Novruzov bildirib ki, Heyd\u0259r \u018fliyevin h\u0259yata ke\u00e7irdiyi u\u011furlu siyas\u0259t bu g\u00fcn d\u0259 layiqinc\u0259 davam edir: &#8220;O h\u0259r zaman Az\u0259rbaycan g\u0259ncliyin\u0259 \u00f6n\u0259m verib. \u00d6z tarixini bilm\u0259y\u0259n g\u0259nc he\u00e7 bir n\u0259tic\u0259 \u00e7\u0131xara bilm\u0259z&#8221;. O qeyd edib ki, \u00fcmummilli lider bar\u0259d\u0259 bir \u00e7ox kitablar n\u0259\u015fr olunub: &#8220;Bu kitablarda onun Az\u0259rbaycan xalq\u0131&hellip;<\/p>\n","protected":false},"author":2,"featured_media":106596,"comment_status":"closed","ping_status":"closed","sticky":false,"template":"","format":"standard","meta":{"om_disable_all_campaigns":false,"_monsterinsights_skip_tracking":false,"_monsterinsights_sitenote_active":false,"_monsterinsights_sitenote_note":"","_monsterinsights_sitenote_category":0},"categories":[1],"tags":[],"aioseo_notices":[],"gutentor_comment":0,"rttpg_featured_image_url":{"full":["https:\/\/arantv.az\/wp-content\/uploads\/2019\/12\/809910.jpg",800,600,false],"landscape":["https:\/\/arantv.az\/wp-content\/uploads\/2019\/12\/809910.jpg",800,600,false],"portraits":["https:\/\/arantv.az\/wp-content\/uploads\/2019\/12\/809910.jpg",800,600,false],"thumbnail":["https:\/\/arantv.az\/wp-content\/uploads\/2019\/12\/809910-150x150.jpg",150,150,true],"medium":["https:\/\/arantv.az\/wp-content\/uploads\/2019\/12\/809910-300x225.jpg",300,225,true],"large":["https:\/\/arantv.az\/wp-content\/uploads\/2019\/12\/809910.jpg",640,480,false],"1536x1536":["https:\/\/arantv.az\/wp-content\/uploads\/2019\/12\/809910.jpg",800,600,false],"2048x2048":["https:\/\/arantv.az\/wp-content\/uploads\/2019\/12\/809910.jpg",800,600,false],"post-thumbnail":["https:\/\/arantv.az\/wp-content\/uploads\/2019\/12\/809910-240x172.jpg",240,172,true],"advps-thumb-one":["https:\/\/arantv.az\/wp-content\/uploads\/2019\/12\/809910.jpg",800,600,false]},"rttpg_author":{"display_name":"V\u00fcsal Rafiqo\u011flu","author_link":"https:\/\/arantv.az\/?author=2"},"rttpg_comment":0,"rttpg_category":"<a href=\"https:\/\/arantv.az\/?cat=1\" rel=\"category\">C\u0259miyy\u0259t<\/a>","rttpg_excerpt":"Bu g\u00fcn Yeni Az\u0259rbaycan Partiyas\u0131n\u0131n (YAP) q\u0259rargah\u0131nda ulu \u00f6nd\u0259r Heyd\u0259r \u018fliyevin an\u0131m g\u00fcn\u00fc il\u0259 ba\u011fl\u0131 t\u0259dbir ke\u00e7irilib. ARANTV.AZ\u00a0\u00a0Trend-\u0259 istinad\u0259n x\u0259b\u0259r verir ki, t\u0259dbird\u0259 deputatlar, ziyal\u0131lar v\u0259 g\u0259ncl\u0259r t\u0259\u015fkilatlar\u0131n\u0131n \u00fczvl\u0259ri i\u015ftirak edib. T\u0259dbiri a\u00e7\u0131q elan ed\u0259n Yeni Az\u0259rbaycan Partiyas\u0131n\u0131n \u0130cra katibinin m\u00fcavini Siyavu\u015f Novruzov bildirib ki, Heyd\u0259r \u018fliyevin h\u0259yata ke\u00e7irdiyi u\u011furlu siyas\u0259t bu g\u00fcn d\u0259 layiqinc\u0259&hellip;","_links":{"self":[{"href":"https:\/\/arantv.az\/index.php?rest_route=\/wp\/v2\/posts\/106595"}],"collection":[{"href":"https:\/\/arantv.az\/index.php?rest_route=\/wp\/v2\/posts"}],"about":[{"href":"https:\/\/arantv.az\/index.php?rest_route=\/wp\/v2\/types\/post"}],"author":[{"embeddable":true,"href":"https:\/\/arantv.az\/index.php?rest_route=\/wp\/v2\/users\/2"}],"replies":[{"embeddable":true,"href":"https:\/\/arantv.az\/index.php?rest_route=%2Fwp%2Fv2%2Fcomments&post=106595"}],"version-history":[{"count":0,"href":"https:\/\/arantv.az\/index.php?rest_route=\/wp\/v2\/posts\/106595\/revisions"}],"wp:featuredmedia":[{"embeddable":true,"href":"https:\/\/arantv.az\/index.php?rest_route=\/wp\/v2\/media\/106596"}],"wp:attachment":[{"href":"https:\/\/arantv.az\/index.php?rest_route=%2Fwp%2Fv2%2Fmedia&parent=106595"}],"wp:term":[{"taxonomy":"category","embeddable":true,"href":"https:\/\/arantv.az\/index.php?rest_route=%2Fwp%2Fv2%2Fcategories&post=106595"},{"taxonomy":"post_tag","embeddable":true,"href":"https:\/\/arantv.az\/index.php?rest_route=%2Fwp%2Fv2%2Ftags&post=106595"}],"curies":[{"name":"wp","href":"https:\/\/api.w.org\/{rel}","templated":true}]}}