{"id":106599,"date":"2019-12-12T13:47:26","date_gmt":"2019-12-12T10:47:26","guid":{"rendered":"http:\/\/arantv.az\/?p=106599"},"modified":"2019-12-12T13:47:26","modified_gmt":"2019-12-12T10:47:26","slug":"baki-m%c9%99sh%c9%99d-istiqam%c9%99tind%c9%99-birbasa-ucuslar-baslanir","status":"publish","type":"post","link":"https:\/\/arantv.az\/?p=106599","title":{"rendered":"Bak\u0131-M\u0259\u015fh\u0259d istiqam\u0259tind\u0259 birba\u015fa u\u00e7u\u015flar ba\u015flan\u0131r"},"content":{"rendered":"<p>16 dekabrdan etibar\u0259n \u0130ran\u0131n M\u0259\u015fh\u0259d \u015f\u0259h\u0259ri il\u0259 Az\u0259rbaycan\u0131n Bak\u0131 \u015f\u0259h\u0259ri aras\u0131nda birba\u015fa aviareysl\u0259r t\u0259\u015fkil olunacaq.<\/p>\n<p><strong>ARANTV.AZ<\/strong> x\u0259b\u0259r verir ki, bu bar\u0259d\u0259\u00a0<a href=\"https:\/\/az.trend.az\/\" target=\"_blank\" rel=\"noopener\">Trend<\/a>-\u0259 \u0130ran\u0131n Az\u0259rbaycandak\u0131 s\u0259firliyind\u0259n m\u0259lumat verilib.<\/p>\n<p>\u0130ran\u0131n Az\u0259rbaycandak\u0131 s\u0259firliyi bildirir ki, \u0130ran \u0130slam Respublikas\u0131 qarda\u015f v\u0259 dost Az\u0259rbaycan Respublikas\u0131 il\u0259 \u0259laq\u0259l\u0259rinin daha da inki\u015faf etdirilm\u0259si m\u0259qs\u0259dil\u0259 M\u0259\u015fh\u0259d-Bak\u0131 v\u0259 \u0259ks istiqam\u0259td\u0259 birba\u015fa u\u00e7u\u015flar t\u0259\u015fkil olunacaq.<\/p>\n<p>Bildirilir ki, qeyd olunan aviareys h\u0259ft\u0259d\u0259 iki d\u0259f\u0259 olmaqla, 1-ci v\u0259 4-c\u00fc g\u00fcnl\u0259r h\u0259yata ke\u00e7iril\u0259c\u0259k.<\/p>\n<p>S\u0259firlik bildirir ki, bu plan\u0131n icra\u00e7\u0131s\u0131 &#8220;Bakustar&#8221; \u015firk\u0259tidir. &#8220;Bakustar&#8221; \u015firk\u0259ti bu g\u00fcnd\u0259n etibar\u0259n Az\u0259rbaycan Respublikas\u0131n\u0131n b\u00fct\u00fcn s\u0259rni\u015finl\u0259rin\u0259 \u00f6z aviaxidm\u0259tl\u0259rini t\u0259klif edir.<\/p>\n","protected":false},"excerpt":{"rendered":"<p>16 dekabrdan etibar\u0259n \u0130ran\u0131n M\u0259\u015fh\u0259d \u015f\u0259h\u0259ri il\u0259 Az\u0259rbaycan\u0131n Bak\u0131 \u015f\u0259h\u0259ri aras\u0131nda birba\u015fa aviareysl\u0259r t\u0259\u015fkil olunacaq. ARANTV.AZ x\u0259b\u0259r verir ki, bu bar\u0259d\u0259\u00a0Trend-\u0259 \u0130ran\u0131n Az\u0259rbaycandak\u0131 s\u0259firliyind\u0259n m\u0259lumat verilib. \u0130ran\u0131n Az\u0259rbaycandak\u0131 s\u0259firliyi bildirir ki, \u0130ran \u0130slam Respublikas\u0131 qarda\u015f v\u0259 dost Az\u0259rbaycan Respublikas\u0131 il\u0259 \u0259laq\u0259l\u0259rinin daha da inki\u015faf etdirilm\u0259si m\u0259qs\u0259dil\u0259 M\u0259\u015fh\u0259d-Bak\u0131 v\u0259 \u0259ks istiqam\u0259td\u0259 birba\u015fa u\u00e7u\u015flar t\u0259\u015fkil olunacaq. Bildirilir ki, qeyd olunan aviareys h\u0259ft\u0259d\u0259 iki d\u0259f\u0259 olmaqla, 1-ci v\u0259 4-c\u00fc g\u00fcnl\u0259r h\u0259yata ke\u00e7iril\u0259c\u0259k. S\u0259firlik bildirir ki, bu plan\u0131n icra\u00e7\u0131s\u0131 &#8220;Bakustar&#8221; \u015firk\u0259tidir. &#8220;Bakustar&#8221; \u015firk\u0259ti bu g\u00fcnd\u0259n etibar\u0259n Az\u0259rbaycan Respublikas\u0131n\u0131n b\u00fct\u00fcn s\u0259rni\u015finl\u0259rin\u0259 \u00f6z aviaxidm\u0259tl\u0259rini t\u0259klif edir.<\/p>\n","protected":false},"author":2,"featured_media":106600,"comment_status":"closed","ping_status":"closed","sticky":false,"template":"","format":"standard","meta":{"om_disable_all_campaigns":false,"_monsterinsights_skip_tracking":false,"_monsterinsights_sitenote_active":false,"_monsterinsights_sitenote_note":"","_monsterinsights_sitenote_category":0},"categories":[1],"tags":[],"aioseo_notices":[],"gutentor_comment":0,"rttpg_featured_image_url":{"full":["https:\/\/arantv.az\/wp-content\/uploads\/2019\/12\/809891.jpg",800,600,false],"landscape":["https:\/\/arantv.az\/wp-content\/uploads\/2019\/12\/809891.jpg",800,600,false],"portraits":["https:\/\/arantv.az\/wp-content\/uploads\/2019\/12\/809891.jpg",800,600,false],"thumbnail":["https:\/\/arantv.az\/wp-content\/uploads\/2019\/12\/809891-150x150.jpg",150,150,true],"medium":["https:\/\/arantv.az\/wp-content\/uploads\/2019\/12\/809891-300x225.jpg",300,225,true],"large":["https:\/\/arantv.az\/wp-content\/uploads\/2019\/12\/809891.jpg",640,480,false],"1536x1536":["https:\/\/arantv.az\/wp-content\/uploads\/2019\/12\/809891.jpg",800,600,false],"2048x2048":["https:\/\/arantv.az\/wp-content\/uploads\/2019\/12\/809891.jpg",800,600,false],"post-thumbnail":["https:\/\/arantv.az\/wp-content\/uploads\/2019\/12\/809891-240x172.jpg",240,172,true],"advps-thumb-one":["https:\/\/arantv.az\/wp-content\/uploads\/2019\/12\/809891.jpg",800,600,false]},"rttpg_author":{"display_name":"V\u00fcsal Rafiqo\u011flu","author_link":"https:\/\/arantv.az\/?author=2"},"rttpg_comment":0,"rttpg_category":"<a href=\"https:\/\/arantv.az\/?cat=1\" rel=\"category\">C\u0259miyy\u0259t<\/a>","rttpg_excerpt":"16 dekabrdan etibar\u0259n \u0130ran\u0131n M\u0259\u015fh\u0259d \u015f\u0259h\u0259ri il\u0259 Az\u0259rbaycan\u0131n Bak\u0131 \u015f\u0259h\u0259ri aras\u0131nda birba\u015fa aviareysl\u0259r t\u0259\u015fkil olunacaq. ARANTV.AZ x\u0259b\u0259r verir ki, bu bar\u0259d\u0259\u00a0Trend-\u0259 \u0130ran\u0131n Az\u0259rbaycandak\u0131 s\u0259firliyind\u0259n m\u0259lumat verilib. \u0130ran\u0131n Az\u0259rbaycandak\u0131 s\u0259firliyi bildirir ki, \u0130ran \u0130slam Respublikas\u0131 qarda\u015f v\u0259 dost Az\u0259rbaycan Respublikas\u0131 il\u0259 \u0259laq\u0259l\u0259rinin daha da inki\u015faf etdirilm\u0259si m\u0259qs\u0259dil\u0259 M\u0259\u015fh\u0259d-Bak\u0131 v\u0259 \u0259ks istiqam\u0259td\u0259 birba\u015fa u\u00e7u\u015flar t\u0259\u015fkil olunacaq. Bildirilir&hellip;","_links":{"self":[{"href":"https:\/\/arantv.az\/index.php?rest_route=\/wp\/v2\/posts\/106599"}],"collection":[{"href":"https:\/\/arantv.az\/index.php?rest_route=\/wp\/v2\/posts"}],"about":[{"href":"https:\/\/arantv.az\/index.php?rest_route=\/wp\/v2\/types\/post"}],"author":[{"embeddable":true,"href":"https:\/\/arantv.az\/index.php?rest_route=\/wp\/v2\/users\/2"}],"replies":[{"embeddable":true,"href":"https:\/\/arantv.az\/index.php?rest_route=%2Fwp%2Fv2%2Fcomments&post=106599"}],"version-history":[{"count":0,"href":"https:\/\/arantv.az\/index.php?rest_route=\/wp\/v2\/posts\/106599\/revisions"}],"wp:featuredmedia":[{"embeddable":true,"href":"https:\/\/arantv.az\/index.php?rest_route=\/wp\/v2\/media\/106600"}],"wp:attachment":[{"href":"https:\/\/arantv.az\/index.php?rest_route=%2Fwp%2Fv2%2Fmedia&parent=106599"}],"wp:term":[{"taxonomy":"category","embeddable":true,"href":"https:\/\/arantv.az\/index.php?rest_route=%2Fwp%2Fv2%2Fcategories&post=106599"},{"taxonomy":"post_tag","embeddable":true,"href":"https:\/\/arantv.az\/index.php?rest_route=%2Fwp%2Fv2%2Ftags&post=106599"}],"curies":[{"name":"wp","href":"https:\/\/api.w.org\/{rel}","templated":true}]}}