{"id":106608,"date":"2019-12-12T13:53:34","date_gmt":"2019-12-12T10:53:34","guid":{"rendered":"http:\/\/arantv.az\/?p=106608"},"modified":"2019-12-12T13:53:34","modified_gmt":"2019-12-12T10:53:34","slug":"prezident-v%c9%99-ail%c9%99si-heyd%c9%99r-%c9%99liyevin-m%c9%99zarini-ziyar%c9%99t-etdi-video-fotolar","status":"publish","type":"post","link":"https:\/\/arantv.az\/?p=106608","title":{"rendered":"Prezident v\u0259 ail\u0259si Heyd\u0259r \u018fliyevin m\u0259zar\u0131n\u0131 ziyar\u0259t etdi &#8211; Video + Fotolar"},"content":{"rendered":"<div id=\"xeber_yazi\">\n<p><strong>Bu g\u00fcn Heyd\u0259r \u018fliyevin v\u0259fat\u0131ndan 16 il ke\u00e7ir.<\/strong><\/p>\n<div id=\"AdviadNativeVideo0\" class=\"AdviadNativeVideo\"><\/div>\n<p><strong>ARANTV.AZ<\/strong> x\u0259b\u0259r verir ki, dekabr\u0131n 12-d\u0259 Prezident \u0130lham \u018fliyev, birinci xan\u0131m Mehriban \u018fliyeva v\u0259 ail\u0259 \u00fczvl\u0259ri F\u0259xri xiyabana g\u0259l\u0259r\u0259k \u00fcmummilli lider Heyd\u0259r \u018fliyevin m\u0259zar\u0131n\u0131 ziyar\u0259t edibl\u0259r.<\/p>\n<p>Milli M\u0259clisin deputatlar\u0131, nazirl\u0259r, komit\u0259l\u0259rin, \u015firk\u0259tl\u0259rin v\u0259 idar\u0259l\u0259rin r\u0259hb\u0259rl\u0259ri, respublika ictimaiyy\u0259tinin n\u00fcmay\u0259nd\u0259l\u0259ri d\u0259 F\u0259xri xiyabana g\u0259libl\u0259r.<\/p>\n<p>Prezident \u0130lham \u018fliyev Ulu \u00d6nd\u0259rin m\u0259zar\u0131 \u00f6n\u00fcn\u0259 \u0259klil qoyub. Az\u0259rbaycan\u0131n d\u00f6vl\u0259t himni s\u0259sl\u0259nib.<\/p>\n<p>D\u00f6vl\u0259timizin ba\u015f\u00e7\u0131s\u0131 \u0130lham \u018fliyev v\u0259 ail\u0259 \u00fczvl\u0259ri Ulu \u00d6nd\u0259rin \u00f6m\u00fcr-g\u00fcn yolda\u015f\u0131, g\u00f6rk\u0259mli oftalmoloq-alim, akademik Z\u0259rif\u0259 \u018fliyevan\u0131n da m\u0259zar\u0131 \u00fcz\u0259rin\u0259 g\u00fcl d\u0259st\u0259l\u0259ri qoyublar.<\/p>\n<p>Tan\u0131nm\u0131\u015f d\u00f6vl\u0259t xadimi \u018fziz \u018fliyevin v\u0259 professor Tamerlan \u018fliyevin d\u0259 xatir\u0259l\u0259ri yad edilib, m\u0259zarlar\u0131 \u00fcst\u00fcn\u0259 g\u00fcl d\u0259st\u0259l\u0259ri d\u00fcz\u00fcl\u00fcb.<\/p>\n<p>\u00dcmummilli lider Heyd\u0259r \u018fliyevin m\u0259zar\u0131n\u0131n ziyar\u0259t edilm\u0259si m\u0259rasimind\u0259 Ba\u015f Nazir \u018fli \u018fs\u0259dov, Milli M\u0259clisin S\u0259dri Oqtay \u018fs\u0259dov, Prezident Administrasiyas\u0131n\u0131n r\u0259hb\u0259ri Samir Nuriyev v\u0259 dig\u0259r r\u0259smi \u015f\u0259xsl\u0259r i\u015ftirak edibl\u0259r.Ax\u015fam.az<\/p>\n<p><iframe loading=\"lazy\" src=\"https:\/\/ok.ru\/videoembed\/1511453231828\" width=\"760\" height=\"450\" data-mce-fragment=\"1\"><\/iframe><\/div>\n<div class=\"postDetails row-margin-top10\">\n<div class=\"col-md-3\">\n<div class=\"col-md-4\"><\/div>\n<\/div>\n<\/div>\n","protected":false},"excerpt":{"rendered":"<p>Bu g\u00fcn Heyd\u0259r \u018fliyevin v\u0259fat\u0131ndan 16 il ke\u00e7ir. ARANTV.AZ x\u0259b\u0259r verir ki, dekabr\u0131n 12-d\u0259 Prezident \u0130lham \u018fliyev, birinci xan\u0131m Mehriban \u018fliyeva v\u0259 ail\u0259 \u00fczvl\u0259ri F\u0259xri xiyabana g\u0259l\u0259r\u0259k \u00fcmummilli lider Heyd\u0259r \u018fliyevin m\u0259zar\u0131n\u0131 ziyar\u0259t edibl\u0259r. Milli M\u0259clisin deputatlar\u0131, nazirl\u0259r, komit\u0259l\u0259rin, \u015firk\u0259tl\u0259rin v\u0259 idar\u0259l\u0259rin r\u0259hb\u0259rl\u0259ri, respublika ictimaiyy\u0259tinin n\u00fcmay\u0259nd\u0259l\u0259ri d\u0259 F\u0259xri xiyabana g\u0259libl\u0259r. Prezident \u0130lham \u018fliyev Ulu \u00d6nd\u0259rin m\u0259zar\u0131 \u00f6n\u00fcn\u0259 \u0259klil qoyub. Az\u0259rbaycan\u0131n d\u00f6vl\u0259t himni s\u0259sl\u0259nib. D\u00f6vl\u0259timizin ba\u015f\u00e7\u0131s\u0131 \u0130lham \u018fliyev v\u0259 ail\u0259 \u00fczvl\u0259ri Ulu \u00d6nd\u0259rin \u00f6m\u00fcr-g\u00fcn yolda\u015f\u0131, g\u00f6rk\u0259mli oftalmoloq-alim, akademik Z\u0259rif\u0259 \u018fliyevan\u0131n da m\u0259zar\u0131 \u00fcz\u0259rin\u0259 g\u00fcl d\u0259st\u0259l\u0259ri qoyublar. Tan\u0131nm\u0131\u015f d\u00f6vl\u0259t xadimi \u018fziz \u018fliyevin&hellip;<\/p>\n","protected":false},"author":2,"featured_media":106609,"comment_status":"closed","ping_status":"closed","sticky":false,"template":"","format":"standard","meta":{"om_disable_all_campaigns":false,"_monsterinsights_skip_tracking":false,"_monsterinsights_sitenote_active":false,"_monsterinsights_sitenote_note":"","_monsterinsights_sitenote_category":0},"categories":[4],"tags":[],"aioseo_notices":[],"gutentor_comment":0,"rttpg_featured_image_url":{"full":["https:\/\/arantv.az\/wp-content\/uploads\/2019\/12\/188849_cwm11vg7xc.jpg",1000,585,false],"landscape":["https:\/\/arantv.az\/wp-content\/uploads\/2019\/12\/188849_cwm11vg7xc.jpg",1000,585,false],"portraits":["https:\/\/arantv.az\/wp-content\/uploads\/2019\/12\/188849_cwm11vg7xc.jpg",1000,585,false],"thumbnail":["https:\/\/arantv.az\/wp-content\/uploads\/2019\/12\/188849_cwm11vg7xc-150x150.jpg",150,150,true],"medium":["https:\/\/arantv.az\/wp-content\/uploads\/2019\/12\/188849_cwm11vg7xc-300x176.jpg",300,176,true],"large":["https:\/\/arantv.az\/wp-content\/uploads\/2019\/12\/188849_cwm11vg7xc.jpg",640,374,false],"1536x1536":["https:\/\/arantv.az\/wp-content\/uploads\/2019\/12\/188849_cwm11vg7xc.jpg",1000,585,false],"2048x2048":["https:\/\/arantv.az\/wp-content\/uploads\/2019\/12\/188849_cwm11vg7xc.jpg",1000,585,false],"post-thumbnail":["https:\/\/arantv.az\/wp-content\/uploads\/2019\/12\/188849_cwm11vg7xc-240x172.jpg",240,172,true],"advps-thumb-one":["https:\/\/arantv.az\/wp-content\/uploads\/2019\/12\/188849_cwm11vg7xc.jpg",1000,585,false]},"rttpg_author":{"display_name":"V\u00fcsal Rafiqo\u011flu","author_link":"https:\/\/arantv.az\/?author=2"},"rttpg_comment":0,"rttpg_category":"<a href=\"https:\/\/arantv.az\/?cat=4\" rel=\"category\">Siyas\u0259t<\/a>","rttpg_excerpt":"Bu g\u00fcn Heyd\u0259r \u018fliyevin v\u0259fat\u0131ndan 16 il ke\u00e7ir. ARANTV.AZ x\u0259b\u0259r verir ki, dekabr\u0131n 12-d\u0259 Prezident \u0130lham \u018fliyev, birinci xan\u0131m Mehriban \u018fliyeva v\u0259 ail\u0259 \u00fczvl\u0259ri F\u0259xri xiyabana g\u0259l\u0259r\u0259k \u00fcmummilli lider Heyd\u0259r \u018fliyevin m\u0259zar\u0131n\u0131 ziyar\u0259t edibl\u0259r. Milli M\u0259clisin deputatlar\u0131, nazirl\u0259r, komit\u0259l\u0259rin, \u015firk\u0259tl\u0259rin v\u0259 idar\u0259l\u0259rin r\u0259hb\u0259rl\u0259ri, respublika ictimaiyy\u0259tinin n\u00fcmay\u0259nd\u0259l\u0259ri d\u0259 F\u0259xri xiyabana g\u0259libl\u0259r. Prezident \u0130lham \u018fliyev Ulu \u00d6nd\u0259rin&hellip;","_links":{"self":[{"href":"https:\/\/arantv.az\/index.php?rest_route=\/wp\/v2\/posts\/106608"}],"collection":[{"href":"https:\/\/arantv.az\/index.php?rest_route=\/wp\/v2\/posts"}],"about":[{"href":"https:\/\/arantv.az\/index.php?rest_route=\/wp\/v2\/types\/post"}],"author":[{"embeddable":true,"href":"https:\/\/arantv.az\/index.php?rest_route=\/wp\/v2\/users\/2"}],"replies":[{"embeddable":true,"href":"https:\/\/arantv.az\/index.php?rest_route=%2Fwp%2Fv2%2Fcomments&post=106608"}],"version-history":[{"count":0,"href":"https:\/\/arantv.az\/index.php?rest_route=\/wp\/v2\/posts\/106608\/revisions"}],"wp:featuredmedia":[{"embeddable":true,"href":"https:\/\/arantv.az\/index.php?rest_route=\/wp\/v2\/media\/106609"}],"wp:attachment":[{"href":"https:\/\/arantv.az\/index.php?rest_route=%2Fwp%2Fv2%2Fmedia&parent=106608"}],"wp:term":[{"taxonomy":"category","embeddable":true,"href":"https:\/\/arantv.az\/index.php?rest_route=%2Fwp%2Fv2%2Fcategories&post=106608"},{"taxonomy":"post_tag","embeddable":true,"href":"https:\/\/arantv.az\/index.php?rest_route=%2Fwp%2Fv2%2Ftags&post=106608"}],"curies":[{"name":"wp","href":"https:\/\/api.w.org\/{rel}","templated":true}]}}