{"id":106638,"date":"2019-12-12T14:16:15","date_gmt":"2019-12-12T11:16:15","guid":{"rendered":"http:\/\/arantv.az\/?p=106638"},"modified":"2019-12-12T14:16:15","modified_gmt":"2019-12-12T11:16:15","slug":"yasin-qarayev-heyd%c9%99r-%c9%99liyev-az%c9%99rbaycan-m%c9%99d%c9%99niyy%c9%99tin%c9%99-boyuk-diqq%c9%99t-gost%c9%99rib","status":"publish","type":"post","link":"https:\/\/arantv.az\/?p=106638","title":{"rendered":"Yasin Qarayev: &#8220;Heyd\u0259r \u018fliyev Az\u0259rbaycan m\u0259d\u0259niyy\u0259tin\u0259 b\u00f6y\u00fck diqq\u0259t g\u00f6st\u0259rib&#8221;"},"content":{"rendered":"<p>&#8220;Bu g\u00fcn \u00e7ox sayda teatr adam\u0131 Heyd\u0259r \u018fliyevin qay\u011f\u0131s\u0131 n\u0259tic\u0259sind\u0259 y\u00fcks\u0259k s\u0259viyy\u0259y\u0259 \u00e7at\u0131b&#8221;.<\/p>\n<p><strong>ARANTV.AZ<\/strong>\u00a0 x\u0259b\u0259r verir ki, bunu\u00a0<a href=\"https:\/\/az.trend.az\/\" target=\"_blank\" rel=\"noopener\">Trend<\/a>-\u0259 Az\u0259rbaycan\u0131n tan\u0131nm\u0131\u015f teatr v\u0259 televiziya aktyoru, Xalq artisti Yasin Qarayev bildirib. Onun s\u00f6zl\u0259rin\u0259 g\u00f6r\u0259, Heyd\u0259r \u018fliyev Az\u0259rbaycan s\u0259n\u0259tin\u0259, m\u0259d\u0259niyy\u0259tin\u0259 daim b\u00f6y\u00fck diqq\u0259t g\u00f6st\u0259rib:<\/p>\n<p>&#8220;Ulu \u00f6nd\u0259r Heyd\u0259r \u018fliyev teatr\u0131 v\u0259 inc\u0259s\u0259n\u0259ti sev\u0259n birisi olub. Bu g\u00fcn inc\u0259s\u0259n\u0259td\u0259 \u00e7ox sayda insan var ki, onlar m\u0259hz Heyd\u0259r \u018fliyevin qay\u011f\u0131s\u0131 n\u0259tic\u0259sind\u0259 y\u00fcks\u0259k s\u0259viyy\u0259y\u0259 \u00e7at\u0131blar. Prezident t\u0259qa\u00fcd\u00fc, f\u0259xri adlar v\u0259 bu kimi vacib naliyy\u0259tl\u0259ri onun say\u0259sind\u0259 \u0259ld\u0259 edibl\u0259r.<\/p>\n<p>Heyd\u0259r \u018fliyev d\u00fcnyas\u0131n\u0131 d\u0259yi\u015f\u0259nd\u0259 el\u0259 hiss ke\u00e7irtdim ki, sanki bir yax\u0131n v\u0259 \u0259ziz qohumumu itirdim, Allah ona r\u0259hm\u0259t el\u0259sin&#8221;.<\/p>\n","protected":false},"excerpt":{"rendered":"<p>&#8220;Bu g\u00fcn \u00e7ox sayda teatr adam\u0131 Heyd\u0259r \u018fliyevin qay\u011f\u0131s\u0131 n\u0259tic\u0259sind\u0259 y\u00fcks\u0259k s\u0259viyy\u0259y\u0259 \u00e7at\u0131b&#8221;. ARANTV.AZ\u00a0 x\u0259b\u0259r verir ki, bunu\u00a0Trend-\u0259 Az\u0259rbaycan\u0131n tan\u0131nm\u0131\u015f teatr v\u0259 televiziya aktyoru, Xalq artisti Yasin Qarayev bildirib. Onun s\u00f6zl\u0259rin\u0259 g\u00f6r\u0259, Heyd\u0259r \u018fliyev Az\u0259rbaycan s\u0259n\u0259tin\u0259, m\u0259d\u0259niyy\u0259tin\u0259 daim b\u00f6y\u00fck diqq\u0259t g\u00f6st\u0259rib: &#8220;Ulu \u00f6nd\u0259r Heyd\u0259r \u018fliyev teatr\u0131 v\u0259 inc\u0259s\u0259n\u0259ti sev\u0259n birisi olub. Bu g\u00fcn inc\u0259s\u0259n\u0259td\u0259 \u00e7ox sayda insan var ki, onlar m\u0259hz Heyd\u0259r \u018fliyevin qay\u011f\u0131s\u0131 n\u0259tic\u0259sind\u0259 y\u00fcks\u0259k s\u0259viyy\u0259y\u0259 \u00e7at\u0131blar. Prezident t\u0259qa\u00fcd\u00fc, f\u0259xri adlar v\u0259 bu kimi vacib naliyy\u0259tl\u0259ri onun say\u0259sind\u0259 \u0259ld\u0259 edibl\u0259r. Heyd\u0259r \u018fliyev d\u00fcnyas\u0131n\u0131 d\u0259yi\u015f\u0259nd\u0259 el\u0259 hiss ke\u00e7irtdim ki, sanki&hellip;<\/p>\n","protected":false},"author":2,"featured_media":106639,"comment_status":"closed","ping_status":"closed","sticky":false,"template":"","format":"standard","meta":{"om_disable_all_campaigns":false,"_monsterinsights_skip_tracking":false,"_monsterinsights_sitenote_active":false,"_monsterinsights_sitenote_note":"","_monsterinsights_sitenote_category":0},"categories":[4],"tags":[],"aioseo_notices":[],"gutentor_comment":0,"rttpg_featured_image_url":{"full":["https:\/\/arantv.az\/wp-content\/uploads\/2019\/12\/809927.jpg",800,600,false],"landscape":["https:\/\/arantv.az\/wp-content\/uploads\/2019\/12\/809927.jpg",800,600,false],"portraits":["https:\/\/arantv.az\/wp-content\/uploads\/2019\/12\/809927.jpg",800,600,false],"thumbnail":["https:\/\/arantv.az\/wp-content\/uploads\/2019\/12\/809927-150x150.jpg",150,150,true],"medium":["https:\/\/arantv.az\/wp-content\/uploads\/2019\/12\/809927-300x225.jpg",300,225,true],"large":["https:\/\/arantv.az\/wp-content\/uploads\/2019\/12\/809927.jpg",640,480,false],"1536x1536":["https:\/\/arantv.az\/wp-content\/uploads\/2019\/12\/809927.jpg",800,600,false],"2048x2048":["https:\/\/arantv.az\/wp-content\/uploads\/2019\/12\/809927.jpg",800,600,false],"post-thumbnail":["https:\/\/arantv.az\/wp-content\/uploads\/2019\/12\/809927-240x172.jpg",240,172,true],"advps-thumb-one":["https:\/\/arantv.az\/wp-content\/uploads\/2019\/12\/809927.jpg",800,600,false]},"rttpg_author":{"display_name":"V\u00fcsal Rafiqo\u011flu","author_link":"https:\/\/arantv.az\/?author=2"},"rttpg_comment":0,"rttpg_category":"<a href=\"https:\/\/arantv.az\/?cat=4\" rel=\"category\">Siyas\u0259t<\/a>","rttpg_excerpt":"&#8220;Bu g\u00fcn \u00e7ox sayda teatr adam\u0131 Heyd\u0259r \u018fliyevin qay\u011f\u0131s\u0131 n\u0259tic\u0259sind\u0259 y\u00fcks\u0259k s\u0259viyy\u0259y\u0259 \u00e7at\u0131b&#8221;. ARANTV.AZ\u00a0 x\u0259b\u0259r verir ki, bunu\u00a0Trend-\u0259 Az\u0259rbaycan\u0131n tan\u0131nm\u0131\u015f teatr v\u0259 televiziya aktyoru, Xalq artisti Yasin Qarayev bildirib. Onun s\u00f6zl\u0259rin\u0259 g\u00f6r\u0259, Heyd\u0259r \u018fliyev Az\u0259rbaycan s\u0259n\u0259tin\u0259, m\u0259d\u0259niyy\u0259tin\u0259 daim b\u00f6y\u00fck diqq\u0259t g\u00f6st\u0259rib: &#8220;Ulu \u00f6nd\u0259r Heyd\u0259r \u018fliyev teatr\u0131 v\u0259 inc\u0259s\u0259n\u0259ti sev\u0259n birisi olub. Bu g\u00fcn inc\u0259s\u0259n\u0259td\u0259 \u00e7ox&hellip;","_links":{"self":[{"href":"https:\/\/arantv.az\/index.php?rest_route=\/wp\/v2\/posts\/106638"}],"collection":[{"href":"https:\/\/arantv.az\/index.php?rest_route=\/wp\/v2\/posts"}],"about":[{"href":"https:\/\/arantv.az\/index.php?rest_route=\/wp\/v2\/types\/post"}],"author":[{"embeddable":true,"href":"https:\/\/arantv.az\/index.php?rest_route=\/wp\/v2\/users\/2"}],"replies":[{"embeddable":true,"href":"https:\/\/arantv.az\/index.php?rest_route=%2Fwp%2Fv2%2Fcomments&post=106638"}],"version-history":[{"count":0,"href":"https:\/\/arantv.az\/index.php?rest_route=\/wp\/v2\/posts\/106638\/revisions"}],"wp:featuredmedia":[{"embeddable":true,"href":"https:\/\/arantv.az\/index.php?rest_route=\/wp\/v2\/media\/106639"}],"wp:attachment":[{"href":"https:\/\/arantv.az\/index.php?rest_route=%2Fwp%2Fv2%2Fmedia&parent=106638"}],"wp:term":[{"taxonomy":"category","embeddable":true,"href":"https:\/\/arantv.az\/index.php?rest_route=%2Fwp%2Fv2%2Fcategories&post=106638"},{"taxonomy":"post_tag","embeddable":true,"href":"https:\/\/arantv.az\/index.php?rest_route=%2Fwp%2Fv2%2Ftags&post=106638"}],"curies":[{"name":"wp","href":"https:\/\/api.w.org\/{rel}","templated":true}]}}