{"id":106642,"date":"2019-12-12T14:32:20","date_gmt":"2019-12-12T11:32:20","guid":{"rendered":"http:\/\/arantv.az\/?p=106642"},"modified":"2019-12-12T14:32:20","modified_gmt":"2019-12-12T11:32:20","slug":"t%c9%99hsil-nazirliyi-gurcustanda-az%c9%99rbaycanli-sagirdl%c9%99rin-d%c9%99rslikl%c9%99rl%c9%99-t%c9%99min-olunmasini-oz-uz%c9%99rin%c9%99-goturub","status":"publish","type":"post","link":"https:\/\/arantv.az\/?p=106642","title":{"rendered":"T\u0259hsil Nazirliyi G\u00fcrc\u00fcstanda az\u0259rbaycanl\u0131 \u015fagirdl\u0259rin d\u0259rslikl\u0259rl\u0259 t\u0259min olunmas\u0131n\u0131 \u00f6z \u00fcz\u0259rin\u0259 g\u00f6t\u00fcr\u00fcb"},"content":{"rendered":"<p>&#8220;G\u00fcrc\u00fcstanda f\u0259aliyy\u0259t g\u00f6st\u0259r\u0259n Az\u0259rbaycan m\u0259kt\u0259bl\u0259ri T\u0259hsil Nazirliyinin diqq\u0259tind\u0259dir&#8221;.<\/p>\n<p><strong>ARANTV.AZ<\/strong>\u00a0<a href=\"https:\/\/az.trend.az\/\" target=\"_blank\" rel=\"noopener\">Trend<\/a>-\u0259 istinad\u0259n x\u0259b\u0259r verir ki, bunu jurnalistl\u0259r\u0259 a\u00e7\u0131qlamas\u0131nda T\u0259hsil nazirinin m\u00fcavini M\u0259h\u0259bb\u0259t V\u0259liyeva deyib. Onun s\u00f6zl\u0259rin\u0259 g\u00f6r\u0259, T\u0259hsil Nazirliyi h\u0259min m\u0259kt\u0259bl\u0259rd\u0259 \u015fagirdl\u0259rin d\u0259rslikl\u0259rl\u0259 t\u0259min olunmas\u0131n\u0131 \u00f6z \u00fcz\u0259rin\u0259 g\u00f6t\u00fcr\u00fcb:<\/p>\n<p>&#8220;Eyni zamanda h\u0259min m\u0259kt\u0259bl\u0259rd\u0259 kadr t\u0259yinat\u0131 m\u0259s\u0259l\u0259si d\u0259 T\u0259hsil Nazirliyinin diqq\u0259tind\u0259dir&#8221;.<\/p>\n","protected":false},"excerpt":{"rendered":"<p>&#8220;G\u00fcrc\u00fcstanda f\u0259aliyy\u0259t g\u00f6st\u0259r\u0259n Az\u0259rbaycan m\u0259kt\u0259bl\u0259ri T\u0259hsil Nazirliyinin diqq\u0259tind\u0259dir&#8221;. ARANTV.AZ\u00a0Trend-\u0259 istinad\u0259n x\u0259b\u0259r verir ki, bunu jurnalistl\u0259r\u0259 a\u00e7\u0131qlamas\u0131nda T\u0259hsil nazirinin m\u00fcavini M\u0259h\u0259bb\u0259t V\u0259liyeva deyib. Onun s\u00f6zl\u0259rin\u0259 g\u00f6r\u0259, T\u0259hsil Nazirliyi h\u0259min m\u0259kt\u0259bl\u0259rd\u0259 \u015fagirdl\u0259rin d\u0259rslikl\u0259rl\u0259 t\u0259min olunmas\u0131n\u0131 \u00f6z \u00fcz\u0259rin\u0259 g\u00f6t\u00fcr\u00fcb: &#8220;Eyni zamanda h\u0259min m\u0259kt\u0259bl\u0259rd\u0259 kadr t\u0259yinat\u0131 m\u0259s\u0259l\u0259si d\u0259 T\u0259hsil Nazirliyinin diqq\u0259tind\u0259dir&#8221;.<\/p>\n","protected":false},"author":2,"featured_media":106643,"comment_status":"closed","ping_status":"closed","sticky":false,"template":"","format":"standard","meta":{"om_disable_all_campaigns":false,"_monsterinsights_skip_tracking":false,"_monsterinsights_sitenote_active":false,"_monsterinsights_sitenote_note":"","_monsterinsights_sitenote_category":0},"categories":[1],"tags":[],"aioseo_notices":[],"gutentor_comment":0,"rttpg_featured_image_url":{"full":["https:\/\/arantv.az\/wp-content\/uploads\/2019\/12\/derslik_0147.jpg",800,600,false],"landscape":["https:\/\/arantv.az\/wp-content\/uploads\/2019\/12\/derslik_0147.jpg",800,600,false],"portraits":["https:\/\/arantv.az\/wp-content\/uploads\/2019\/12\/derslik_0147.jpg",800,600,false],"thumbnail":["https:\/\/arantv.az\/wp-content\/uploads\/2019\/12\/derslik_0147-150x150.jpg",150,150,true],"medium":["https:\/\/arantv.az\/wp-content\/uploads\/2019\/12\/derslik_0147-300x225.jpg",300,225,true],"large":["https:\/\/arantv.az\/wp-content\/uploads\/2019\/12\/derslik_0147.jpg",640,480,false],"1536x1536":["https:\/\/arantv.az\/wp-content\/uploads\/2019\/12\/derslik_0147.jpg",800,600,false],"2048x2048":["https:\/\/arantv.az\/wp-content\/uploads\/2019\/12\/derslik_0147.jpg",800,600,false],"post-thumbnail":["https:\/\/arantv.az\/wp-content\/uploads\/2019\/12\/derslik_0147-240x172.jpg",240,172,true],"advps-thumb-one":["https:\/\/arantv.az\/wp-content\/uploads\/2019\/12\/derslik_0147.jpg",800,600,false]},"rttpg_author":{"display_name":"V\u00fcsal Rafiqo\u011flu","author_link":"https:\/\/arantv.az\/?author=2"},"rttpg_comment":0,"rttpg_category":"<a href=\"https:\/\/arantv.az\/?cat=1\" rel=\"category\">C\u0259miyy\u0259t<\/a>","rttpg_excerpt":"&#8220;G\u00fcrc\u00fcstanda f\u0259aliyy\u0259t g\u00f6st\u0259r\u0259n Az\u0259rbaycan m\u0259kt\u0259bl\u0259ri T\u0259hsil Nazirliyinin diqq\u0259tind\u0259dir&#8221;. ARANTV.AZ\u00a0Trend-\u0259 istinad\u0259n x\u0259b\u0259r verir ki, bunu jurnalistl\u0259r\u0259 a\u00e7\u0131qlamas\u0131nda T\u0259hsil nazirinin m\u00fcavini M\u0259h\u0259bb\u0259t V\u0259liyeva deyib. Onun s\u00f6zl\u0259rin\u0259 g\u00f6r\u0259, T\u0259hsil Nazirliyi h\u0259min m\u0259kt\u0259bl\u0259rd\u0259 \u015fagirdl\u0259rin d\u0259rslikl\u0259rl\u0259 t\u0259min olunmas\u0131n\u0131 \u00f6z \u00fcz\u0259rin\u0259 g\u00f6t\u00fcr\u00fcb: &#8220;Eyni zamanda h\u0259min m\u0259kt\u0259bl\u0259rd\u0259 kadr t\u0259yinat\u0131 m\u0259s\u0259l\u0259si d\u0259 T\u0259hsil Nazirliyinin diqq\u0259tind\u0259dir&#8221;.","_links":{"self":[{"href":"https:\/\/arantv.az\/index.php?rest_route=\/wp\/v2\/posts\/106642"}],"collection":[{"href":"https:\/\/arantv.az\/index.php?rest_route=\/wp\/v2\/posts"}],"about":[{"href":"https:\/\/arantv.az\/index.php?rest_route=\/wp\/v2\/types\/post"}],"author":[{"embeddable":true,"href":"https:\/\/arantv.az\/index.php?rest_route=\/wp\/v2\/users\/2"}],"replies":[{"embeddable":true,"href":"https:\/\/arantv.az\/index.php?rest_route=%2Fwp%2Fv2%2Fcomments&post=106642"}],"version-history":[{"count":0,"href":"https:\/\/arantv.az\/index.php?rest_route=\/wp\/v2\/posts\/106642\/revisions"}],"wp:featuredmedia":[{"embeddable":true,"href":"https:\/\/arantv.az\/index.php?rest_route=\/wp\/v2\/media\/106643"}],"wp:attachment":[{"href":"https:\/\/arantv.az\/index.php?rest_route=%2Fwp%2Fv2%2Fmedia&parent=106642"}],"wp:term":[{"taxonomy":"category","embeddable":true,"href":"https:\/\/arantv.az\/index.php?rest_route=%2Fwp%2Fv2%2Fcategories&post=106642"},{"taxonomy":"post_tag","embeddable":true,"href":"https:\/\/arantv.az\/index.php?rest_route=%2Fwp%2Fv2%2Ftags&post=106642"}],"curies":[{"name":"wp","href":"https:\/\/api.w.org\/{rel}","templated":true}]}}