{"id":106663,"date":"2019-12-12T14:48:28","date_gmt":"2019-12-12T11:48:28","guid":{"rendered":"http:\/\/arantv.az\/?p=106663"},"modified":"2019-12-12T14:48:28","modified_gmt":"2019-12-12T11:48:28","slug":"heyd%c9%99r-%c9%99liyevin-adinin-volqoqrad-kuc%c9%99l%c9%99rind%c9%99n-birin%c9%99-verilm%c9%99si-t%c9%99klif-olundu","status":"publish","type":"post","link":"https:\/\/arantv.az\/?p=106663","title":{"rendered":"Heyd\u0259r \u018fliyevin ad\u0131n\u0131n Volqoqrad k\u00fc\u00e7\u0259l\u0259rind\u0259n birin\u0259 verilm\u0259si t\u0259klif olundu"},"content":{"rendered":"<p>M\u00fcasir Az\u0259rbaycan\u0131n tarixind\u0259 12 dekabr &#8211; k\u0259d\u0259rli bir tarixdir. 2003-c\u00fc ilin m\u0259hz bu g\u00fcn\u00fcnd\u0259 uzun s\u00fcr\u0259n x\u0259st\u0259likd\u0259n sonra Heyd\u0259r \u018fliyev v\u0259fat etdi. Heyd\u0259r \u018fliyev yaln\u0131z Az\u0259rbaycan Respublikas\u0131n\u0131n Prezidenti deyil, \u0259n \u00e7\u0259tin d\u00f6vrl\u0259rd\u0259n\u00a0birind\u0259 v\u0259t\u0259ninin xilas\u0131na g\u0259lmi\u015f, \u00f6lk\u0259ni dir\u00e7\u0259li\u015f\u00a0v\u0259 t\u0259r\u0259qqiy\u0259, \u00e7i\u00e7\u0259kl\u0259nm\u0259y\u0259 aparan Az\u0259rbaycan xalq\u0131n\u0131n \u00fcmummilli lideridir.<\/p>\n<p>Heyd\u0259r \u018fliyevin t\u00f6hf\u0259si beyn\u0259lxalq arenada da \u0259h\u0259miyy\u0259tlidir. Buna g\u00f6r\u0259 d\u0259 onun y\u00fcz illik yubileyi (10 May\u00a02023) t\u0259kc\u0259 Az\u0259rbaycanda b\u00f6y\u00fck bir milli bayrama deyil, eyni zamanda, b\u00fct\u00fcn m\u00fct\u0259r\u0259qqi b\u0259\u015f\u0259riyy\u0259t \u00fc\u00e7\u00fcn \u0259lam\u0259tdar hadis\u0259y\u0259 \u00e7evril\u0259c\u0259k.<\/p>\n<p>Bu g\u00fcnl\u0259rd\u0259 Heyd\u0259r \u018fliyevl\u0259 birlikd\u0259 \u00e7al\u0131\u015fmaq xo\u015fb\u0259xtliyin\u0259 nail olan v\u0259 onun irsinin d\u00fcnya siyas\u0259tind\u0259 h\u0259yat kitab\u0131 kimi xidm\u0259t etdiyi d\u00fcnya liderl\u0259ri g\u00fcn\u0259\u015fli Bak\u0131n\u0131 ziyar\u0259t etm\u0259yi \u00f6zl\u0259rin\u0259 v\u0259zif\u0259 sayacaqlar.<\/p>\n<div id=\"AdviadNativeVideo0\" class=\"AdviadNativeVideo\"><\/div>\n<p>Odlar Yurdunun haz\u0131rk\u0131 r\u0259hb\u0259rliyinin q\u0259bul etdiyi \u0259h\u0259miyy\u0259tli q\u0259rarlar\u0131n \u0259sas\u0131nda Heyd\u0259r \u018fliyevin t\u0259cr\u00fcb\u0259si v\u0259 prinsipl\u0259ri dayan\u0131r. Bu q\u0259rarlar s\u0131ras\u0131nda Rusiya d\u00f6vl\u0259ti il\u0259 strateji t\u0259r\u0259fda\u015fl\u0131\u011f\u0131n inki\u015faf\u0131 v\u0259 rus xalq\u0131 il\u0259 dostlu\u011fun m\u00f6hk\u0259ml\u0259ndirilm\u0259si d\u0259 var.<\/p>\n<p>2013-c\u00fc ild\u0259 Volqan\u0131n q\u0259hr\u0259man \u015f\u0259h\u0259ri il\u0259 x\u00fcsusi ba\u011flar\u0131 olan Heyd\u0259r \u018fliyevin 90 illiyi il\u0259 \u0259laq\u0259dar an\u0131m m\u0259rasimind\u0259 Volqoqradda Dostluq park\u0131 a\u00e7\u0131ld\u0131: Volqoqrad-Bak\u0131.<\/p>\n<p>\u018ffsan\u0259vi Mamaev kurqan\u0131\u00a0yax\u0131nl\u0131\u011f\u0131nda Heyd\u0259r \u018fliyev Fondu v\u0259 Volqoqrad Az\u0259rbaycan icmas\u0131n\u0131n qay\u011f\u0131ke\u015f n\u00fcmay\u0259nd\u0259l\u0259rinin say\u0259sind\u0259 b\u00f6y\u00fckl\u0259r v\u0259 u\u015faqlar\u0131n istirah\u0259t etm\u0259si \u00fc\u00e7\u00fcn unikal bir yer meydana g\u0259ldi. Fondun vitse-prezidenti, \u0259fsan\u0259vi siyasi xadimin n\u0259v\u0259si Leyla \u018fliyeva m\u0259rasimin f\u0259xri qona\u011f\u0131 oldu.<\/p>\n<p>PolitRUS ekspert-analitik \u015f\u0259b\u0259k\u0259sinin t\u0259sis\u00e7isi Vitali Arkov hesab edir ki, Volqoqrad-Bak\u0131 Dostluq park\u0131n\u0131n yarad\u0131lmas\u0131 Volqoqrad vilay\u0259ti il\u0259 Az\u0259rbaycan Respublikas\u0131 aras\u0131nda m\u00fcnasib\u0259tl\u0259rd\u0259 yeni m\u0259rh\u0259l\u0259nin ba\u015flan\u011f\u0131c\u0131 olub:<\/p>\n<p><img src=\"https:\/\/assets.oxu.az\/uploads\/W1siZiIsIjIwMTkvMTIvMTIvMTUvMTgvNDIvMTQzMzRhZTktNmZhZi00ZGFmLTgxMmMtMTcyNjk3ODAyZjUzL2Fya292LmpwZyJdLFsicCIsImVuY29kZSIsImpwZyIsIi1xdWFsaXR5IDgwIl0sWyJwIiwidGh1bWIiLCI1OTB4NTkwXHUwMDNlIl1d?sha=ad038735ed1e7c9c\" alt=\"\" \/><\/p>\n<p>\u201c\u00dcmumilikd\u0259 oldu\u011fu kimi, dost \u00f6lk\u0259l\u0259rimiz aras\u0131nda iqtisadi v\u0259 m\u0259d\u0259ni \u0259m\u0259kda\u015fl\u0131\u011f\u0131m\u0131z da daim b\u00f6y\u00fcy\u00fcr v\u0259 geni\u015fl\u0259nir.<\/p>\n<p>X\u0259z\u0259rin inki\u015faf\u0131 v\u0259 beyn\u0259lxalq n\u0259qliyyat d\u0259hlizl\u0259rinin \u201c\u00e7\u0259kilm\u0259si\u201d\u00a0layih\u0259l\u0259rind\u0259 birg\u0259 i\u015ftirak bizi daha da yax\u0131nla\u015fd\u0131r\u0131r.<\/p>\n<p>Bilir\u0259m ki, Az\u0259rbaycan t\u0259r\u0259fi alt\u0131\u00a0il \u0259vv\u0259l ba\u015flad\u0131lm\u0131\u015f Volqoqrad\u0131n k\u00f6hn\u0259 parklar\u0131n\u0131n abadla\u015fd\u0131r\u0131lmas\u0131 v\u0259 ya\u015f\u0131lla\u015fd\u0131r\u0131lmas\u0131, mahiyy\u0259t etibaril\u0259 is\u0259 t\u0259rk edilmi\u015f v\u0259 bir vaxtlar volqoqradl\u0131lar\u0131n bir \u00e7ox n\u0259sill\u0259ri t\u0259r\u0259find\u0259n sevil\u0259n m\u0259d\u0259niyy\u0259t yerl\u0259rinin h\u0259yata qaytar\u0131lmas\u0131 i\u015fl\u0259rini davam etdirm\u0259y\u0259 haz\u0131rd\u0131r.<\/p>\n<p>Z\u0259nnimc\u0259, Heyd\u0259r \u018fliyevin ad\u0131n\u0131n Volqadak\u0131 q\u0259hr\u0259man \u015f\u0259h\u0259rin k\u00fc\u00e7\u0259l\u0259rind\u0259n birin\u0259 verilm\u0259si ictimaiyy\u0259t v\u0259 Volqoqrad r\u0259hb\u0259rliyi t\u0259r\u0259find\u0259n layiqli cavab add\u0131m\u0131 v\u0259 Az\u0259rbaycan xalq\u0131n\u0131n \u00dcmummilli Liderinin qar\u015f\u0131dan g\u0259l\u0259n y\u00fcz illik yubileyi \u00fc\u00e7\u00fcn x\u00fcsusi bir h\u0259diyy\u0259 olard\u0131.<\/p>\n<p>Heyd\u0259r \u018fliyev \u015f\u0259xsiyy\u0259tinin b\u00f6y\u00fckl\u00fcy\u00fcn\u00fc n\u0259z\u0259r\u0259 alsaq, k\u00fc\u00e7\u0259 se\u00e7imi t\u0259sad\u00fcfi ola bilm\u0259z v\u0259 h\u0259min k\u00fc\u00e7\u0259 \u015f\u0259h\u0259rin k\u0259nar\u0131nda yerl\u0259\u015fm\u0259m\u0259lidir. \u00dcst\u0259lik, Volqoqradda qarda\u015f Az\u0259rbaycan xalq\u0131 il\u0259 tarix\u0259n \u0259laq\u0259li kifay\u0259t q\u0259d\u0259r yer var\u201d.<\/p>\n","protected":false},"excerpt":{"rendered":"<p>M\u00fcasir Az\u0259rbaycan\u0131n tarixind\u0259 12 dekabr &#8211; k\u0259d\u0259rli bir tarixdir. 2003-c\u00fc ilin m\u0259hz bu g\u00fcn\u00fcnd\u0259 uzun s\u00fcr\u0259n x\u0259st\u0259likd\u0259n sonra Heyd\u0259r \u018fliyev v\u0259fat etdi. Heyd\u0259r \u018fliyev yaln\u0131z Az\u0259rbaycan Respublikas\u0131n\u0131n Prezidenti deyil, \u0259n \u00e7\u0259tin d\u00f6vrl\u0259rd\u0259n\u00a0birind\u0259 v\u0259t\u0259ninin xilas\u0131na g\u0259lmi\u015f, \u00f6lk\u0259ni dir\u00e7\u0259li\u015f\u00a0v\u0259 t\u0259r\u0259qqiy\u0259, \u00e7i\u00e7\u0259kl\u0259nm\u0259y\u0259 aparan Az\u0259rbaycan xalq\u0131n\u0131n \u00fcmummilli lideridir. Heyd\u0259r \u018fliyevin t\u00f6hf\u0259si beyn\u0259lxalq arenada da \u0259h\u0259miyy\u0259tlidir. Buna g\u00f6r\u0259 d\u0259 onun y\u00fcz illik yubileyi (10 May\u00a02023) t\u0259kc\u0259 Az\u0259rbaycanda b\u00f6y\u00fck bir milli bayrama deyil, eyni zamanda, b\u00fct\u00fcn m\u00fct\u0259r\u0259qqi b\u0259\u015f\u0259riyy\u0259t \u00fc\u00e7\u00fcn \u0259lam\u0259tdar hadis\u0259y\u0259 \u00e7evril\u0259c\u0259k. Bu g\u00fcnl\u0259rd\u0259 Heyd\u0259r \u018fliyevl\u0259 birlikd\u0259 \u00e7al\u0131\u015fmaq xo\u015fb\u0259xtliyin\u0259 nail olan v\u0259 onun irsinin d\u00fcnya siyas\u0259tind\u0259&hellip;<\/p>\n","protected":false},"author":2,"featured_media":106664,"comment_status":"closed","ping_status":"closed","sticky":false,"template":"","format":"standard","meta":{"om_disable_all_campaigns":false,"_monsterinsights_skip_tracking":false,"_monsterinsights_sitenote_active":false,"_monsterinsights_sitenote_note":"","_monsterinsights_sitenote_category":0},"categories":[4],"tags":[],"aioseo_notices":[],"gutentor_comment":0,"rttpg_featured_image_url":{"full":["https:\/\/arantv.az\/wp-content\/uploads\/2019\/12\/heyder.jpg",620,436,false],"landscape":["https:\/\/arantv.az\/wp-content\/uploads\/2019\/12\/heyder.jpg",620,436,false],"portraits":["https:\/\/arantv.az\/wp-content\/uploads\/2019\/12\/heyder.jpg",620,436,false],"thumbnail":["https:\/\/arantv.az\/wp-content\/uploads\/2019\/12\/heyder-150x150.jpg",150,150,true],"medium":["https:\/\/arantv.az\/wp-content\/uploads\/2019\/12\/heyder-300x211.jpg",300,211,true],"large":["https:\/\/arantv.az\/wp-content\/uploads\/2019\/12\/heyder.jpg",620,436,false],"1536x1536":["https:\/\/arantv.az\/wp-content\/uploads\/2019\/12\/heyder.jpg",620,436,false],"2048x2048":["https:\/\/arantv.az\/wp-content\/uploads\/2019\/12\/heyder.jpg",620,436,false],"post-thumbnail":["https:\/\/arantv.az\/wp-content\/uploads\/2019\/12\/heyder-240x172.jpg",240,172,true],"advps-thumb-one":["https:\/\/arantv.az\/wp-content\/uploads\/2019\/12\/heyder.jpg",620,436,false]},"rttpg_author":{"display_name":"V\u00fcsal Rafiqo\u011flu","author_link":"https:\/\/arantv.az\/?author=2"},"rttpg_comment":0,"rttpg_category":"<a href=\"https:\/\/arantv.az\/?cat=4\" rel=\"category\">Siyas\u0259t<\/a>","rttpg_excerpt":"M\u00fcasir Az\u0259rbaycan\u0131n tarixind\u0259 12 dekabr &#8211; k\u0259d\u0259rli bir tarixdir. 2003-c\u00fc ilin m\u0259hz bu g\u00fcn\u00fcnd\u0259 uzun s\u00fcr\u0259n x\u0259st\u0259likd\u0259n sonra Heyd\u0259r \u018fliyev v\u0259fat etdi. Heyd\u0259r \u018fliyev yaln\u0131z Az\u0259rbaycan Respublikas\u0131n\u0131n Prezidenti deyil, \u0259n \u00e7\u0259tin d\u00f6vrl\u0259rd\u0259n\u00a0birind\u0259 v\u0259t\u0259ninin xilas\u0131na g\u0259lmi\u015f, \u00f6lk\u0259ni dir\u00e7\u0259li\u015f\u00a0v\u0259 t\u0259r\u0259qqiy\u0259, \u00e7i\u00e7\u0259kl\u0259nm\u0259y\u0259 aparan Az\u0259rbaycan xalq\u0131n\u0131n \u00fcmummilli lideridir. Heyd\u0259r \u018fliyevin t\u00f6hf\u0259si beyn\u0259lxalq arenada da \u0259h\u0259miyy\u0259tlidir. Buna g\u00f6r\u0259 d\u0259 onun&hellip;","_links":{"self":[{"href":"https:\/\/arantv.az\/index.php?rest_route=\/wp\/v2\/posts\/106663"}],"collection":[{"href":"https:\/\/arantv.az\/index.php?rest_route=\/wp\/v2\/posts"}],"about":[{"href":"https:\/\/arantv.az\/index.php?rest_route=\/wp\/v2\/types\/post"}],"author":[{"embeddable":true,"href":"https:\/\/arantv.az\/index.php?rest_route=\/wp\/v2\/users\/2"}],"replies":[{"embeddable":true,"href":"https:\/\/arantv.az\/index.php?rest_route=%2Fwp%2Fv2%2Fcomments&post=106663"}],"version-history":[{"count":0,"href":"https:\/\/arantv.az\/index.php?rest_route=\/wp\/v2\/posts\/106663\/revisions"}],"wp:featuredmedia":[{"embeddable":true,"href":"https:\/\/arantv.az\/index.php?rest_route=\/wp\/v2\/media\/106664"}],"wp:attachment":[{"href":"https:\/\/arantv.az\/index.php?rest_route=%2Fwp%2Fv2%2Fmedia&parent=106663"}],"wp:term":[{"taxonomy":"category","embeddable":true,"href":"https:\/\/arantv.az\/index.php?rest_route=%2Fwp%2Fv2%2Fcategories&post=106663"},{"taxonomy":"post_tag","embeddable":true,"href":"https:\/\/arantv.az\/index.php?rest_route=%2Fwp%2Fv2%2Ftags&post=106663"}],"curies":[{"name":"wp","href":"https:\/\/api.w.org\/{rel}","templated":true}]}}