{"id":106675,"date":"2019-12-12T15:04:03","date_gmt":"2019-12-12T12:04:03","guid":{"rendered":"http:\/\/arantv.az\/?p=106675"},"modified":"2019-12-12T15:04:03","modified_gmt":"2019-12-12T12:04:03","slug":"qaydalari-pozan-direktorlara-m%c9%99h%c9%99bb%c9%99t-v%c9%99liyeva","status":"publish","type":"post","link":"https:\/\/arantv.az\/?p=106675","title":{"rendered":"&#8220;Qaydalar\u0131 pozan direktorlara&#8230;&#8221; &#8211; M\u0259h\u0259bb\u0259t V\u0259liyeva"},"content":{"rendered":"<p>&#8220;M\u0259kt\u0259b direktoru h\u0259m t\u0259s\u0259rr\u00fcfata r\u0259hb\u0259rlik edir, h\u0259m d\u0259 g\u0259nc n\u0259slin t\u0259lim-t\u0259rbiy\u0259si prosesini idar\u0259 edir v\u0259 ona cavabdehlik da\u015f\u0131y\u0131r&#8221;.<\/p>\n<p><strong>ARANTV.AZ<\/strong>\u00a0\u00a0<a href=\"https:\/\/az.trend.az\/\" target=\"_blank\" rel=\"noopener\">Trend<\/a>-\u0259 istinad\u0259n x\u0259b\u0259r verir ki, bunu jurnalistl\u0259r\u0259 a\u00e7\u0131qlamas\u0131nda T\u0259hsil nazirinin m\u00fcavini M\u0259h\u0259bb\u0259t V\u0259liyeva deyib.<\/p>\n<p>Onun s\u00f6zl\u0259rin\u0259 g\u00f6r\u0259, direktor \u00f6z f\u0259aliyy\u0259tini \u00f6lk\u0259mizin qanunlar\u0131na uy\u011fun qurmal\u0131d\u0131r: &#8220;H\u0259r hans\u0131 direktor i\u015fl\u0259diyi m\u00fc\u0259ssis\u0259d\u0259n as\u0131l\u0131 olmayaraq \u0259g\u0259r idar\u0259etm\u0259d\u0259 qanunlara istinad etmirs\u0259, qanunun v\u0259 m\u00f6vcud qaydalar\u0131n t\u0259l\u0259bl\u0259rini pozursa, T\u0259hsil Nazirliyi bu bar\u0259d\u0259 qanunvericiliy\u0259 uy\u011fun \u015f\u0259kild\u0259 m\u00fcvafiq add\u0131mlar &#8211; intizam t\u0259nbehl\u0259ri, h\u0259tta i\u015fd\u0259n k\u0259narla\u015fd\u0131rma t\u0259dbirl\u0259ri d\u0259 h\u0259yata ke\u00e7irir.<\/p>\n<p>Bu m\u0259nada m\u0259kt\u0259b b\u00f6y\u00fck m\u00fc\u0259ssis\u0259dir v\u0259 burada m\u0259kt\u0259bdaxili m\u00fcnasib\u0259tl\u0259ri idar\u0259 etm\u0259k asan deyil. Amma m\u0259kt\u0259b direktoru \u00fcz\u0259rin\u0259 d\u00fc\u015f\u0259n m\u0259suliyy\u0259ti ba\u015fa d\u00fc\u015f\u00fcr. T\u0259hsil Nazirliyinin d\u0259 onun m\u0259kt\u0259bi idar\u0259 etm\u0259sin\u0259 n\u0259zar\u0259tini yax\u015f\u0131 bilir&#8221;.<\/p>\n<p>Nazir m\u00fcavini bildirib ki, T\u0259hsil Nazirliyi ciddi \u015f\u0259kild\u0259 m\u0259kt\u0259bl\u0259rin idar\u0259 olunmas\u0131na n\u0259zar\u0259t edir: &#8220;D\u00fc\u015f\u00fcn\u00fcr\u0259m ki, h\u0259r bir m\u0259kt\u0259b direktoru m\u0259suliyy\u0259tini yax\u015f\u0131 d\u0259rk etm\u0259lidir. \u0130st\u0259r \u015fagirdl\u0259rinin sa\u011flaml\u0131\u011f\u0131 v\u0259 t\u0259hl\u00fck\u0259sizliyinin, ist\u0259rs\u0259 d\u0259 sa\u011flam psixoloji m\u00fchitin yarad\u0131lmas\u0131n\u0131n, m\u0259kt\u0259b-valideyn m\u00fcnasib\u0259tl\u0259rinin vacibliyini ba\u015fa d\u00fc\u015f\u00fcb, i\u015fini bu m\u00fcst\u0259vid\u0259 qurmal\u0131d\u0131r. Bizim d\u0259 t\u0259l\u0259bimiz bundan ibar\u0259tdir.<\/p>\n<p>S\u0259m\u0259r\u0259li f\u0259aliyy\u0259t g\u00f6st\u0259r\u0259n direktorlar\u0131m\u0131z \u00e7oxdur. Amma n\u00f6qsanlara yol ver\u0259n direktorlar\u0131 da c\u0259zaland\u0131rmaqdan \u00e7\u0259kinmirik. N\u00f6qsanlara yol ver\u0259n direktorla ba\u011fl\u0131 m\u0259lumat daxil olarsa, bununla ba\u011fl\u0131 m\u00fcvafiq add\u0131mlar at\u0131lacaq&#8221;.<\/p>\n","protected":false},"excerpt":{"rendered":"<p>&#8220;M\u0259kt\u0259b direktoru h\u0259m t\u0259s\u0259rr\u00fcfata r\u0259hb\u0259rlik edir, h\u0259m d\u0259 g\u0259nc n\u0259slin t\u0259lim-t\u0259rbiy\u0259si prosesini idar\u0259 edir v\u0259 ona cavabdehlik da\u015f\u0131y\u0131r&#8221;. ARANTV.AZ\u00a0\u00a0Trend-\u0259 istinad\u0259n x\u0259b\u0259r verir ki, bunu jurnalistl\u0259r\u0259 a\u00e7\u0131qlamas\u0131nda T\u0259hsil nazirinin m\u00fcavini M\u0259h\u0259bb\u0259t V\u0259liyeva deyib. Onun s\u00f6zl\u0259rin\u0259 g\u00f6r\u0259, direktor \u00f6z f\u0259aliyy\u0259tini \u00f6lk\u0259mizin qanunlar\u0131na uy\u011fun qurmal\u0131d\u0131r: &#8220;H\u0259r hans\u0131 direktor i\u015fl\u0259diyi m\u00fc\u0259ssis\u0259d\u0259n as\u0131l\u0131 olmayaraq \u0259g\u0259r idar\u0259etm\u0259d\u0259 qanunlara istinad etmirs\u0259, qanunun v\u0259 m\u00f6vcud qaydalar\u0131n t\u0259l\u0259bl\u0259rini pozursa, T\u0259hsil Nazirliyi bu bar\u0259d\u0259 qanunvericiliy\u0259 uy\u011fun \u015f\u0259kild\u0259 m\u00fcvafiq add\u0131mlar &#8211; intizam t\u0259nbehl\u0259ri, h\u0259tta i\u015fd\u0259n k\u0259narla\u015fd\u0131rma t\u0259dbirl\u0259ri d\u0259 h\u0259yata ke\u00e7irir. Bu m\u0259nada m\u0259kt\u0259b b\u00f6y\u00fck m\u00fc\u0259ssis\u0259dir v\u0259 burada m\u0259kt\u0259bdaxili m\u00fcnasib\u0259tl\u0259ri idar\u0259 etm\u0259k&hellip;<\/p>\n","protected":false},"author":2,"featured_media":106676,"comment_status":"closed","ping_status":"closed","sticky":false,"template":"","format":"standard","meta":{"om_disable_all_campaigns":false,"_monsterinsights_skip_tracking":false,"_monsterinsights_sitenote_active":false,"_monsterinsights_sitenote_note":"","_monsterinsights_sitenote_category":0},"categories":[23],"tags":[],"aioseo_notices":[],"gutentor_comment":0,"rttpg_featured_image_url":{"full":["https:\/\/arantv.az\/wp-content\/uploads\/2019\/12\/809934.jpg",800,600,false],"landscape":["https:\/\/arantv.az\/wp-content\/uploads\/2019\/12\/809934.jpg",800,600,false],"portraits":["https:\/\/arantv.az\/wp-content\/uploads\/2019\/12\/809934.jpg",800,600,false],"thumbnail":["https:\/\/arantv.az\/wp-content\/uploads\/2019\/12\/809934-150x150.jpg",150,150,true],"medium":["https:\/\/arantv.az\/wp-content\/uploads\/2019\/12\/809934-300x225.jpg",300,225,true],"large":["https:\/\/arantv.az\/wp-content\/uploads\/2019\/12\/809934.jpg",640,480,false],"1536x1536":["https:\/\/arantv.az\/wp-content\/uploads\/2019\/12\/809934.jpg",800,600,false],"2048x2048":["https:\/\/arantv.az\/wp-content\/uploads\/2019\/12\/809934.jpg",800,600,false],"post-thumbnail":["https:\/\/arantv.az\/wp-content\/uploads\/2019\/12\/809934-240x172.jpg",240,172,true],"advps-thumb-one":["https:\/\/arantv.az\/wp-content\/uploads\/2019\/12\/809934.jpg",800,600,false]},"rttpg_author":{"display_name":"V\u00fcsal Rafiqo\u011flu","author_link":"https:\/\/arantv.az\/?author=2"},"rttpg_comment":0,"rttpg_category":"<a href=\"https:\/\/arantv.az\/?cat=23\" rel=\"category\">T\u0259hsil<\/a>","rttpg_excerpt":"&#8220;M\u0259kt\u0259b direktoru h\u0259m t\u0259s\u0259rr\u00fcfata r\u0259hb\u0259rlik edir, h\u0259m d\u0259 g\u0259nc n\u0259slin t\u0259lim-t\u0259rbiy\u0259si prosesini idar\u0259 edir v\u0259 ona cavabdehlik da\u015f\u0131y\u0131r&#8221;. ARANTV.AZ\u00a0\u00a0Trend-\u0259 istinad\u0259n x\u0259b\u0259r verir ki, bunu jurnalistl\u0259r\u0259 a\u00e7\u0131qlamas\u0131nda T\u0259hsil nazirinin m\u00fcavini M\u0259h\u0259bb\u0259t V\u0259liyeva deyib. Onun s\u00f6zl\u0259rin\u0259 g\u00f6r\u0259, direktor \u00f6z f\u0259aliyy\u0259tini \u00f6lk\u0259mizin qanunlar\u0131na uy\u011fun qurmal\u0131d\u0131r: &#8220;H\u0259r hans\u0131 direktor i\u015fl\u0259diyi m\u00fc\u0259ssis\u0259d\u0259n as\u0131l\u0131 olmayaraq \u0259g\u0259r idar\u0259etm\u0259d\u0259 qanunlara istinad etmirs\u0259, qanunun&hellip;","_links":{"self":[{"href":"https:\/\/arantv.az\/index.php?rest_route=\/wp\/v2\/posts\/106675"}],"collection":[{"href":"https:\/\/arantv.az\/index.php?rest_route=\/wp\/v2\/posts"}],"about":[{"href":"https:\/\/arantv.az\/index.php?rest_route=\/wp\/v2\/types\/post"}],"author":[{"embeddable":true,"href":"https:\/\/arantv.az\/index.php?rest_route=\/wp\/v2\/users\/2"}],"replies":[{"embeddable":true,"href":"https:\/\/arantv.az\/index.php?rest_route=%2Fwp%2Fv2%2Fcomments&post=106675"}],"version-history":[{"count":0,"href":"https:\/\/arantv.az\/index.php?rest_route=\/wp\/v2\/posts\/106675\/revisions"}],"wp:featuredmedia":[{"embeddable":true,"href":"https:\/\/arantv.az\/index.php?rest_route=\/wp\/v2\/media\/106676"}],"wp:attachment":[{"href":"https:\/\/arantv.az\/index.php?rest_route=%2Fwp%2Fv2%2Fmedia&parent=106675"}],"wp:term":[{"taxonomy":"category","embeddable":true,"href":"https:\/\/arantv.az\/index.php?rest_route=%2Fwp%2Fv2%2Fcategories&post=106675"},{"taxonomy":"post_tag","embeddable":true,"href":"https:\/\/arantv.az\/index.php?rest_route=%2Fwp%2Fv2%2Ftags&post=106675"}],"curies":[{"name":"wp","href":"https:\/\/api.w.org\/{rel}","templated":true}]}}