{"id":106687,"date":"2019-12-12T15:08:40","date_gmt":"2019-12-12T12:08:40","guid":{"rendered":"http:\/\/arantv.az\/?p=106687"},"modified":"2019-12-12T15:08:40","modified_gmt":"2019-12-12T12:08:40","slug":"millimizin-sabiq-futbolcusu-h%c9%99bs-edildi","status":"publish","type":"post","link":"https:\/\/arantv.az\/?p=106687","title":{"rendered":"Millimizin sabiq futbol\u00e7usu h\u0259bs edildi"},"content":{"rendered":"<p>2007\/2009-cu ill\u0259rd\u0259 Az\u0259rbaycan millisinin formas\u0131n\u0131 geyinmi\u015f C\u0259m\u015fid M\u0259h\u0259rr\u0259mov h\u0259bs edilib.<\/p>\n<p><b>ARANTV.AZ\u00a0<\/b> x\u0259b\u0259r verir ki, sportinfo.az-a daxil olan m\u0259lumata g\u00f6r\u0259, karyeras\u0131n\u0131 h\u0259v\u0259skar futbolda davam etdir\u0259n 36 ya\u015fl\u0131 yar\u0131mm\u00fcdafi\u0259\u00e7i bir ne\u00e7\u0259 d\u0259qiq\u0259 \u0259vv\u0259l h\u00fcquq-m\u00fchafiz\u0259 orqanlar\u0131 t\u0259r\u0259find\u0259n saxlan\u0131l\u0131b.<\/p>\n<p>Y\u0131\u011fmam\u0131z\u0131n hey\u0259tind\u0259 6 oyun ke\u00e7irmi\u015f M\u0259h\u0259rr\u0259movun h\u0259bsinin detallar\u0131 bar\u0259d\u0259 \u0259trafl\u0131 m\u0259lumat ver\u0259c\u0259yik.<\/p>\n<p>Xat\u0131rladaq ki, AFFA veteran futbol\u00e7unu 2017-ci ilin \u0259vv\u0259lind\u0259 &#8211; formas\u0131n\u0131 geyindiyi &#8220;R\u0259van&#8221;la birlikd\u0259 dan\u0131\u015flm\u0131\u015f oyunlarda i\u015ftirak etm\u0259si iddias\u0131 il\u0259 pe\u015f\u0259kar futboldan k\u0259narla\u015fd\u0131rm\u0131\u015fd\u0131.<\/p>\n","protected":false},"excerpt":{"rendered":"<p>2007\/2009-cu ill\u0259rd\u0259 Az\u0259rbaycan millisinin formas\u0131n\u0131 geyinmi\u015f C\u0259m\u015fid M\u0259h\u0259rr\u0259mov h\u0259bs edilib. ARANTV.AZ\u00a0 x\u0259b\u0259r verir ki, sportinfo.az-a daxil olan m\u0259lumata g\u00f6r\u0259, karyeras\u0131n\u0131 h\u0259v\u0259skar futbolda davam etdir\u0259n 36 ya\u015fl\u0131 yar\u0131mm\u00fcdafi\u0259\u00e7i bir ne\u00e7\u0259 d\u0259qiq\u0259 \u0259vv\u0259l h\u00fcquq-m\u00fchafiz\u0259 orqanlar\u0131 t\u0259r\u0259find\u0259n saxlan\u0131l\u0131b. Y\u0131\u011fmam\u0131z\u0131n hey\u0259tind\u0259 6 oyun ke\u00e7irmi\u015f M\u0259h\u0259rr\u0259movun h\u0259bsinin detallar\u0131 bar\u0259d\u0259 \u0259trafl\u0131 m\u0259lumat ver\u0259c\u0259yik. Xat\u0131rladaq ki, AFFA veteran futbol\u00e7unu 2017-ci ilin \u0259vv\u0259lind\u0259 &#8211; formas\u0131n\u0131 geyindiyi &#8220;R\u0259van&#8221;la birlikd\u0259 dan\u0131\u015flm\u0131\u015f oyunlarda i\u015ftirak etm\u0259si iddias\u0131 il\u0259 pe\u015f\u0259kar futboldan k\u0259narla\u015fd\u0131rm\u0131\u015fd\u0131.<\/p>\n","protected":false},"author":2,"featured_media":106688,"comment_status":"closed","ping_status":"closed","sticky":false,"template":"","format":"standard","meta":{"om_disable_all_campaigns":false,"_monsterinsights_skip_tracking":false,"_monsterinsights_sitenote_active":false,"_monsterinsights_sitenote_note":"","_monsterinsights_sitenote_category":0},"categories":[1],"tags":[],"aioseo_notices":[],"gutentor_comment":0,"rttpg_featured_image_url":{"full":["https:\/\/arantv.az\/wp-content\/uploads\/2019\/12\/809967.jpg",500,333,false],"landscape":["https:\/\/arantv.az\/wp-content\/uploads\/2019\/12\/809967.jpg",500,333,false],"portraits":["https:\/\/arantv.az\/wp-content\/uploads\/2019\/12\/809967.jpg",500,333,false],"thumbnail":["https:\/\/arantv.az\/wp-content\/uploads\/2019\/12\/809967-150x150.jpg",150,150,true],"medium":["https:\/\/arantv.az\/wp-content\/uploads\/2019\/12\/809967-300x200.jpg",300,200,true],"large":["https:\/\/arantv.az\/wp-content\/uploads\/2019\/12\/809967.jpg",500,333,false],"1536x1536":["https:\/\/arantv.az\/wp-content\/uploads\/2019\/12\/809967.jpg",500,333,false],"2048x2048":["https:\/\/arantv.az\/wp-content\/uploads\/2019\/12\/809967.jpg",500,333,false],"post-thumbnail":["https:\/\/arantv.az\/wp-content\/uploads\/2019\/12\/809967-240x172.jpg",240,172,true],"advps-thumb-one":["https:\/\/arantv.az\/wp-content\/uploads\/2019\/12\/809967.jpg",500,333,false]},"rttpg_author":{"display_name":"V\u00fcsal Rafiqo\u011flu","author_link":"https:\/\/arantv.az\/?author=2"},"rttpg_comment":0,"rttpg_category":"<a href=\"https:\/\/arantv.az\/?cat=1\" rel=\"category\">C\u0259miyy\u0259t<\/a>","rttpg_excerpt":"2007\/2009-cu ill\u0259rd\u0259 Az\u0259rbaycan millisinin formas\u0131n\u0131 geyinmi\u015f C\u0259m\u015fid M\u0259h\u0259rr\u0259mov h\u0259bs edilib. ARANTV.AZ\u00a0 x\u0259b\u0259r verir ki, sportinfo.az-a daxil olan m\u0259lumata g\u00f6r\u0259, karyeras\u0131n\u0131 h\u0259v\u0259skar futbolda davam etdir\u0259n 36 ya\u015fl\u0131 yar\u0131mm\u00fcdafi\u0259\u00e7i bir ne\u00e7\u0259 d\u0259qiq\u0259 \u0259vv\u0259l h\u00fcquq-m\u00fchafiz\u0259 orqanlar\u0131 t\u0259r\u0259find\u0259n saxlan\u0131l\u0131b. Y\u0131\u011fmam\u0131z\u0131n hey\u0259tind\u0259 6 oyun ke\u00e7irmi\u015f M\u0259h\u0259rr\u0259movun h\u0259bsinin detallar\u0131 bar\u0259d\u0259 \u0259trafl\u0131 m\u0259lumat ver\u0259c\u0259yik. Xat\u0131rladaq ki, AFFA veteran futbol\u00e7unu 2017-ci ilin \u0259vv\u0259lind\u0259&hellip;","_links":{"self":[{"href":"https:\/\/arantv.az\/index.php?rest_route=\/wp\/v2\/posts\/106687"}],"collection":[{"href":"https:\/\/arantv.az\/index.php?rest_route=\/wp\/v2\/posts"}],"about":[{"href":"https:\/\/arantv.az\/index.php?rest_route=\/wp\/v2\/types\/post"}],"author":[{"embeddable":true,"href":"https:\/\/arantv.az\/index.php?rest_route=\/wp\/v2\/users\/2"}],"replies":[{"embeddable":true,"href":"https:\/\/arantv.az\/index.php?rest_route=%2Fwp%2Fv2%2Fcomments&post=106687"}],"version-history":[{"count":0,"href":"https:\/\/arantv.az\/index.php?rest_route=\/wp\/v2\/posts\/106687\/revisions"}],"wp:featuredmedia":[{"embeddable":true,"href":"https:\/\/arantv.az\/index.php?rest_route=\/wp\/v2\/media\/106688"}],"wp:attachment":[{"href":"https:\/\/arantv.az\/index.php?rest_route=%2Fwp%2Fv2%2Fmedia&parent=106687"}],"wp:term":[{"taxonomy":"category","embeddable":true,"href":"https:\/\/arantv.az\/index.php?rest_route=%2Fwp%2Fv2%2Fcategories&post=106687"},{"taxonomy":"post_tag","embeddable":true,"href":"https:\/\/arantv.az\/index.php?rest_route=%2Fwp%2Fv2%2Ftags&post=106687"}],"curies":[{"name":"wp","href":"https:\/\/api.w.org\/{rel}","templated":true}]}}