{"id":106691,"date":"2019-12-12T15:10:20","date_gmt":"2019-12-12T12:10:20","guid":{"rendered":"http:\/\/arantv.az\/?p=106691"},"modified":"2019-12-12T15:10:20","modified_gmt":"2019-12-12T12:10:20","slug":"toyunda-hirsl%c9%99nib-butulkani-yer%c9%99-cirpan-az%c9%99rbaycanli-b%c9%99yin-%c9%99hvalati-dunya-m%c9%99tbuatinda-video","status":"publish","type":"post","link":"https:\/\/arantv.az\/?p=106691","title":{"rendered":"Toyunda hirsl\u0259nib butulkan\u0131 yer\u0259 \u00e7\u0131rpan az\u0259rbaycanl\u0131 b\u0259yin \u0259hvalat\u0131 D\u00dcNYA M\u018fTBUATINDA &#8211; V\u0130DEO"},"content":{"rendered":"<p>&#8220;Teleqraf Holding&#8221;in r\u0259hb\u0259ri, sabiq deputat Aynur Camal parlament se\u00e7kil\u0259rind\u0259 i\u015ftirak ed\u0259 bil\u0259r.<\/p>\n<p><strong>ARANTV.AZ<\/strong>-\u0131n m\u0259lumat\u0131na g\u00f6r\u0259, bu bar\u0259d\u0259 Aynur Camal &#8220;Yeni Musavat&#8221;\u0131n canl\u0131 yay\u0131m\u0131nda deyib.<\/p>\n<p>O bildirib ki, se\u00e7kil\u0259rd\u0259 i\u015ftirak etm\u0259yi d\u00fc\u015f\u00fcn\u00fcr: &#8220;Yeni Az\u0259rbaycan Partiyas\u0131n\u0131n dair\u0259l\u0259r \u00fczr\u0259 namiz\u0259dl\u0259ri a\u00e7\u0131qlanandan sonra q\u0259ti q\u0259rar\u0131m\u0131 ver\u0259c\u0259m&#8221;.<\/p>\n<p>G\u00f6r\u00fcnt\u00fcl\u0259r\u0259 \u015f\u0259rh yazan \u015f\u0259xsl\u0259r b\u0259yin d\u0259lilik h\u0259ddin\u0259 \u00e7atmas\u0131n\u0131 fotoqraf\u0131n h\u0259r\u0259k\u0259tl\u0259ri il\u0259 \u0259laq\u0259l\u0259ndiribl\u0259r. Onlar\u0131n s\u00f6zl\u0259rin\u0259 g\u00f6r\u0259, bir ne\u00e7\u0259 g\u00fcn \u0259vv\u0259l Rusiyadan qay\u0131tm\u0131\u015f b\u0259y fotoqraf\u0131n da evl\u0259ndiyi q\u0131z\u0131 sevdiyini toy g\u00fcn\u00fc \u00f6yr\u0259nibmi\u015f. Ehtimal olunur ki, b\u0259y fotosessiya ed\u0259n fotoqraf\u0131n g\u0259lin\u0259 \u00e7ox diqq\u0259t g\u00f6st\u0259rm\u0259sin\u0259 \u0259s\u0259bil\u0259\u015fib.<\/p>\n<p>Hadis\u0259d\u0259n p\u0259rt olan g\u0259linin o\u011flandan ayr\u0131lmaq q\u0259rar\u0131na g\u0259ldiyi, lakin onlar\u0131n aras\u0131nda bar\u0131\u015f\u0131q yarand\u0131\u011f\u0131 bildirilir.<br \/>\nVideog\u00f6r\u00fcnt\u00fcl\u0259r\u0259 g\u0259l\u0259n \u015f\u0259rhl\u0259rd\u0259 \u0259ks\u0259riyy\u0259t g\u0259lini &#8220;b\u0259db\u0259xt&#8221; adland\u0131raraq vaxt\u0131nda b\u0259yd\u0259n ayr\u0131lmal\u0131 oldu\u011funu yaz\u0131blar. Lakin b\u0259yin h\u0259r\u0259k\u0259tl\u0259rin\u0259 haqq qazand\u0131raraq &#8220;yax\u015f\u0131 el\u0259yib&#8221; dey\u0259nl\u0259r d\u0259 tap\u0131l\u0131b.Qeyd ed\u0259k ki, Marneulid\u0259 ba\u015f ver\u0259n bu g\u00f6r\u00fcnt\u00fcl\u0259r T\u00fcrkiy\u0259 v\u0259 dig\u0259r xarici \u00f6lk\u0259l\u0259rin m\u0259tbuat\u0131nda man\u015fet olub. \u0130ngilt\u0259r\u0259nin m\u0259\u015fhur &#8220;Daily Mail&#8221; n\u0259\u015fri d\u0259 \u00f6z toyunda q\u0259z\u0259bl\u0259nib \u015fampan \u015f\u00fc\u015f\u0259sini yer\u0259 \u00e7\u0131rpan b\u0259yd\u0259n yaz\u0131b.<\/p>\n<p>&#8220;\u00c7ox b\u0259db\u0259xt c\u00fctl\u00fck!&#8221; ba\u015fl\u0131\u011f\u0131 il\u0259 yaz\u0131lan m\u0259qal\u0259d\u0259 deyilir ki, toy g\u00fcn\u00fc \u0259n xo\u015fb\u0259xt g\u00fcn olsa da, q\u0259z\u0259bli b\u0259y v\u0259 g\u0259lin \u00fc\u00e7\u00fcn \u00e7\u0259tin ki, bu bel\u0259 olsun. M\u0259qal\u0259d\u0259 h\u0259m\u00e7inin qeyd olunur ki, sosial \u015f\u0259b\u0259k\u0259l\u0259rd\u0259 &#8220;B\u0259db\u0259xt q\u0131z&#8221; ba\u015fl\u0131\u011f\u0131 il\u0259 yerl\u0259\u015fdiril\u0259n g\u00f6r\u00fcnt\u00fcl\u0259r 3,4 milyon d\u0259f\u0259 izl\u0259nib v\u0259 28 mind\u0259n \u00e7ox \u015f\u0259rh g\u0259lib. \u0130stifad\u0259\u00e7il\u0259r bu d\u0259h\u015f\u0259tli toydan sonra c\u00fctl\u00fcy\u00fcn ayr\u0131lmal\u0131 oldu\u011funu qeyd edibl\u0259r.Demokrat.az<\/p>\n<div class=\"embed-responsive embed-responsive-16by9\"><iframe loading=\"lazy\" id=\"nmqembedid\" class=\"embed-responsive-item\" title=\"video player\" src=\"https:\/\/izle.az\/embed\/09fPzS9L1Uus0k_NTUpN0U_1yy8qyfKsKHHz8fZ2zi7w9kkKNqy0KPOxTC2qcrYo8Q419DYMLfOvsgwLqAKyQ1LcAnyNHQu9PUKrkst8jHzcUiudcsrL8wtNAtMDdXQA\" width=\"600\" height=\"340\" frameborder=\"0\" scrolling=\"no\" allowfullscreen=\"allowfullscreen\" data-mce-fragment=\"1\"><\/iframe><\/div>\n<div class=\"datespan clearfix\"><\/div>\n","protected":false},"excerpt":{"rendered":"<p>&#8220;Teleqraf Holding&#8221;in r\u0259hb\u0259ri, sabiq deputat Aynur Camal parlament se\u00e7kil\u0259rind\u0259 i\u015ftirak ed\u0259 bil\u0259r. ARANTV.AZ-\u0131n m\u0259lumat\u0131na g\u00f6r\u0259, bu bar\u0259d\u0259 Aynur Camal &#8220;Yeni Musavat&#8221;\u0131n canl\u0131 yay\u0131m\u0131nda deyib. O bildirib ki, se\u00e7kil\u0259rd\u0259 i\u015ftirak etm\u0259yi d\u00fc\u015f\u00fcn\u00fcr: &#8220;Yeni Az\u0259rbaycan Partiyas\u0131n\u0131n dair\u0259l\u0259r \u00fczr\u0259 namiz\u0259dl\u0259ri a\u00e7\u0131qlanandan sonra q\u0259ti q\u0259rar\u0131m\u0131 ver\u0259c\u0259m&#8221;. G\u00f6r\u00fcnt\u00fcl\u0259r\u0259 \u015f\u0259rh yazan \u015f\u0259xsl\u0259r b\u0259yin d\u0259lilik h\u0259ddin\u0259 \u00e7atmas\u0131n\u0131 fotoqraf\u0131n h\u0259r\u0259k\u0259tl\u0259ri il\u0259 \u0259laq\u0259l\u0259ndiribl\u0259r. Onlar\u0131n s\u00f6zl\u0259rin\u0259 g\u00f6r\u0259, bir ne\u00e7\u0259 g\u00fcn \u0259vv\u0259l Rusiyadan qay\u0131tm\u0131\u015f b\u0259y fotoqraf\u0131n da evl\u0259ndiyi q\u0131z\u0131 sevdiyini toy g\u00fcn\u00fc \u00f6yr\u0259nibmi\u015f. Ehtimal olunur ki, b\u0259y fotosessiya ed\u0259n fotoqraf\u0131n g\u0259lin\u0259 \u00e7ox diqq\u0259t g\u00f6st\u0259rm\u0259sin\u0259 \u0259s\u0259bil\u0259\u015fib. Hadis\u0259d\u0259n p\u0259rt olan g\u0259linin o\u011flandan ayr\u0131lmaq&hellip;<\/p>\n","protected":false},"author":2,"featured_media":106692,"comment_status":"closed","ping_status":"closed","sticky":false,"template":"","format":"standard","meta":{"om_disable_all_campaigns":false,"_monsterinsights_skip_tracking":false,"_monsterinsights_sitenote_active":false,"_monsterinsights_sitenote_note":"","_monsterinsights_sitenote_category":0},"categories":[1],"tags":[],"aioseo_notices":[],"gutentor_comment":0,"rttpg_featured_image_url":{"full":["https:\/\/arantv.az\/wp-content\/uploads\/2019\/12\/1576148619_hirslenen-bey.jpg",549,361,false],"landscape":["https:\/\/arantv.az\/wp-content\/uploads\/2019\/12\/1576148619_hirslenen-bey.jpg",549,361,false],"portraits":["https:\/\/arantv.az\/wp-content\/uploads\/2019\/12\/1576148619_hirslenen-bey.jpg",549,361,false],"thumbnail":["https:\/\/arantv.az\/wp-content\/uploads\/2019\/12\/1576148619_hirslenen-bey-150x150.jpg",150,150,true],"medium":["https:\/\/arantv.az\/wp-content\/uploads\/2019\/12\/1576148619_hirslenen-bey-300x197.jpg",300,197,true],"large":["https:\/\/arantv.az\/wp-content\/uploads\/2019\/12\/1576148619_hirslenen-bey.jpg",549,361,false],"1536x1536":["https:\/\/arantv.az\/wp-content\/uploads\/2019\/12\/1576148619_hirslenen-bey.jpg",549,361,false],"2048x2048":["https:\/\/arantv.az\/wp-content\/uploads\/2019\/12\/1576148619_hirslenen-bey.jpg",549,361,false],"post-thumbnail":["https:\/\/arantv.az\/wp-content\/uploads\/2019\/12\/1576148619_hirslenen-bey-240x172.jpg",240,172,true],"advps-thumb-one":["https:\/\/arantv.az\/wp-content\/uploads\/2019\/12\/1576148619_hirslenen-bey.jpg",549,361,false]},"rttpg_author":{"display_name":"V\u00fcsal Rafiqo\u011flu","author_link":"https:\/\/arantv.az\/?author=2"},"rttpg_comment":0,"rttpg_category":"<a href=\"https:\/\/arantv.az\/?cat=1\" rel=\"category\">C\u0259miyy\u0259t<\/a>","rttpg_excerpt":"&#8220;Teleqraf Holding&#8221;in r\u0259hb\u0259ri, sabiq deputat Aynur Camal parlament se\u00e7kil\u0259rind\u0259 i\u015ftirak ed\u0259 bil\u0259r. ARANTV.AZ-\u0131n m\u0259lumat\u0131na g\u00f6r\u0259, bu bar\u0259d\u0259 Aynur Camal &#8220;Yeni Musavat&#8221;\u0131n canl\u0131 yay\u0131m\u0131nda deyib. O bildirib ki, se\u00e7kil\u0259rd\u0259 i\u015ftirak etm\u0259yi d\u00fc\u015f\u00fcn\u00fcr: &#8220;Yeni Az\u0259rbaycan Partiyas\u0131n\u0131n dair\u0259l\u0259r \u00fczr\u0259 namiz\u0259dl\u0259ri a\u00e7\u0131qlanandan sonra q\u0259ti q\u0259rar\u0131m\u0131 ver\u0259c\u0259m&#8221;. G\u00f6r\u00fcnt\u00fcl\u0259r\u0259 \u015f\u0259rh yazan \u015f\u0259xsl\u0259r b\u0259yin d\u0259lilik h\u0259ddin\u0259 \u00e7atmas\u0131n\u0131 fotoqraf\u0131n h\u0259r\u0259k\u0259tl\u0259ri il\u0259 \u0259laq\u0259l\u0259ndiribl\u0259r. Onlar\u0131n&hellip;","_links":{"self":[{"href":"https:\/\/arantv.az\/index.php?rest_route=\/wp\/v2\/posts\/106691"}],"collection":[{"href":"https:\/\/arantv.az\/index.php?rest_route=\/wp\/v2\/posts"}],"about":[{"href":"https:\/\/arantv.az\/index.php?rest_route=\/wp\/v2\/types\/post"}],"author":[{"embeddable":true,"href":"https:\/\/arantv.az\/index.php?rest_route=\/wp\/v2\/users\/2"}],"replies":[{"embeddable":true,"href":"https:\/\/arantv.az\/index.php?rest_route=%2Fwp%2Fv2%2Fcomments&post=106691"}],"version-history":[{"count":0,"href":"https:\/\/arantv.az\/index.php?rest_route=\/wp\/v2\/posts\/106691\/revisions"}],"wp:featuredmedia":[{"embeddable":true,"href":"https:\/\/arantv.az\/index.php?rest_route=\/wp\/v2\/media\/106692"}],"wp:attachment":[{"href":"https:\/\/arantv.az\/index.php?rest_route=%2Fwp%2Fv2%2Fmedia&parent=106691"}],"wp:term":[{"taxonomy":"category","embeddable":true,"href":"https:\/\/arantv.az\/index.php?rest_route=%2Fwp%2Fv2%2Fcategories&post=106691"},{"taxonomy":"post_tag","embeddable":true,"href":"https:\/\/arantv.az\/index.php?rest_route=%2Fwp%2Fv2%2Ftags&post=106691"}],"curies":[{"name":"wp","href":"https:\/\/api.w.org\/{rel}","templated":true}]}}