{"id":106695,"date":"2019-12-12T15:17:53","date_gmt":"2019-12-12T12:17:53","guid":{"rendered":"http:\/\/arantv.az\/?p=106695"},"modified":"2019-12-12T15:17:53","modified_gmt":"2019-12-12T12:17:53","slug":"birinci-vitse-prezidentd%c9%99n-heyd%c9%99r-%c9%99liyevin-v%c9%99fatinin-16-ci-ildonumu-il%c9%99-bagli-paylasim-video","status":"publish","type":"post","link":"https:\/\/arantv.az\/?p=106695","title":{"rendered":"Birinci vitse-prezidentd\u0259n Heyd\u0259r \u018fliyevin v\u0259fat\u0131n\u0131n 16-c\u0131 ild\u00f6n\u00fcm\u00fc il\u0259 ba\u011fl\u0131 payla\u015f\u0131m &#8211; V\u0130DEO"},"content":{"rendered":"<p>Az\u0259rbaycan\u0131n Birinci vitse-prezidenti Mehriban \u018fliyeva \u201cInstagram\u201d hesab\u0131nda video\u00e7arx payla\u015f\u0131b.<\/p>\n<p>Video\u00e7arx Heyd\u0259r \u018fliyev M\u0259rk\u0259zi t\u0259r\u0259find\u0259n \u00fcmummilli lider Heyd\u0259r \u018fliyevin v\u0259fat\u0131n\u0131n 16-c\u0131 ild\u00f6n\u00fcm\u00fc il\u0259 \u0259laq\u0259dar haz\u0131rlan\u0131b.<\/p>\n<div><iframe loading=\"lazy\" id=\"instagram-embed-0\" class=\"instagram-media instagram-media-rendered\" src=\"https:\/\/www.instagram.com\/tv\/B5-IQiCgYJr\/embed\/?cr=1&amp;v=12&amp;wp=540&amp;rd=https%3A%2F%2Foxu.az&amp;rp=%2Fpolitics%2F348644#%7B%22ci%22%3A0%2C%22os%22%3A1789.6350000009988%2C%22ls%22%3A1212.9249999998137%2C%22le%22%3A1342.7200000005541%7D\" width=\"300\" height=\"881\" frameborder=\"0\" scrolling=\"no\" allowfullscreen=\"allowfullscreen\" data-instgrm-payload-id=\"instagram-media-payload-0\" data-mce-fragment=\"1\"><\/iframe><\/div>\n<p>&nbsp;<\/p>\n","protected":false},"excerpt":{"rendered":"<p>Az\u0259rbaycan\u0131n Birinci vitse-prezidenti Mehriban \u018fliyeva \u201cInstagram\u201d hesab\u0131nda video\u00e7arx payla\u015f\u0131b. Video\u00e7arx Heyd\u0259r \u018fliyev M\u0259rk\u0259zi t\u0259r\u0259find\u0259n \u00fcmummilli lider Heyd\u0259r \u018fliyevin v\u0259fat\u0131n\u0131n 16-c\u0131 ild\u00f6n\u00fcm\u00fc il\u0259 \u0259laq\u0259dar haz\u0131rlan\u0131b. &nbsp;<\/p>\n","protected":false},"author":2,"featured_media":106696,"comment_status":"closed","ping_status":"closed","sticky":false,"template":"","format":"standard","meta":{"om_disable_all_campaigns":false,"_monsterinsights_skip_tracking":false,"_monsterinsights_sitenote_active":false,"_monsterinsights_sitenote_note":"","_monsterinsights_sitenote_category":0},"categories":[4],"tags":[],"aioseo_notices":[],"gutentor_comment":0,"rttpg_featured_image_url":{"full":["https:\/\/arantv.az\/wp-content\/uploads\/2019\/12\/14892-1551948964.jpg",620,413,false],"landscape":["https:\/\/arantv.az\/wp-content\/uploads\/2019\/12\/14892-1551948964.jpg",620,413,false],"portraits":["https:\/\/arantv.az\/wp-content\/uploads\/2019\/12\/14892-1551948964.jpg",620,413,false],"thumbnail":["https:\/\/arantv.az\/wp-content\/uploads\/2019\/12\/14892-1551948964-150x150.jpg",150,150,true],"medium":["https:\/\/arantv.az\/wp-content\/uploads\/2019\/12\/14892-1551948964-300x200.jpg",300,200,true],"large":["https:\/\/arantv.az\/wp-content\/uploads\/2019\/12\/14892-1551948964.jpg",620,413,false],"1536x1536":["https:\/\/arantv.az\/wp-content\/uploads\/2019\/12\/14892-1551948964.jpg",620,413,false],"2048x2048":["https:\/\/arantv.az\/wp-content\/uploads\/2019\/12\/14892-1551948964.jpg",620,413,false],"post-thumbnail":["https:\/\/arantv.az\/wp-content\/uploads\/2019\/12\/14892-1551948964-240x172.jpg",240,172,true],"advps-thumb-one":["https:\/\/arantv.az\/wp-content\/uploads\/2019\/12\/14892-1551948964.jpg",620,413,false]},"rttpg_author":{"display_name":"V\u00fcsal Rafiqo\u011flu","author_link":"https:\/\/arantv.az\/?author=2"},"rttpg_comment":0,"rttpg_category":"<a href=\"https:\/\/arantv.az\/?cat=4\" rel=\"category\">Siyas\u0259t<\/a>","rttpg_excerpt":"Az\u0259rbaycan\u0131n Birinci vitse-prezidenti Mehriban \u018fliyeva \u201cInstagram\u201d hesab\u0131nda video\u00e7arx payla\u015f\u0131b. Video\u00e7arx Heyd\u0259r \u018fliyev M\u0259rk\u0259zi t\u0259r\u0259find\u0259n \u00fcmummilli lider Heyd\u0259r \u018fliyevin v\u0259fat\u0131n\u0131n 16-c\u0131 ild\u00f6n\u00fcm\u00fc il\u0259 \u0259laq\u0259dar haz\u0131rlan\u0131b. &nbsp;","_links":{"self":[{"href":"https:\/\/arantv.az\/index.php?rest_route=\/wp\/v2\/posts\/106695"}],"collection":[{"href":"https:\/\/arantv.az\/index.php?rest_route=\/wp\/v2\/posts"}],"about":[{"href":"https:\/\/arantv.az\/index.php?rest_route=\/wp\/v2\/types\/post"}],"author":[{"embeddable":true,"href":"https:\/\/arantv.az\/index.php?rest_route=\/wp\/v2\/users\/2"}],"replies":[{"embeddable":true,"href":"https:\/\/arantv.az\/index.php?rest_route=%2Fwp%2Fv2%2Fcomments&post=106695"}],"version-history":[{"count":0,"href":"https:\/\/arantv.az\/index.php?rest_route=\/wp\/v2\/posts\/106695\/revisions"}],"wp:featuredmedia":[{"embeddable":true,"href":"https:\/\/arantv.az\/index.php?rest_route=\/wp\/v2\/media\/106696"}],"wp:attachment":[{"href":"https:\/\/arantv.az\/index.php?rest_route=%2Fwp%2Fv2%2Fmedia&parent=106695"}],"wp:term":[{"taxonomy":"category","embeddable":true,"href":"https:\/\/arantv.az\/index.php?rest_route=%2Fwp%2Fv2%2Fcategories&post=106695"},{"taxonomy":"post_tag","embeddable":true,"href":"https:\/\/arantv.az\/index.php?rest_route=%2Fwp%2Fv2%2Ftags&post=106695"}],"curies":[{"name":"wp","href":"https:\/\/api.w.org\/{rel}","templated":true}]}}