{"id":106699,"date":"2019-12-12T15:46:56","date_gmt":"2019-12-12T12:46:56","guid":{"rendered":"http:\/\/arantv.az\/?p=106699"},"modified":"2019-12-12T15:46:56","modified_gmt":"2019-12-12T12:46:56","slug":"deputat-az%c9%99rbaycan-qadinlarinin-bugunku-ugurlari-heyd%c9%99r-%c9%99liyev-strategiyasinin-t%c9%99nt%c9%99n%c9%99sidir","status":"publish","type":"post","link":"https:\/\/arantv.az\/?p=106699","title":{"rendered":"Deputat: &#8220;Az\u0259rbaycan qad\u0131nlar\u0131n\u0131n bug\u00fcnk\u00fc u\u011furlar\u0131 Heyd\u0259r \u018fliyev strategiyas\u0131n\u0131n t\u0259nt\u0259n\u0259sidir&#8221;"},"content":{"rendered":"<p>\u00dcmumb\u0259\u015f\u0259ri x\u00fcsusiyy\u0259tl\u0259ri \u00f6z\u00fcnd\u0259 c\u0259ml\u0259\u015fdir\u0259n ulu \u00f6nd\u0259r Heyd\u0259r \u018fliyev Az\u0259rbaycan\u0131n taleyind\u0259 g\u00fcn\u0259\u015f kimi parlay\u0131b, q\u00fcdr\u0259tli d\u00f6vl\u0259t xadimi kimi bu g\u00fcn m\u00f6vcud olan m\u00fcst\u0259qil Az\u0259rbaycan d\u00f6vl\u0259tinin t\u0259m\u0259lini, b\u00fcn\u00f6vr\u0259sini qoyub.<\/p>\n<p><strong>ARANTV.AZ<\/strong>\u00a0 bildirir ki, bunu\u00a0<a href=\"http:\/\/az.trend.az\/\" target=\"_blank\" rel=\"noopener\">Trend<\/a>-\u0259\u00a0Milli M\u0259clisin deputat\u0131 P\u0259rvin K\u0259rimzad\u0259 deyib.<\/p>\n<p>Deputat bildirib ki, dahi \u015f\u0259xsiyy\u0259t m\u0259rdliyi, c\u0259sar\u0259ti il\u0259 \u00f6lk\u0259mizi b\u00fct\u00fcn t\u0259hl\u00fck\u0259l\u0259rd\u0259n qoruyub, d\u00f6vl\u0259t, xalq qar\u015f\u0131s\u0131nda duran v\u0259zif\u0259l\u0259rin u\u011furla h\u0259yata ke\u00e7irilm\u0259sin\u0259 m\u00f6hk\u0259m z\u0259min yarad\u0131b:<\/p>\n<p>&#8220;El\u0259 bu s\u0259b\u0259bd\u0259n d\u0259 Az\u0259rbaycan xalq\u0131 xo\u015fb\u0259xt xalqlardand\u0131r. Tanr\u0131 \u0259n \u00e7\u0259tin v\u0259 ke\u015fm\u0259ke\u015fli d\u00f6vrl\u0259rd\u0259 milli d\u00f6vl\u0259t\u00e7iliyi, az\u0259rbaycan\u00e7\u0131l\u0131q ideyalar\u0131n\u0131 h\u0259r \u015feyd\u0259n \u00fcst\u00fcn tutan, b\u00fct\u00fcn m\u0259nal\u0131 h\u0259yat\u0131n\u0131 can\u0131ndan art\u0131q sevdiyi do\u011fma xalq\u0131na h\u0259sr ed\u0259n dahi \u015f\u0259xsiyy\u0259ti &#8211; Heyd\u0259r \u018fliyevi Az\u0259rbaycan xalq\u0131na b\u0259x\u015f edib&#8221;.<\/p>\n<p>P.K\u0259rimzad\u0259 qeyd edib ki, \u00f6lk\u0259mizin milli d\u00f6vl\u0259t\u00e7ilik \u0259n\u0259n\u0259l\u0259rinin qurulmas\u0131nda v\u0259 inki\u015faf\u0131nda misilsiz xidm\u0259tl\u0259ri olan dahi r\u0259hb\u0259r Heyd\u0259r \u018fliyev Az\u0259rbaycan qad\u0131n\u0131n\u0131n ictimai-siyasi h\u0259yatda layiqli m\u00f6vqeyini tutmas\u0131n\u0131, qad\u0131nlarla ba\u011fl\u0131 siyas\u0259tin g\u00fccl\u0259ndirilm\u0259sini d\u00f6vl\u0259tin m\u00fch\u00fcm, prioritet v\u0259zif\u0259l\u0259rind\u0259n biri hesab edib:<\/p>\n<p>&#8220;Az\u0259rbaycan qad\u0131nlar\u0131n\u0131n bilik v\u0259 bacar\u0131qlar\u0131na, istedad v\u0259 intellektin\u0259 g\u00f6r\u0259 ir\u0259li \u00e7\u0259kilm\u0259sini, y\u00fcks\u0259k v\u0259zif\u0259l\u0259r\u0259 t\u0259yin edilm\u0259sini, x\u00fcsus\u0259n elm v\u0259 t\u0259hsil sistemind\u0259 qad\u0131nlar\u0131n layiqli i\u015ftirak\u0131na d\u0259st\u0259k g\u00f6st\u0259rilm\u0259sini d\u00f6vl\u0259tin \u0259sas v\u0259zif\u0259 kimi ir\u0259li s\u00fcr\u0259n dahi \u015f\u0259xsiyy\u0259t deyirdi: &#8220;Biz \u00e7al\u0131\u015fmal\u0131y\u0131q ki, ali m\u0259kt\u0259bl\u0259rd\u0259 v\u0259 texnikumlarda daha \u00e7ox qad\u0131n t\u0259hsil als\u0131n, elmi f\u0259aliyy\u0259tl\u0259 m\u0259\u015f\u011ful olsun. X\u00fcsus\u0259n, k\u0259ndd\u0259 qad\u0131nlar v\u0259 u\u015faqlar aras\u0131nda b\u0259d\u0259n t\u0259rbiy\u0259si v\u0259 idman\u0131n daha da inki\u015faf etdirilm\u0259sin\u0259 diqq\u0259timizi xeyli art\u0131rmal\u0131y\u0131q&#8221;.<\/p>\n<p>Deputat \u0259lav\u0259 edib ki, \u00fcmummilli liderin hakimiyy\u0259td\u0259 oldu\u011fu h\u0259r iki d\u00f6vrd\u0259 \u00f6lk\u0259mizd\u0259 qad\u0131n probleml\u0259rin\u0259 daha b\u00f6y\u00fck diqq\u0259t yetirilm\u0259y\u0259 ba\u015flan\u0131l\u0131b:<\/p>\n<p>&#8220;Az\u0259rbaycan qad\u0131nlar\u0131n\u0131n h\u00fcquq b\u0259rab\u0259rliyi, c\u0259miyy\u0259td\u0259ki apar\u0131c\u0131 rolu 1995-ci ild\u0259 q\u0259bul olunmu\u015f Konstitusiyam\u0131zda geni\u015f \u0259ksini tap\u0131b, qad\u0131nlar\u0131n probleml\u0259rini d\u00f6vl\u0259t s\u0259viyy\u0259sind\u0259 h\u0259ll etm\u0259k m\u0259qs\u0259di il\u0259 Ail\u0259, Qad\u0131n v\u0259 U\u015faq Probleml\u0259ri \u00fczr\u0259 D\u00f6vl\u0259t Komit\u0259si yarad\u0131l\u0131b. 2000-ci il mart\u0131n 6-da Heyd\u0259r \u018fliyevin imzalad\u0131\u011f\u0131 &#8220;Az\u0259rbaycan Respublikas\u0131nda d\u00f6vl\u0259t qad\u0131n siyas\u0259tinin h\u0259yata ke\u00e7irilm\u0259si haqq\u0131nda&#8221; f\u0259rman \u0259v\u0259zedilm\u0259z bir s\u0259n\u0259d kimi \u00f6lk\u0259mizd\u0259 qad\u0131n h\u0259rakat\u0131n\u0131n geni\u015fl\u0259nm\u0259sin\u0259 \u015f\u0259rait yarad\u0131b.<\/p>\n<p>\u00dcmummilli liderin qad\u0131nlar haqq\u0131nda s\u00f6yl\u0259diyi m\u00fcdrik fikirl\u0259r h\u0259r zaman aktuall\u0131\u011f\u0131\u0131n\u0131 qoruyub: &#8220;C\u0259miyy\u0259td\u0259 qad\u0131nlar\u0131n \u00fcz\u0259rin\u0259 daim \u00e7ox b\u00f6y\u00fck v\u0259zif\u0259l\u0259r d\u00fc\u015f\u00fcr, onlar\u0131n i\u015fi h\u0259mi\u015f\u0259 a\u011f\u0131rd\u0131r. Ancaq onlar bu v\u0259zif\u0259l\u0259ri \u015f\u0259r\u0259fl\u0259 yerin\u0259 yetirir v\u0259 h\u0259mi\u015f\u0259 oldu\u011fu kimi indi d\u0259 c\u0259miyy\u0259td\u0259 apar\u0131c\u0131 rol oynay\u0131rlar&#8221;.<\/p>\n<p>P.K\u0259rimzad\u0259 \u0259lav\u0259 edib ki, ulu \u00f6nd\u0259rin m\u00fcst\u0259qillik konsepsiyas\u0131n\u0131n, sosial-iqtisadi inki\u015faf strategiyas\u0131n\u0131n uzaqg\u00f6r\u0259nliyi Prezident \u0130lham \u018fliyevin r\u0259hb\u0259rliyi il\u0259 m\u00fcst\u0259qil Az\u0259rbaycan\u0131n daxili v\u0259 xarici siyas\u0259tind\u0259 qazand\u0131\u011f\u0131 b\u00f6y\u00fck u\u011furlarda t\u0259sdiqini tapd\u0131\u011f\u0131 kimi qad\u0131n h\u00fcquqlar\u0131n\u0131n m\u00fcdafi\u0259si, onlar \u00fc\u00e7\u00fcn yarad\u0131lan b\u00fct\u00fcn imkanlar\u0131n daha da geni\u015fl\u0259ndirilm\u0259si d\u0259 d\u00f6vl\u0259t siyas\u0259tind\u0259 prioritet istiqam\u0259tin\u0259 \u00e7evrilib: &#8220;Bu g\u00fcn Az\u0259rbaycanda d\u00f6vl\u0259t qad\u0131n siyas\u0259ti y\u00fcks\u0259li\u015f m\u0259rh\u0259l\u0259sin\u0259 q\u0259d\u0259m qoyub. Az\u0259rbaycan qad\u0131n\u0131 h\u0259m d\u00f6vl\u0259t qulluq\u00e7usudur, h\u0259m d\u0259 ictimai-siyasi xadimdir. El\u0259 bir sah\u0259 yoxdur ki, orada Az\u0259rbaycan qad\u0131n\u0131n\u0131n s\u0259si e\u015fidilm\u0259sin, onun f\u0259aliyy\u0259ti g\u00f6rs\u0259nm\u0259sin. B\u0259li, m\u00fcasir h\u0259yat\u0131m\u0131zda Az\u0259rbaycan qad\u0131nlar\u0131n\u0131n bug\u00fcnk\u00fc u\u011furlar\u0131 Heyd\u0259r \u018fliyev strategiyas\u0131n\u0131n t\u0259nt\u0259n\u0259sidir&#8221;.<\/p>\n","protected":false},"excerpt":{"rendered":"<p>\u00dcmumb\u0259\u015f\u0259ri x\u00fcsusiyy\u0259tl\u0259ri \u00f6z\u00fcnd\u0259 c\u0259ml\u0259\u015fdir\u0259n ulu \u00f6nd\u0259r Heyd\u0259r \u018fliyev Az\u0259rbaycan\u0131n taleyind\u0259 g\u00fcn\u0259\u015f kimi parlay\u0131b, q\u00fcdr\u0259tli d\u00f6vl\u0259t xadimi kimi bu g\u00fcn m\u00f6vcud olan m\u00fcst\u0259qil Az\u0259rbaycan d\u00f6vl\u0259tinin t\u0259m\u0259lini, b\u00fcn\u00f6vr\u0259sini qoyub. ARANTV.AZ\u00a0 bildirir ki, bunu\u00a0Trend-\u0259\u00a0Milli M\u0259clisin deputat\u0131 P\u0259rvin K\u0259rimzad\u0259 deyib. Deputat bildirib ki, dahi \u015f\u0259xsiyy\u0259t m\u0259rdliyi, c\u0259sar\u0259ti il\u0259 \u00f6lk\u0259mizi b\u00fct\u00fcn t\u0259hl\u00fck\u0259l\u0259rd\u0259n qoruyub, d\u00f6vl\u0259t, xalq qar\u015f\u0131s\u0131nda duran v\u0259zif\u0259l\u0259rin u\u011furla h\u0259yata ke\u00e7irilm\u0259sin\u0259 m\u00f6hk\u0259m z\u0259min yarad\u0131b: &#8220;El\u0259 bu s\u0259b\u0259bd\u0259n d\u0259 Az\u0259rbaycan xalq\u0131 xo\u015fb\u0259xt xalqlardand\u0131r. Tanr\u0131 \u0259n \u00e7\u0259tin v\u0259 ke\u015fm\u0259ke\u015fli d\u00f6vrl\u0259rd\u0259 milli d\u00f6vl\u0259t\u00e7iliyi, az\u0259rbaycan\u00e7\u0131l\u0131q ideyalar\u0131n\u0131 h\u0259r \u015feyd\u0259n \u00fcst\u00fcn tutan, b\u00fct\u00fcn m\u0259nal\u0131 h\u0259yat\u0131n\u0131 can\u0131ndan art\u0131q sevdiyi do\u011fma xalq\u0131na h\u0259sr&hellip;<\/p>\n","protected":false},"author":2,"featured_media":106700,"comment_status":"closed","ping_status":"closed","sticky":false,"template":"","format":"standard","meta":{"om_disable_all_campaigns":false,"_monsterinsights_skip_tracking":false,"_monsterinsights_sitenote_active":false,"_monsterinsights_sitenote_note":"","_monsterinsights_sitenote_category":0},"categories":[19],"tags":[],"aioseo_notices":[],"gutentor_comment":0,"rttpg_featured_image_url":{"full":["https:\/\/arantv.az\/wp-content\/uploads\/2019\/12\/809969.jpg",800,600,false],"landscape":["https:\/\/arantv.az\/wp-content\/uploads\/2019\/12\/809969.jpg",800,600,false],"portraits":["https:\/\/arantv.az\/wp-content\/uploads\/2019\/12\/809969.jpg",800,600,false],"thumbnail":["https:\/\/arantv.az\/wp-content\/uploads\/2019\/12\/809969-150x150.jpg",150,150,true],"medium":["https:\/\/arantv.az\/wp-content\/uploads\/2019\/12\/809969-300x225.jpg",300,225,true],"large":["https:\/\/arantv.az\/wp-content\/uploads\/2019\/12\/809969.jpg",640,480,false],"1536x1536":["https:\/\/arantv.az\/wp-content\/uploads\/2019\/12\/809969.jpg",800,600,false],"2048x2048":["https:\/\/arantv.az\/wp-content\/uploads\/2019\/12\/809969.jpg",800,600,false],"post-thumbnail":["https:\/\/arantv.az\/wp-content\/uploads\/2019\/12\/809969-240x172.jpg",240,172,true],"advps-thumb-one":["https:\/\/arantv.az\/wp-content\/uploads\/2019\/12\/809969.jpg",800,600,false]},"rttpg_author":{"display_name":"V\u00fcsal Rafiqo\u011flu","author_link":"https:\/\/arantv.az\/?author=2"},"rttpg_comment":0,"rttpg_category":"<a href=\"https:\/\/arantv.az\/?cat=19\" rel=\"category\">G\u00fcnd\u0259m<\/a>","rttpg_excerpt":"\u00dcmumb\u0259\u015f\u0259ri x\u00fcsusiyy\u0259tl\u0259ri \u00f6z\u00fcnd\u0259 c\u0259ml\u0259\u015fdir\u0259n ulu \u00f6nd\u0259r Heyd\u0259r \u018fliyev Az\u0259rbaycan\u0131n taleyind\u0259 g\u00fcn\u0259\u015f kimi parlay\u0131b, q\u00fcdr\u0259tli d\u00f6vl\u0259t xadimi kimi bu g\u00fcn m\u00f6vcud olan m\u00fcst\u0259qil Az\u0259rbaycan d\u00f6vl\u0259tinin t\u0259m\u0259lini, b\u00fcn\u00f6vr\u0259sini qoyub. ARANTV.AZ\u00a0 bildirir ki, bunu\u00a0Trend-\u0259\u00a0Milli M\u0259clisin deputat\u0131 P\u0259rvin K\u0259rimzad\u0259 deyib. Deputat bildirib ki, dahi \u015f\u0259xsiyy\u0259t m\u0259rdliyi, c\u0259sar\u0259ti il\u0259 \u00f6lk\u0259mizi b\u00fct\u00fcn t\u0259hl\u00fck\u0259l\u0259rd\u0259n qoruyub, d\u00f6vl\u0259t, xalq qar\u015f\u0131s\u0131nda duran v\u0259zif\u0259l\u0259rin u\u011furla h\u0259yata&hellip;","_links":{"self":[{"href":"https:\/\/arantv.az\/index.php?rest_route=\/wp\/v2\/posts\/106699"}],"collection":[{"href":"https:\/\/arantv.az\/index.php?rest_route=\/wp\/v2\/posts"}],"about":[{"href":"https:\/\/arantv.az\/index.php?rest_route=\/wp\/v2\/types\/post"}],"author":[{"embeddable":true,"href":"https:\/\/arantv.az\/index.php?rest_route=\/wp\/v2\/users\/2"}],"replies":[{"embeddable":true,"href":"https:\/\/arantv.az\/index.php?rest_route=%2Fwp%2Fv2%2Fcomments&post=106699"}],"version-history":[{"count":0,"href":"https:\/\/arantv.az\/index.php?rest_route=\/wp\/v2\/posts\/106699\/revisions"}],"wp:featuredmedia":[{"embeddable":true,"href":"https:\/\/arantv.az\/index.php?rest_route=\/wp\/v2\/media\/106700"}],"wp:attachment":[{"href":"https:\/\/arantv.az\/index.php?rest_route=%2Fwp%2Fv2%2Fmedia&parent=106699"}],"wp:term":[{"taxonomy":"category","embeddable":true,"href":"https:\/\/arantv.az\/index.php?rest_route=%2Fwp%2Fv2%2Fcategories&post=106699"},{"taxonomy":"post_tag","embeddable":true,"href":"https:\/\/arantv.az\/index.php?rest_route=%2Fwp%2Fv2%2Ftags&post=106699"}],"curies":[{"name":"wp","href":"https:\/\/api.w.org\/{rel}","templated":true}]}}