{"id":106723,"date":"2019-12-12T16:10:22","date_gmt":"2019-12-12T13:10:22","guid":{"rendered":"http:\/\/arantv.az\/?p=106723"},"modified":"2019-12-12T16:10:22","modified_gmt":"2019-12-12T13:10:22","slug":"ramanada-hektarlarla-mes%c9%99-zolagi-m%c9%99hv-edilir-torpaqlari-qanunsuz-s%c9%99kild%c9%99-satanlar-kiml%c9%99rdir-video-fotolar","status":"publish","type":"post","link":"https:\/\/arantv.az\/?p=106723","title":{"rendered":"Ramanada hektarlarla me\u015f\u0259 zola\u011f\u0131 m\u0259hv edilir \u2014 Torpaqlar\u0131 qanunsuz \u015f\u0259kild\u0259 satanlar kiml\u0259rdir?! (V\u0130DEO-FOTOLAR)"},"content":{"rendered":"<p>Bu g\u00fcnl\u0259 Az\u0259rbaycan\u0131n Birinci vitse-prezidenti Mehriban xan\u0131m \u018fliyevan\u0131n bir g\u00fcnd\u0259 650 min a\u011fac\u0131n \u0259kilm\u0259si t\u0259\u015f\u0259bb\u00fcs\u00fc \u00f6lk\u0259mizd\u0259 v\u0259 d\u00fcnyada \u00e7ox b\u00f6y\u00fck hadis\u0259 kimi yadda\u015flarda qald\u0131. Birinci xan\u0131m\u0131n bu n\u0259cib t\u0259\u015f\u0259bb\u00fcs\u00fcn\u0259 Az\u0259rbaycan\u0131n b\u00fct\u00fcn rayonlar\u0131 \u00e7ox sevincl\u0259 qo\u015fuldular, ona d\u0259st\u0259k verdil\u0259r. Mehriban xan\u0131m\u0131n a\u011fac \u0259km\u0259kl\u0259 ya\u015f\u0131ll\u0131qlar\u0131n qorunmas\u0131 t\u0259\u015f\u0259bb\u00fcs\u00fc h\u0259r bir Az\u0259rbaycan v\u0259t\u0259nda\u015f\u0131n\u0131n \u00fcr\u0259yinc\u0259 oldu. \u015e\u00fcbh\u0259siz ki, onun bu c\u00fcr xeyrxah v\u0259 \u00fcmumb\u0259\u015f\u0259ri add\u0131m\u0131 h\u0259l\u0259 uzun ill\u0259r yadda\u015flardan silinm\u0259y\u0259c\u0259k.<\/p>\n<p>Ancaq \u00e7ox t\u0259\u0259ss\u00fcf ki, bel\u0259 bir \u0259r\u0259f\u0259d\u0259 Birinci vitse-prezidentin ya\u015f\u0131ll\u0131qlar\u0131n qorunmas\u0131 il\u0259 ba\u011fl\u0131 ali t\u0259\u015f\u0259bb\u00fcsl\u0259rin\u0259 k\u00f6lg\u0259 salma\u011fa \u00e7al\u0131\u015fan qurumlar v\u0259 ya \u015f\u0259xsl\u0259r d\u0259 tap\u0131ld\u0131. Buna konkret misal olaraq Sabun\u00e7u rayonu, Yeni Ramana q\u0259s\u0259b\u0259sind\u0259 &#8220;2-ci sah\u0259&#8221; adlanan \u0259razid\u0259 SSR\u0130 d\u00f6vr\u00fcnd\u0259 sal\u0131nm\u0131\u015f me\u015f\u0259 zola\u011f\u0131n\u0131n k\u00fctl\u0259vi \u015f\u0259kild\u0259 m\u0259hv edilm\u0259si fakt\u0131n\u0131 g\u00f6st\u0259rm\u0259k olar. Haz\u0131rda burada m\u00f6vcud olmu\u015f me\u015f\u0259 zola\u011f\u0131ndak\u0131 a\u011faclar m\u0259q\u0259sdli \u015f\u0259kild\u0259 q\u0131r\u0131l\u0131r, onlar\u0131n k\u00f6kl\u0259ri yand\u0131r\u0131l\u0131r, \u0259v\u0259zind\u0259 is\u0259 hektarlarla ya\u015f\u0131ll\u0131qlardan t\u0259mizl\u0259nmi\u015f torpaq sah\u0259l\u0259ri qanunsuz olaraq ayr\u0131-ayr\u0131 v\u0259t\u0259nda\u015flara sat\u0131l\u0131r.<\/p>\n<p>Demokrat.az-\u0131n \u0259m\u0259kda\u015flar\u0131 sakinl\u0259rin \u015fikay\u0259ti \u0259sas\u0131nda s\u00f6z\u00fcged\u0259n \u0259raziy\u0259 ged\u0259r\u0259k, oradak\u0131 v\u0259ziyy\u0259tl\u0259 yerind\u0259 tan\u0131\u015f olublar.<\/p>\n<p>S\u00f6z\u00fcged\u0259n \u0259razi Heyd\u0259r \u018fliyev ad\u0131na Beyn\u0259lxalq Hava Liman\u0131n\u0131n t\u0259hl\u00fck\u0259sizlik zola\u011f\u0131na biti\u015fik zonada yerl\u0259\u015fir. Burada n\u0259inki ya\u015fay\u0131\u015f evl\u0259rinin, h\u0259tta h\u0259r hans\u0131 ia\u015f\u0259 obyektl\u0259rinin tikintisi bel\u0259 q\u0259ti qada\u011fand\u0131r. H\u0259tta, bu qada\u011fa bar\u0259d\u0259 m\u0259lumat Hava Liman\u0131n\u0131n s\u0259rh\u0259d zola\u011f\u0131nda vurulmu\u015f x\u0259b\u0259rdarl\u0131q l\u00f6vh\u0259sind\u0259 d\u0259 \u0259ks olunub. Ancaq b\u00fct\u00fcn bunlara baxmayaraq, haz\u0131rda h\u0259min \u0259razid\u0259ki ya\u015f\u0131ll\u0131qlar\u0131n m\u0259hv edildiyini g\u00f6r\u0259nd\u0259 insan t\u0259\u0259ss\u00fcf hissl\u0259ri ke\u00e7irm\u0259y\u0259 bilmir. Haz\u0131rda bu \u0259razid\u0259 a\u011faclar\u0131n \u00e7ox hiss\u0259si m\u0259hv edilib, dig\u0259r hiss\u0259l\u0259ri is\u0259 ayr\u0131-ayr\u0131 v\u0259t\u0259nda\u015flar t\u0259r\u0259find\u0259n hasarlan\u0131b.<\/p>\n<p>\u015e\u00fcbh\u0259siz ki, yaranm\u0131\u015f bu ac\u0131nacaql\u0131 v\u0259ziyy\u0259td\u0259n Ekologiya v\u0259 T\u0259bii S\u0259rv\u0259tl\u0259r Nazirliyi, Bak\u0131 \u015f\u0259h\u0259r \u0130cra Hakimiyy\u0259ti, Sabun\u00e7u v\u0259 X\u0259z\u0259r rayon \u0130cra hakimiyy\u0259tl\u0259ri r\u0259hb\u0259rlikl\u0259ri x\u0259b\u0259rsiz deyill\u0259r. G\u00f6r\u00fcn\u00fcr, h\u0259min qurumlar\u0131n \u00f6zl\u0259ri d\u0259 bil\u0259r\u0259kd\u0259n \u0259razid\u0259ki ya\u015f\u0131ll\u0131qlar\u0131n m\u0259hv edilm\u0259sind\u0259 maraql\u0131d\u0131rlar.<\/p>\n<p>Sakinl\u0259rl\u0259 s\u00f6hb\u0259t zaman\u0131 ayd\u0131n olur ki, s\u00f6z\u00fcged\u0259n ya\u015f\u0131ll\u0131q \u0259razil\u0259ri v\u0259t\u0259nda\u015flara Balas\u0131 adl\u0131 &#8220;makler&#8221; t\u0259r\u0259find\u0259n sat\u0131l\u0131r.<\/p>\n<p>Sakinl\u0259r iddia edirl\u0259r ki, Balas\u0131 adl\u0131 \u015f\u0259xs onlardan k\u00fclli miqdarda pul alaraq, torpaqlar\u0131 satan zaman qanunu s\u0259n\u0259dl\u0259rini d\u0259 ver\u0259c\u0259yini s\u00f6z verib. Ancaq h\u0259min \u0259razid\u0259 ev tik\u0259n v\u0259t\u0259nda\u015flar\u0131n \u0259ks\u0259riyy\u0259tinin s\u0259n\u0259dl\u0259rini h\u0259l\u0259 d\u0259 onlara t\u0259qdim olunmay\u0131b.<\/p>\n<p>Sakinl\u0259r ya\u015f\u0131ll\u0131qlar\u0131n\u0131n m\u0259hv edildiyi \u0259razid\u0259 Balas\u0131 adl\u0131 &#8220;makler&#8221;in \u00f6z\u00fcn\u00fcn d\u0259 d\u0259bd\u0259b\u0259li villas\u0131n\u0131n oldu\u011funu deyirl\u0259r.<\/p>\n<p>Sakinl\u0259rin s\u00f6zl\u0259rin\u0259 g\u00f6r\u0259, s\u00f6z\u00fcged\u0259n me\u015f\u0259 zola\u011f\u0131 Bak\u0131 \u015f\u0259h\u0259r \u0130cra Hakimiyy\u0259ti Ya\u015f\u0131lla\u015fd\u0131rma T\u0259s\u0259rr\u00fcfat\u0131 Birliyinin balans\u0131nda olsa da, ancaq onlar\u0131n bigan\u0259liyi n\u0259tic\u0259sind\u0259 b\u0259zi i\u015fbazlar t\u0259r\u0259find\u0259n a\u011faclar olan torpaq sah\u0259l\u0259ri qanunsuz olaraq ayr\u0131-ayr\u0131 v\u0259t\u0259nda\u015flara sat\u0131l\u0131r. S\u00f6z\u00fcged\u0259n ya\u015f\u0131ll\u0131qlar\u0131 m\u0259hv ed\u0259r\u0259k, v\u0259t\u0259nda\u015flara satan \u0259sas \u015f\u0259xs kimi is\u0259 Balas\u0131 adl\u0131 &#8220;makler&#8221;in ad\u0131 \u00e7\u0259kilir.<\/p>\n<p>Sakinl\u0259r deyir ki, \u0259razid\u0259ki ya\u015f\u0131\u0259ll\u0131qlar\u0131n m\u0259hv edilm\u0259si v\u0259 torpaqlar\u0131n qanunsuz \u015f\u0259kild\u0259 sat\u0131lmas\u0131ndan X\u0259z\u0259r rayon \u0130cra Hakimiyy\u0259tinin R\u0259\u015fad adl\u0131 n\u00fcmay\u0259nd\u0259sinin d\u0259 x\u0259b\u0259ri var.<\/p>\n<p>&#8220;Buradak\u0131 ya\u015f\u0131ll\u0131qlar\u0131n m\u0259hv edilm\u0259sind\u0259 Balas\u0131, Dilq\u0259m v\u0259 X\u0259z\u0259r rayon \u0130cra Hakimiyy\u0259tinin \u0259razi \u00fczr\u0259 n\u00fcmay\u0259nd\u0259si R\u0259\u015fad adl\u0131 \u015f\u0259xs m\u0259suliyy\u0259t da\u015f\u0131y\u0131rlar. Onlar\u0131n i\u015ftirak\u0131 il\u0259 bu torpaqlar qanunsuz \u015f\u0259kild\u0259 sat\u0131l\u0131r&#8221;, &#8211; dey\u0259 sakinl\u0259r \u0259lav\u0259 edib.<\/p>\n<p>\u015eikay\u0259t\u00e7i olan sakinl\u0259r s\u00f6z\u00fcged\u0259n \u0259razid\u0259 t\u00f6r\u0259dil\u0259n qanunsuz \u0259m\u0259ll\u0259rl\u0259 ba\u011fl\u0131 Prezident \u0130lham \u018fliyev\u0259 v\u0259 Birinci vitse-prezident Mehriban \u018fliyevaya m\u00fcraci\u0259t edibl\u0259r.<\/p>\n<p>S\u00f6z\u00fcged\u0259n ittihamlarda ad\u0131 hallanan Balas\u0131 adl\u0131 \u015f\u0259xsl\u0259 \u0259laq\u0259 saxlad\u0131q. O, Demokrat.az-a a\u00e7\u0131qlamas\u0131nda h\u0259min \u0259razil\u0259rd\u0259 he\u00e7 bir a\u011fac k\u0259sm\u0259diyini bildirib:<\/p>\n<p>&#8220;M\u0259n n\u0259 a\u011fac k\u0259sm\u0259mi\u015f\u0259m, n\u0259 d\u0259 me\u015f\u0259 zola\u011f\u0131n\u0131 satmam\u0131\u015fam. Haqq\u0131mda s\u0259sl\u0259ndiril\u0259n ittihamlar yaland\u0131r. M\u0259n\u0259 qar\u015f\u0131 b\u00fct\u00fcn bu yalanlar\u0131 uyduran v\u0259 \u015fikay\u0259t\u00e7il\u0259ri \u00fcz\u0259rim\u0259 qald\u0131ran bir n\u0259f\u0259rdir. \u0130ndi o adam qa\u00e7\u0131b xaricd\u0259 gizl\u0259nib, bunlar\u0131 da o edir&#8221;.<\/p>\n<div class=\"embed-responsive embed-responsive-16by9\"><iframe loading=\"lazy\" id=\"nmqembedid\" class=\"embed-responsive-item\" title=\"video player\" src=\"https:\/\/izle.az\/embed\/qyyxzc0JcXONzPPxSHUEAA~~\" width=\"600\" height=\"340\" frameborder=\"0\" scrolling=\"no\" allowfullscreen=\"allowfullscreen\" data-mce-fragment=\"1\"><\/iframe><\/div>\n<div class=\"embed-responsive embed-responsive-16by9\"><iframe loading=\"lazy\" id=\"nmqembedid\" class=\"embed-responsive-item\" title=\"video player\" src=\"https:\/\/izle.az\/embed\/qyyx9SrN8LMMdTfVNQ8FAA~~\" width=\"600\" height=\"340\" frameborder=\"0\" scrolling=\"no\" allowfullscreen=\"allowfullscreen\" data-mce-fragment=\"1\"><\/iframe><\/div>\n<div class=\"embed-responsive embed-responsive-16by9\"><iframe loading=\"lazy\" id=\"nmqembedid\" class=\"embed-responsive-item\" title=\"video player\" src=\"https:\/\/izle.az\/embed\/qyyx9c_3ds3yT4vPC08HAA~~\" width=\"600\" height=\"340\" frameborder=\"0\" scrolling=\"no\" allowfullscreen=\"allowfullscreen\" data-mce-fragment=\"1\"><\/iframe><\/div>\n<div class=\"datespan clearfix\"><\/div>\n","protected":false},"excerpt":{"rendered":"<p>Bu g\u00fcnl\u0259 Az\u0259rbaycan\u0131n Birinci vitse-prezidenti Mehriban xan\u0131m \u018fliyevan\u0131n bir g\u00fcnd\u0259 650 min a\u011fac\u0131n \u0259kilm\u0259si t\u0259\u015f\u0259bb\u00fcs\u00fc \u00f6lk\u0259mizd\u0259 v\u0259 d\u00fcnyada \u00e7ox b\u00f6y\u00fck hadis\u0259 kimi yadda\u015flarda qald\u0131. Birinci xan\u0131m\u0131n bu n\u0259cib t\u0259\u015f\u0259bb\u00fcs\u00fcn\u0259 Az\u0259rbaycan\u0131n b\u00fct\u00fcn rayonlar\u0131 \u00e7ox sevincl\u0259 qo\u015fuldular, ona d\u0259st\u0259k verdil\u0259r. Mehriban xan\u0131m\u0131n a\u011fac \u0259km\u0259kl\u0259 ya\u015f\u0131ll\u0131qlar\u0131n qorunmas\u0131 t\u0259\u015f\u0259bb\u00fcs\u00fc h\u0259r bir Az\u0259rbaycan v\u0259t\u0259nda\u015f\u0131n\u0131n \u00fcr\u0259yinc\u0259 oldu. \u015e\u00fcbh\u0259siz ki, onun bu c\u00fcr xeyrxah v\u0259 \u00fcmumb\u0259\u015f\u0259ri add\u0131m\u0131 h\u0259l\u0259 uzun ill\u0259r yadda\u015flardan silinm\u0259y\u0259c\u0259k. Ancaq \u00e7ox t\u0259\u0259ss\u00fcf ki, bel\u0259 bir \u0259r\u0259f\u0259d\u0259 Birinci vitse-prezidentin ya\u015f\u0131ll\u0131qlar\u0131n qorunmas\u0131 il\u0259 ba\u011fl\u0131 ali t\u0259\u015f\u0259bb\u00fcsl\u0259rin\u0259 k\u00f6lg\u0259 salma\u011fa \u00e7al\u0131\u015fan qurumlar v\u0259 ya \u015f\u0259xsl\u0259r d\u0259 tap\u0131ld\u0131. Buna&hellip;<\/p>\n","protected":false},"author":2,"featured_media":106724,"comment_status":"closed","ping_status":"closed","sticky":false,"template":"","format":"standard","meta":{"om_disable_all_campaigns":false,"_monsterinsights_skip_tracking":false,"_monsterinsights_sitenote_active":false,"_monsterinsights_sitenote_note":"","_monsterinsights_sitenote_category":0},"categories":[1],"tags":[],"aioseo_notices":[],"gutentor_comment":0,"rttpg_featured_image_url":{"full":["https:\/\/arantv.az\/wp-content\/uploads\/2019\/12\/img2327.jpg",549,412,false],"landscape":["https:\/\/arantv.az\/wp-content\/uploads\/2019\/12\/img2327.jpg",549,412,false],"portraits":["https:\/\/arantv.az\/wp-content\/uploads\/2019\/12\/img2327.jpg",549,412,false],"thumbnail":["https:\/\/arantv.az\/wp-content\/uploads\/2019\/12\/img2327-150x150.jpg",150,150,true],"medium":["https:\/\/arantv.az\/wp-content\/uploads\/2019\/12\/img2327-300x225.jpg",300,225,true],"large":["https:\/\/arantv.az\/wp-content\/uploads\/2019\/12\/img2327.jpg",549,412,false],"1536x1536":["https:\/\/arantv.az\/wp-content\/uploads\/2019\/12\/img2327.jpg",549,412,false],"2048x2048":["https:\/\/arantv.az\/wp-content\/uploads\/2019\/12\/img2327.jpg",549,412,false],"post-thumbnail":["https:\/\/arantv.az\/wp-content\/uploads\/2019\/12\/img2327-240x172.jpg",240,172,true],"advps-thumb-one":["https:\/\/arantv.az\/wp-content\/uploads\/2019\/12\/img2327.jpg",549,412,false]},"rttpg_author":{"display_name":"V\u00fcsal Rafiqo\u011flu","author_link":"https:\/\/arantv.az\/?author=2"},"rttpg_comment":0,"rttpg_category":"<a href=\"https:\/\/arantv.az\/?cat=1\" rel=\"category\">C\u0259miyy\u0259t<\/a>","rttpg_excerpt":"Bu g\u00fcnl\u0259 Az\u0259rbaycan\u0131n Birinci vitse-prezidenti Mehriban xan\u0131m \u018fliyevan\u0131n bir g\u00fcnd\u0259 650 min a\u011fac\u0131n \u0259kilm\u0259si t\u0259\u015f\u0259bb\u00fcs\u00fc \u00f6lk\u0259mizd\u0259 v\u0259 d\u00fcnyada \u00e7ox b\u00f6y\u00fck hadis\u0259 kimi yadda\u015flarda qald\u0131. Birinci xan\u0131m\u0131n bu n\u0259cib t\u0259\u015f\u0259bb\u00fcs\u00fcn\u0259 Az\u0259rbaycan\u0131n b\u00fct\u00fcn rayonlar\u0131 \u00e7ox sevincl\u0259 qo\u015fuldular, ona d\u0259st\u0259k verdil\u0259r. Mehriban xan\u0131m\u0131n a\u011fac \u0259km\u0259kl\u0259 ya\u015f\u0131ll\u0131qlar\u0131n qorunmas\u0131 t\u0259\u015f\u0259bb\u00fcs\u00fc h\u0259r bir Az\u0259rbaycan v\u0259t\u0259nda\u015f\u0131n\u0131n \u00fcr\u0259yinc\u0259 oldu. \u015e\u00fcbh\u0259siz ki, onun bu&hellip;","_links":{"self":[{"href":"https:\/\/arantv.az\/index.php?rest_route=\/wp\/v2\/posts\/106723"}],"collection":[{"href":"https:\/\/arantv.az\/index.php?rest_route=\/wp\/v2\/posts"}],"about":[{"href":"https:\/\/arantv.az\/index.php?rest_route=\/wp\/v2\/types\/post"}],"author":[{"embeddable":true,"href":"https:\/\/arantv.az\/index.php?rest_route=\/wp\/v2\/users\/2"}],"replies":[{"embeddable":true,"href":"https:\/\/arantv.az\/index.php?rest_route=%2Fwp%2Fv2%2Fcomments&post=106723"}],"version-history":[{"count":0,"href":"https:\/\/arantv.az\/index.php?rest_route=\/wp\/v2\/posts\/106723\/revisions"}],"wp:featuredmedia":[{"embeddable":true,"href":"https:\/\/arantv.az\/index.php?rest_route=\/wp\/v2\/media\/106724"}],"wp:attachment":[{"href":"https:\/\/arantv.az\/index.php?rest_route=%2Fwp%2Fv2%2Fmedia&parent=106723"}],"wp:term":[{"taxonomy":"category","embeddable":true,"href":"https:\/\/arantv.az\/index.php?rest_route=%2Fwp%2Fv2%2Fcategories&post=106723"},{"taxonomy":"post_tag","embeddable":true,"href":"https:\/\/arantv.az\/index.php?rest_route=%2Fwp%2Fv2%2Ftags&post=106723"}],"curies":[{"name":"wp","href":"https:\/\/api.w.org\/{rel}","templated":true}]}}