{"id":106727,"date":"2019-12-12T16:13:13","date_gmt":"2019-12-12T13:13:13","guid":{"rendered":"http:\/\/arantv.az\/?p=106727"},"modified":"2019-12-12T16:13:13","modified_gmt":"2019-12-12T13:13:13","slug":"haber-global-heyd%c9%99r-%c9%99liyev-bmt-tribunasindan-dunya-siyas%c9%99tin%c9%99-yol-gost%c9%99rirdi-video","status":"publish","type":"post","link":"https:\/\/arantv.az\/?p=106727","title":{"rendered":"\u201cHaber Global\u201d: Heyd\u0259r \u018fliyev BMT tribunas\u0131ndan d\u00fcnya siyas\u0259tin\u0259 yol g\u00f6st\u0259rirdi &#8211; V\u0130DEO"},"content":{"rendered":"<p>T\u00fcrkiy\u0259nin \u201cHaber Global\u201d televiziya kanal\u0131 Az\u0259rbaycan\u0131n m\u0259rhum Prezidenti, g\u00f6rk\u0259mli d\u00f6vl\u0259t xadimi Heyd\u0259r \u018fliyevin an\u0131m g\u00fcn\u00fcn\u0259 h\u0259sr olunan s\u00fcjet haz\u0131rlay\u0131b.<\/p>\n<p><b>ARANTV.AZ<\/b>-\u0131n m\u0259lumat\u0131na g\u00f6r\u0259, s\u00fcjetd\u0259 Heyd\u0259r \u018fliyevin Az\u0259rbaycan\u0131 b\u0259lalardan qurtarmas\u0131, g\u00fccl\u00fc d\u00f6vl\u0259t qurmas\u0131ndan b\u0259hs edilib.<\/p>\n<p>Bildirilib ki, Heyd\u0259r \u018fliyev BMT kimi m\u00f6t\u0259b\u0259r bir tribunadan d\u00fcnya siyas\u0259tin\u0259 yol g\u00f6st\u0259r\u0259n lider idi.<\/p>\n<p>Qeyd olunub ki, Heyd\u0259r \u018fliyev Erm\u0259nistan\u0131n i\u015f\u011fal\u00e7\u0131l\u0131q siyas\u0259tini d\u00fcnyaya s\u00fcbut etm\u0259yi bacar\u0131b.<\/p>\n<p>S\u00fcjetd\u0259 bildirilib ki, \u201c\u018fsrin m\u00fcqavil\u0259si\u201d v\u0259 Bak\u0131-Tbilisi-Ceyhan boru k\u0259m\u0259ri Az\u0259rbaycan\u0131 g\u00fccl\u0259ndirdi v\u0259 b\u00f6lg\u0259d\u0259 s\u00fclh v\u0259 \u0259min-amanl\u0131q yaratd\u0131.Oxu.Az<\/p>\n<div><iframe loading=\"lazy\" src=\"https:\/\/www.facebook.com\/plugins\/video.php?href=https%3A%2F%2Fwww.facebook.com%2FHaberGlobal%2Fvideos%2F547379689151553%2F&amp;show_text=0&amp;width=560\" width=\"560\" height=\"315\" frameborder=\"0\" scrolling=\"no\" allowfullscreen=\"allowfullscreen\" data-mce-fragment=\"1\"><\/iframe><\/div>\n<p>&nbsp;<\/p>\n","protected":false},"excerpt":{"rendered":"<p>T\u00fcrkiy\u0259nin \u201cHaber Global\u201d televiziya kanal\u0131 Az\u0259rbaycan\u0131n m\u0259rhum Prezidenti, g\u00f6rk\u0259mli d\u00f6vl\u0259t xadimi Heyd\u0259r \u018fliyevin an\u0131m g\u00fcn\u00fcn\u0259 h\u0259sr olunan s\u00fcjet haz\u0131rlay\u0131b. ARANTV.AZ-\u0131n m\u0259lumat\u0131na g\u00f6r\u0259, s\u00fcjetd\u0259 Heyd\u0259r \u018fliyevin Az\u0259rbaycan\u0131 b\u0259lalardan qurtarmas\u0131, g\u00fccl\u00fc d\u00f6vl\u0259t qurmas\u0131ndan b\u0259hs edilib. Bildirilib ki, Heyd\u0259r \u018fliyev BMT kimi m\u00f6t\u0259b\u0259r bir tribunadan d\u00fcnya siyas\u0259tin\u0259 yol g\u00f6st\u0259r\u0259n lider idi. Qeyd olunub ki, Heyd\u0259r \u018fliyev Erm\u0259nistan\u0131n i\u015f\u011fal\u00e7\u0131l\u0131q siyas\u0259tini d\u00fcnyaya s\u00fcbut etm\u0259yi bacar\u0131b. S\u00fcjetd\u0259 bildirilib ki, \u201c\u018fsrin m\u00fcqavil\u0259si\u201d v\u0259 Bak\u0131-Tbilisi-Ceyhan boru k\u0259m\u0259ri Az\u0259rbaycan\u0131 g\u00fccl\u0259ndirdi v\u0259 b\u00f6lg\u0259d\u0259 s\u00fclh v\u0259 \u0259min-amanl\u0131q yaratd\u0131.Oxu.Az &nbsp;<\/p>\n","protected":false},"author":2,"featured_media":106728,"comment_status":"closed","ping_status":"closed","sticky":false,"template":"","format":"standard","meta":{"om_disable_all_campaigns":false,"_monsterinsights_skip_tracking":false,"_monsterinsights_sitenote_active":false,"_monsterinsights_sitenote_note":"","_monsterinsights_sitenote_category":0},"categories":[4],"tags":[],"aioseo_notices":[],"gutentor_comment":0,"rttpg_featured_image_url":{"full":["https:\/\/arantv.az\/wp-content\/uploads\/2019\/12\/heydereliyev2_170_191.jpg",620,433,false],"landscape":["https:\/\/arantv.az\/wp-content\/uploads\/2019\/12\/heydereliyev2_170_191.jpg",620,433,false],"portraits":["https:\/\/arantv.az\/wp-content\/uploads\/2019\/12\/heydereliyev2_170_191.jpg",620,433,false],"thumbnail":["https:\/\/arantv.az\/wp-content\/uploads\/2019\/12\/heydereliyev2_170_191-150x150.jpg",150,150,true],"medium":["https:\/\/arantv.az\/wp-content\/uploads\/2019\/12\/heydereliyev2_170_191-300x210.jpg",300,210,true],"large":["https:\/\/arantv.az\/wp-content\/uploads\/2019\/12\/heydereliyev2_170_191.jpg",620,433,false],"1536x1536":["https:\/\/arantv.az\/wp-content\/uploads\/2019\/12\/heydereliyev2_170_191.jpg",620,433,false],"2048x2048":["https:\/\/arantv.az\/wp-content\/uploads\/2019\/12\/heydereliyev2_170_191.jpg",620,433,false],"post-thumbnail":["https:\/\/arantv.az\/wp-content\/uploads\/2019\/12\/heydereliyev2_170_191-240x172.jpg",240,172,true],"advps-thumb-one":["https:\/\/arantv.az\/wp-content\/uploads\/2019\/12\/heydereliyev2_170_191.jpg",620,433,false]},"rttpg_author":{"display_name":"V\u00fcsal Rafiqo\u011flu","author_link":"https:\/\/arantv.az\/?author=2"},"rttpg_comment":0,"rttpg_category":"<a href=\"https:\/\/arantv.az\/?cat=4\" rel=\"category\">Siyas\u0259t<\/a>","rttpg_excerpt":"T\u00fcrkiy\u0259nin \u201cHaber Global\u201d televiziya kanal\u0131 Az\u0259rbaycan\u0131n m\u0259rhum Prezidenti, g\u00f6rk\u0259mli d\u00f6vl\u0259t xadimi Heyd\u0259r \u018fliyevin an\u0131m g\u00fcn\u00fcn\u0259 h\u0259sr olunan s\u00fcjet haz\u0131rlay\u0131b. ARANTV.AZ-\u0131n m\u0259lumat\u0131na g\u00f6r\u0259, s\u00fcjetd\u0259 Heyd\u0259r \u018fliyevin Az\u0259rbaycan\u0131 b\u0259lalardan qurtarmas\u0131, g\u00fccl\u00fc d\u00f6vl\u0259t qurmas\u0131ndan b\u0259hs edilib. Bildirilib ki, Heyd\u0259r \u018fliyev BMT kimi m\u00f6t\u0259b\u0259r bir tribunadan d\u00fcnya siyas\u0259tin\u0259 yol g\u00f6st\u0259r\u0259n lider idi. Qeyd olunub ki, Heyd\u0259r \u018fliyev Erm\u0259nistan\u0131n i\u015f\u011fal\u00e7\u0131l\u0131q&hellip;","_links":{"self":[{"href":"https:\/\/arantv.az\/index.php?rest_route=\/wp\/v2\/posts\/106727"}],"collection":[{"href":"https:\/\/arantv.az\/index.php?rest_route=\/wp\/v2\/posts"}],"about":[{"href":"https:\/\/arantv.az\/index.php?rest_route=\/wp\/v2\/types\/post"}],"author":[{"embeddable":true,"href":"https:\/\/arantv.az\/index.php?rest_route=\/wp\/v2\/users\/2"}],"replies":[{"embeddable":true,"href":"https:\/\/arantv.az\/index.php?rest_route=%2Fwp%2Fv2%2Fcomments&post=106727"}],"version-history":[{"count":0,"href":"https:\/\/arantv.az\/index.php?rest_route=\/wp\/v2\/posts\/106727\/revisions"}],"wp:featuredmedia":[{"embeddable":true,"href":"https:\/\/arantv.az\/index.php?rest_route=\/wp\/v2\/media\/106728"}],"wp:attachment":[{"href":"https:\/\/arantv.az\/index.php?rest_route=%2Fwp%2Fv2%2Fmedia&parent=106727"}],"wp:term":[{"taxonomy":"category","embeddable":true,"href":"https:\/\/arantv.az\/index.php?rest_route=%2Fwp%2Fv2%2Fcategories&post=106727"},{"taxonomy":"post_tag","embeddable":true,"href":"https:\/\/arantv.az\/index.php?rest_route=%2Fwp%2Fv2%2Ftags&post=106727"}],"curies":[{"name":"wp","href":"https:\/\/api.w.org\/{rel}","templated":true}]}}