{"id":106735,"date":"2019-12-12T16:37:03","date_gmt":"2019-12-12T13:37:03","guid":{"rendered":"http:\/\/arantv.az\/?p=106735"},"modified":"2019-12-12T16:37:03","modified_gmt":"2019-12-12T13:37:03","slug":"zakir-f%c9%99r%c9%99covun-ogluna-yuks%c9%99k-v%c9%99zif%c9%99-verildi","status":"publish","type":"post","link":"https:\/\/arantv.az\/?p=106735","title":{"rendered":"Zakir F\u0259r\u0259covun o\u011fluna y\u00fcks\u0259k v\u0259zif\u0259 verildi"},"content":{"rendered":"<p>Nizami Rayon Prokurorlu\u011funda yeni t\u0259yinat olub.<\/p>\n<p>Publika.az-\u0131n m\u0259lumat\u0131na g\u00f6r\u0259, P\u0259rvin F\u0259r\u0259cov rayon prokurorunun m\u00fcavini v\u0259zif\u0259sin\u0259 t\u0259yin edilib.<\/p>\n<div id=\"AdviadNativeVideo0\" class=\"AdviadNativeVideo\"><\/div>\n<p>Qeyd ed\u0259k ki, P\u0259rvin F\u0259r\u0259cov Sumqay\u0131t \u015e\u0259h\u0259r \u0130cra Hakimiyy\u0259tinin ba\u015f\u00e7\u0131s\u0131 Zakir F\u0259r\u0259covun o\u011fludur.<\/p>\n<p>Bir ne\u00e7\u0259 ay \u0259vv\u0259l Nizami rayon prokurorunun m\u00fcavini t\u0259yin edil\u0259n v\u0259 bu g\u00fcnl\u0259rd\u0259 i\u015fd\u0259n \u00e7\u0131xar\u0131lan Qabil S\u0259f\u0259rov is\u0259 Ba\u015f Prokurorluqda yeni v\u0259zif\u0259y\u0259 t\u0259yinat al\u0131b.<\/p>\n","protected":false},"excerpt":{"rendered":"<p>Nizami Rayon Prokurorlu\u011funda yeni t\u0259yinat olub. Publika.az-\u0131n m\u0259lumat\u0131na g\u00f6r\u0259, P\u0259rvin F\u0259r\u0259cov rayon prokurorunun m\u00fcavini v\u0259zif\u0259sin\u0259 t\u0259yin edilib. Qeyd ed\u0259k ki, P\u0259rvin F\u0259r\u0259cov Sumqay\u0131t \u015e\u0259h\u0259r \u0130cra Hakimiyy\u0259tinin ba\u015f\u00e7\u0131s\u0131 Zakir F\u0259r\u0259covun o\u011fludur. Bir ne\u00e7\u0259 ay \u0259vv\u0259l Nizami rayon prokurorunun m\u00fcavini t\u0259yin edil\u0259n v\u0259 bu g\u00fcnl\u0259rd\u0259 i\u015fd\u0259n \u00e7\u0131xar\u0131lan Qabil S\u0259f\u0259rov is\u0259 Ba\u015f Prokurorluqda yeni v\u0259zif\u0259y\u0259 t\u0259yinat al\u0131b.<\/p>\n","protected":false},"author":2,"featured_media":106736,"comment_status":"closed","ping_status":"closed","sticky":false,"template":"","format":"standard","meta":{"om_disable_all_campaigns":false,"_monsterinsights_skip_tracking":false,"_monsterinsights_sitenote_active":false,"_monsterinsights_sitenote_note":"","_monsterinsights_sitenote_category":0},"categories":[1],"tags":[],"aioseo_notices":[],"gutentor_comment":0,"rttpg_featured_image_url":{"full":["https:\/\/arantv.az\/wp-content\/uploads\/2019\/12\/DSC_0001-728x440.jpg",620,375,false],"landscape":["https:\/\/arantv.az\/wp-content\/uploads\/2019\/12\/DSC_0001-728x440.jpg",620,375,false],"portraits":["https:\/\/arantv.az\/wp-content\/uploads\/2019\/12\/DSC_0001-728x440.jpg",620,375,false],"thumbnail":["https:\/\/arantv.az\/wp-content\/uploads\/2019\/12\/DSC_0001-728x440-150x150.jpg",150,150,true],"medium":["https:\/\/arantv.az\/wp-content\/uploads\/2019\/12\/DSC_0001-728x440-300x181.jpg",300,181,true],"large":["https:\/\/arantv.az\/wp-content\/uploads\/2019\/12\/DSC_0001-728x440.jpg",620,375,false],"1536x1536":["https:\/\/arantv.az\/wp-content\/uploads\/2019\/12\/DSC_0001-728x440.jpg",620,375,false],"2048x2048":["https:\/\/arantv.az\/wp-content\/uploads\/2019\/12\/DSC_0001-728x440.jpg",620,375,false],"post-thumbnail":["https:\/\/arantv.az\/wp-content\/uploads\/2019\/12\/DSC_0001-728x440-240x172.jpg",240,172,true],"advps-thumb-one":["https:\/\/arantv.az\/wp-content\/uploads\/2019\/12\/DSC_0001-728x440.jpg",620,375,false]},"rttpg_author":{"display_name":"V\u00fcsal Rafiqo\u011flu","author_link":"https:\/\/arantv.az\/?author=2"},"rttpg_comment":0,"rttpg_category":"<a href=\"https:\/\/arantv.az\/?cat=1\" rel=\"category\">C\u0259miyy\u0259t<\/a>","rttpg_excerpt":"Nizami Rayon Prokurorlu\u011funda yeni t\u0259yinat olub. Publika.az-\u0131n m\u0259lumat\u0131na g\u00f6r\u0259, P\u0259rvin F\u0259r\u0259cov rayon prokurorunun m\u00fcavini v\u0259zif\u0259sin\u0259 t\u0259yin edilib. Qeyd ed\u0259k ki, P\u0259rvin F\u0259r\u0259cov Sumqay\u0131t \u015e\u0259h\u0259r \u0130cra Hakimiyy\u0259tinin ba\u015f\u00e7\u0131s\u0131 Zakir F\u0259r\u0259covun o\u011fludur. Bir ne\u00e7\u0259 ay \u0259vv\u0259l Nizami rayon prokurorunun m\u00fcavini t\u0259yin edil\u0259n v\u0259 bu g\u00fcnl\u0259rd\u0259 i\u015fd\u0259n \u00e7\u0131xar\u0131lan Qabil S\u0259f\u0259rov is\u0259 Ba\u015f Prokurorluqda yeni v\u0259zif\u0259y\u0259 t\u0259yinat al\u0131b.","_links":{"self":[{"href":"https:\/\/arantv.az\/index.php?rest_route=\/wp\/v2\/posts\/106735"}],"collection":[{"href":"https:\/\/arantv.az\/index.php?rest_route=\/wp\/v2\/posts"}],"about":[{"href":"https:\/\/arantv.az\/index.php?rest_route=\/wp\/v2\/types\/post"}],"author":[{"embeddable":true,"href":"https:\/\/arantv.az\/index.php?rest_route=\/wp\/v2\/users\/2"}],"replies":[{"embeddable":true,"href":"https:\/\/arantv.az\/index.php?rest_route=%2Fwp%2Fv2%2Fcomments&post=106735"}],"version-history":[{"count":0,"href":"https:\/\/arantv.az\/index.php?rest_route=\/wp\/v2\/posts\/106735\/revisions"}],"wp:featuredmedia":[{"embeddable":true,"href":"https:\/\/arantv.az\/index.php?rest_route=\/wp\/v2\/media\/106736"}],"wp:attachment":[{"href":"https:\/\/arantv.az\/index.php?rest_route=%2Fwp%2Fv2%2Fmedia&parent=106735"}],"wp:term":[{"taxonomy":"category","embeddable":true,"href":"https:\/\/arantv.az\/index.php?rest_route=%2Fwp%2Fv2%2Fcategories&post=106735"},{"taxonomy":"post_tag","embeddable":true,"href":"https:\/\/arantv.az\/index.php?rest_route=%2Fwp%2Fv2%2Ftags&post=106735"}],"curies":[{"name":"wp","href":"https:\/\/api.w.org\/{rel}","templated":true}]}}