{"id":106739,"date":"2019-12-12T16:37:41","date_gmt":"2019-12-12T13:37:41","guid":{"rendered":"http:\/\/arantv.az\/?p=106739"},"modified":"2019-12-12T16:37:41","modified_gmt":"2019-12-12T13:37:41","slug":"bakida-pakistan-v%c9%99t%c9%99ndasi-kuc%c9%99d%c9%99-doyuldu","status":"publish","type":"post","link":"https:\/\/arantv.az\/?p=106739","title":{"rendered":"Bak\u0131da Pakistan v\u0259t\u0259nda\u015f\u0131 k\u00fc\u00e7\u0259d\u0259 d\u00f6y\u00fcld\u00fc"},"content":{"rendered":"<p>Bak\u0131da \u0259cn\u0259bi v\u0259t\u0259nda\u015f nam\u0259lum \u015f\u0259xs t\u0259r\u0259find\u0259n d\u00f6y\u00fcl\u00fcb.<\/p>\n<p><strong>ARANTV.AZ<\/strong>\u00a0<a href=\"https:\/\/az.trend.az\/\" target=\"_blank\" rel=\"noopener\">Trend<\/a>-\u0259 istinad\u0259n x\u0259b\u0259r verir ki, hadis\u0259 paytaxt\u0131n S\u0259bail rayonunda ba\u015f verib.<\/p>\n<p>Pakistan v\u0259t\u0259nda\u015f\u0131, 1978-ci il t\u0259v\u0259ll\u00fcdl\u00fc Asoqullah Saxeda Jan Daxili \u0130\u015fl\u0259r Nazirliyinin &#8220;102&#8221; xidm\u0259tin\u0259 z\u0259ng vuraraq bildirib ki, gec\u0259 saatlar\u0131nda S\u0259bail rayonu, M.H\u00fcseyn k\u00fc\u00e7\u0259si 2 \u00fcnvan\u0131n\u0131n qar\u015f\u0131s\u0131nda tan\u0131mad\u0131\u011f\u0131 \u015f\u0259xsl\u0259r t\u0259r\u0259find\u0259n d\u00f6y\u00fcl\u00fcb.<\/p>\n<p>Faktla ba\u011fl\u0131 ara\u015fd\u0131rma apar\u0131l\u0131r.<\/p>\n","protected":false},"excerpt":{"rendered":"<p>Bak\u0131da \u0259cn\u0259bi v\u0259t\u0259nda\u015f nam\u0259lum \u015f\u0259xs t\u0259r\u0259find\u0259n d\u00f6y\u00fcl\u00fcb. ARANTV.AZ\u00a0Trend-\u0259 istinad\u0259n x\u0259b\u0259r verir ki, hadis\u0259 paytaxt\u0131n S\u0259bail rayonunda ba\u015f verib. Pakistan v\u0259t\u0259nda\u015f\u0131, 1978-ci il t\u0259v\u0259ll\u00fcdl\u00fc Asoqullah Saxeda Jan Daxili \u0130\u015fl\u0259r Nazirliyinin &#8220;102&#8221; xidm\u0259tin\u0259 z\u0259ng vuraraq bildirib ki, gec\u0259 saatlar\u0131nda S\u0259bail rayonu, M.H\u00fcseyn k\u00fc\u00e7\u0259si 2 \u00fcnvan\u0131n\u0131n qar\u015f\u0131s\u0131nda tan\u0131mad\u0131\u011f\u0131 \u015f\u0259xsl\u0259r t\u0259r\u0259find\u0259n d\u00f6y\u00fcl\u00fcb. Faktla ba\u011fl\u0131 ara\u015fd\u0131rma apar\u0131l\u0131r.<\/p>\n","protected":false},"author":2,"featured_media":106740,"comment_status":"closed","ping_status":"closed","sticky":false,"template":"","format":"standard","meta":{"om_disable_all_campaigns":false,"_monsterinsights_skip_tracking":false,"_monsterinsights_sitenote_active":false,"_monsterinsights_sitenote_note":"","_monsterinsights_sitenote_category":0},"categories":[5],"tags":[],"aioseo_notices":[],"gutentor_comment":0,"rttpg_featured_image_url":{"full":["https:\/\/arantv.az\/wp-content\/uploads\/2019\/12\/dava_02333.jpg",800,600,false],"landscape":["https:\/\/arantv.az\/wp-content\/uploads\/2019\/12\/dava_02333.jpg",800,600,false],"portraits":["https:\/\/arantv.az\/wp-content\/uploads\/2019\/12\/dava_02333.jpg",800,600,false],"thumbnail":["https:\/\/arantv.az\/wp-content\/uploads\/2019\/12\/dava_02333-150x150.jpg",150,150,true],"medium":["https:\/\/arantv.az\/wp-content\/uploads\/2019\/12\/dava_02333-300x225.jpg",300,225,true],"large":["https:\/\/arantv.az\/wp-content\/uploads\/2019\/12\/dava_02333.jpg",640,480,false],"1536x1536":["https:\/\/arantv.az\/wp-content\/uploads\/2019\/12\/dava_02333.jpg",800,600,false],"2048x2048":["https:\/\/arantv.az\/wp-content\/uploads\/2019\/12\/dava_02333.jpg",800,600,false],"post-thumbnail":["https:\/\/arantv.az\/wp-content\/uploads\/2019\/12\/dava_02333-240x172.jpg",240,172,true],"advps-thumb-one":["https:\/\/arantv.az\/wp-content\/uploads\/2019\/12\/dava_02333.jpg",800,600,false]},"rttpg_author":{"display_name":"V\u00fcsal Rafiqo\u011flu","author_link":"https:\/\/arantv.az\/?author=2"},"rttpg_comment":0,"rttpg_category":"<a href=\"https:\/\/arantv.az\/?cat=5\" rel=\"category\">Hadis\u0259<\/a>","rttpg_excerpt":"Bak\u0131da \u0259cn\u0259bi v\u0259t\u0259nda\u015f nam\u0259lum \u015f\u0259xs t\u0259r\u0259find\u0259n d\u00f6y\u00fcl\u00fcb. ARANTV.AZ\u00a0Trend-\u0259 istinad\u0259n x\u0259b\u0259r verir ki, hadis\u0259 paytaxt\u0131n S\u0259bail rayonunda ba\u015f verib. Pakistan v\u0259t\u0259nda\u015f\u0131, 1978-ci il t\u0259v\u0259ll\u00fcdl\u00fc Asoqullah Saxeda Jan Daxili \u0130\u015fl\u0259r Nazirliyinin &#8220;102&#8221; xidm\u0259tin\u0259 z\u0259ng vuraraq bildirib ki, gec\u0259 saatlar\u0131nda S\u0259bail rayonu, M.H\u00fcseyn k\u00fc\u00e7\u0259si 2 \u00fcnvan\u0131n\u0131n qar\u015f\u0131s\u0131nda tan\u0131mad\u0131\u011f\u0131 \u015f\u0259xsl\u0259r t\u0259r\u0259find\u0259n d\u00f6y\u00fcl\u00fcb. Faktla ba\u011fl\u0131 ara\u015fd\u0131rma apar\u0131l\u0131r.","_links":{"self":[{"href":"https:\/\/arantv.az\/index.php?rest_route=\/wp\/v2\/posts\/106739"}],"collection":[{"href":"https:\/\/arantv.az\/index.php?rest_route=\/wp\/v2\/posts"}],"about":[{"href":"https:\/\/arantv.az\/index.php?rest_route=\/wp\/v2\/types\/post"}],"author":[{"embeddable":true,"href":"https:\/\/arantv.az\/index.php?rest_route=\/wp\/v2\/users\/2"}],"replies":[{"embeddable":true,"href":"https:\/\/arantv.az\/index.php?rest_route=%2Fwp%2Fv2%2Fcomments&post=106739"}],"version-history":[{"count":0,"href":"https:\/\/arantv.az\/index.php?rest_route=\/wp\/v2\/posts\/106739\/revisions"}],"wp:featuredmedia":[{"embeddable":true,"href":"https:\/\/arantv.az\/index.php?rest_route=\/wp\/v2\/media\/106740"}],"wp:attachment":[{"href":"https:\/\/arantv.az\/index.php?rest_route=%2Fwp%2Fv2%2Fmedia&parent=106739"}],"wp:term":[{"taxonomy":"category","embeddable":true,"href":"https:\/\/arantv.az\/index.php?rest_route=%2Fwp%2Fv2%2Fcategories&post=106739"},{"taxonomy":"post_tag","embeddable":true,"href":"https:\/\/arantv.az\/index.php?rest_route=%2Fwp%2Fv2%2Ftags&post=106739"}],"curies":[{"name":"wp","href":"https:\/\/api.w.org\/{rel}","templated":true}]}}