{"id":106765,"date":"2019-12-13T07:53:50","date_gmt":"2019-12-13T04:53:50","guid":{"rendered":"http:\/\/arantv.az\/?p=106765"},"modified":"2019-12-13T07:53:50","modified_gmt":"2019-12-13T04:53:50","slug":"b%c9%99l%c9%99diyy%c9%99-seckil%c9%99rind%c9%99-musahid%c9%99-aparmaq-ucun-muraci%c9%99t-mudd%c9%99ti-basa-catir","status":"publish","type":"post","link":"https:\/\/arantv.az\/?p=106765","title":{"rendered":"B\u0259l\u0259diyy\u0259 se\u00e7kil\u0259rind\u0259 m\u00fc\u015fahid\u0259 aparmaq \u00fc\u00e7\u00fcn m\u00fcraci\u0259t m\u00fcdd\u0259ti ba\u015fa \u00e7at\u0131r"},"content":{"rendered":"<p>Az\u0259rbaycanda dekabr\u0131n 23-\u0259 t\u0259yin edilmi\u015f b\u0259l\u0259diyy\u0259 se\u00e7kil\u0259ri zaman\u0131 Respublikan\u0131n se\u00e7ki ke\u00e7iril\u0259n b\u00fct\u00fcn dair\u0259l\u0259rind\u0259 m\u00fc\u015fahid\u0259 apar\u0131lmas\u0131 \u00fc\u00e7\u00fcn \u0259riz\u0259l\u0259rin M\u0259rk\u0259zi Se\u00e7ki Komissiyas\u0131na t\u0259qdim edilm\u0259si m\u00fcdd\u0259ti bu g\u00fcn ba\u015fa \u00e7at\u0131r.<\/p>\n<p><strong>ARANTV.AZ\u00a0<\/strong><a href=\"http:\/\/az.trend.az\/\" target=\"_blank\" rel=\"noopener\">Trend<\/a>-\u0259 istinad\u0259n bildirir ki, Az\u0259rbaycan Respublikas\u0131nda b\u0259l\u0259diyy\u0259 se\u00e7kil\u0259rinin haz\u0131rlan\u0131b ke\u00e7irilm\u0259si \u00fczr\u0259 \u0259sas h\u0259r\u0259k\u0259t v\u0259 t\u0259dbirl\u0259rin T\u0259qvim Plan\u0131na \u0259sas\u0259n, aktiv se\u00e7ki h\u00fcququna malik Az\u0259rbaycan Respublikas\u0131n\u0131n v\u0259t\u0259nda\u015f\u0131 (\u00f6z t\u0259\u015f\u0259bb\u00fcs\u00fc il\u0259, qeyd\u0259 al\u0131nm\u0131\u015f namiz\u0259din, siyasi partiyan\u0131n, siyasi partiyalar blokunun, se\u00e7kil\u0259r sah\u0259sind\u0259 f\u0259aliyy\u0259t g\u00f6st\u0259r\u0259n qeyri-h\u00f6kum\u0259t t\u0259\u015fkilat\u0131n\u0131n t\u0259\u015f\u0259bb\u00fcs\u00fc \u0259sas\u0131nda), beyn\u0259lxalq (xarici) m\u00fc\u015fahid\u0259\u00e7il\u0259r (qanunla m\u00fc\u0259yy\u0259nl\u0259\u015fdirilmi\u015f qaydada M\u0259rk\u0259zi Se\u00e7ki Komissiyas\u0131nda qeydiyyatdan ke\u00e7m\u0259kl\u0259) se\u00e7kil\u0259rin t\u0259yin edilm\u0259si haqq\u0131nda q\u0259rar\u0131n r\u0259smi d\u0259rc edildiyi g\u00fcnd\u0259n ba\u015flayaraq se\u00e7kil\u0259rin ke\u00e7irilm\u0259sin\u0259 10 g\u00fcn qalanad\u0259k, y\u0259ni dekabr\u0131n 13-\u0259d\u0259k m\u00fcraci\u0259t etm\u0259lidir.<\/p>\n<p>Bu g\u00fcn, h\u0259m\u00e7inin s\u0259sverm\u0259 g\u00fcn\u00fcn\u0259d\u0259k se\u00e7ki komissiyalar\u0131n\u0131n iclaslar\u0131n\u0131 m\u00fc\u015fahid\u0259 etm\u0259k \u00fc\u00e7\u00fcn x\u00fcsusi icaz\u0259 almaqdan \u00f6tr\u00fc M\u0259rk\u0259zi Se\u00e7ki Komissiyas\u0131na m\u00fcraci\u0259t edilm\u0259si m\u00fcdd\u0259ti ba\u015fa \u00e7at\u0131r.<\/p>\n<p>Bundan \u0259lav\u0259, b\u0259l\u0259diyy\u0259 se\u00e7kil\u0259rind\u0259 &#8220;exit-poll&#8221; ke\u00e7irm\u0259k \u00fc\u00e7\u00fcn m\u00fcraci\u0259t etmi\u015f t\u0259\u015fkilatlar\u0131n akkreditasiyas\u0131 bar\u0259d\u0259 M\u0259rk\u0259zi Se\u00e7ki Komissiyas\u0131 t\u0259r\u0259find\u0259n q\u0259rar\u0131n q\u0259bul edilm\u0259si \u00fc\u00e7\u00fcn sonuncu g\u00fcnd\u00fcr.<\/p>\n<p>Se\u00e7ki b\u00fclletenl\u0259rinin haz\u0131rlanmas\u0131 m\u00fcdd\u0259ti d\u0259 bu g\u00fcn ba\u015fa \u00e7at\u0131r.<\/p>\n","protected":false},"excerpt":{"rendered":"<p>Az\u0259rbaycanda dekabr\u0131n 23-\u0259 t\u0259yin edilmi\u015f b\u0259l\u0259diyy\u0259 se\u00e7kil\u0259ri zaman\u0131 Respublikan\u0131n se\u00e7ki ke\u00e7iril\u0259n b\u00fct\u00fcn dair\u0259l\u0259rind\u0259 m\u00fc\u015fahid\u0259 apar\u0131lmas\u0131 \u00fc\u00e7\u00fcn \u0259riz\u0259l\u0259rin M\u0259rk\u0259zi Se\u00e7ki Komissiyas\u0131na t\u0259qdim edilm\u0259si m\u00fcdd\u0259ti bu g\u00fcn ba\u015fa \u00e7at\u0131r. ARANTV.AZ\u00a0Trend-\u0259 istinad\u0259n bildirir ki, Az\u0259rbaycan Respublikas\u0131nda b\u0259l\u0259diyy\u0259 se\u00e7kil\u0259rinin haz\u0131rlan\u0131b ke\u00e7irilm\u0259si \u00fczr\u0259 \u0259sas h\u0259r\u0259k\u0259t v\u0259 t\u0259dbirl\u0259rin T\u0259qvim Plan\u0131na \u0259sas\u0259n, aktiv se\u00e7ki h\u00fcququna malik Az\u0259rbaycan Respublikas\u0131n\u0131n v\u0259t\u0259nda\u015f\u0131 (\u00f6z t\u0259\u015f\u0259bb\u00fcs\u00fc il\u0259, qeyd\u0259 al\u0131nm\u0131\u015f namiz\u0259din, siyasi partiyan\u0131n, siyasi partiyalar blokunun, se\u00e7kil\u0259r sah\u0259sind\u0259 f\u0259aliyy\u0259t g\u00f6st\u0259r\u0259n qeyri-h\u00f6kum\u0259t t\u0259\u015fkilat\u0131n\u0131n t\u0259\u015f\u0259bb\u00fcs\u00fc \u0259sas\u0131nda), beyn\u0259lxalq (xarici) m\u00fc\u015fahid\u0259\u00e7il\u0259r (qanunla m\u00fc\u0259yy\u0259nl\u0259\u015fdirilmi\u015f qaydada M\u0259rk\u0259zi Se\u00e7ki Komissiyas\u0131nda qeydiyyatdan ke\u00e7m\u0259kl\u0259) se\u00e7kil\u0259rin t\u0259yin edilm\u0259si haqq\u0131nda q\u0259rar\u0131n r\u0259smi d\u0259rc edildiyi&hellip;<\/p>\n","protected":false},"author":2,"featured_media":106766,"comment_status":"closed","ping_status":"closed","sticky":false,"template":"","format":"standard","meta":{"om_disable_all_campaigns":false,"_monsterinsights_skip_tracking":false,"_monsterinsights_sitenote_active":false,"_monsterinsights_sitenote_note":"","_monsterinsights_sitenote_category":0},"categories":[4],"tags":[],"aioseo_notices":[],"gutentor_comment":0,"rttpg_featured_image_url":{"full":["https:\/\/arantv.az\/wp-content\/uploads\/2019\/12\/810041.jpg",1200,900,false],"landscape":["https:\/\/arantv.az\/wp-content\/uploads\/2019\/12\/810041.jpg",1200,900,false],"portraits":["https:\/\/arantv.az\/wp-content\/uploads\/2019\/12\/810041.jpg",1200,900,false],"thumbnail":["https:\/\/arantv.az\/wp-content\/uploads\/2019\/12\/810041-150x150.jpg",150,150,true],"medium":["https:\/\/arantv.az\/wp-content\/uploads\/2019\/12\/810041-300x225.jpg",300,225,true],"large":["https:\/\/arantv.az\/wp-content\/uploads\/2019\/12\/810041-1024x768.jpg",640,480,true],"1536x1536":["https:\/\/arantv.az\/wp-content\/uploads\/2019\/12\/810041.jpg",1200,900,false],"2048x2048":["https:\/\/arantv.az\/wp-content\/uploads\/2019\/12\/810041.jpg",1200,900,false],"post-thumbnail":["https:\/\/arantv.az\/wp-content\/uploads\/2019\/12\/810041-240x172.jpg",240,172,true],"advps-thumb-one":["https:\/\/arantv.az\/wp-content\/uploads\/2019\/12\/810041-1200x620.jpg",1200,620,true]},"rttpg_author":{"display_name":"V\u00fcsal Rafiqo\u011flu","author_link":"https:\/\/arantv.az\/?author=2"},"rttpg_comment":0,"rttpg_category":"<a href=\"https:\/\/arantv.az\/?cat=4\" rel=\"category\">Siyas\u0259t<\/a>","rttpg_excerpt":"Az\u0259rbaycanda dekabr\u0131n 23-\u0259 t\u0259yin edilmi\u015f b\u0259l\u0259diyy\u0259 se\u00e7kil\u0259ri zaman\u0131 Respublikan\u0131n se\u00e7ki ke\u00e7iril\u0259n b\u00fct\u00fcn dair\u0259l\u0259rind\u0259 m\u00fc\u015fahid\u0259 apar\u0131lmas\u0131 \u00fc\u00e7\u00fcn \u0259riz\u0259l\u0259rin M\u0259rk\u0259zi Se\u00e7ki Komissiyas\u0131na t\u0259qdim edilm\u0259si m\u00fcdd\u0259ti bu g\u00fcn ba\u015fa \u00e7at\u0131r. ARANTV.AZ\u00a0Trend-\u0259 istinad\u0259n bildirir ki, Az\u0259rbaycan Respublikas\u0131nda b\u0259l\u0259diyy\u0259 se\u00e7kil\u0259rinin haz\u0131rlan\u0131b ke\u00e7irilm\u0259si \u00fczr\u0259 \u0259sas h\u0259r\u0259k\u0259t v\u0259 t\u0259dbirl\u0259rin T\u0259qvim Plan\u0131na \u0259sas\u0259n, aktiv se\u00e7ki h\u00fcququna malik Az\u0259rbaycan Respublikas\u0131n\u0131n v\u0259t\u0259nda\u015f\u0131 (\u00f6z t\u0259\u015f\u0259bb\u00fcs\u00fc il\u0259,&hellip;","_links":{"self":[{"href":"https:\/\/arantv.az\/index.php?rest_route=\/wp\/v2\/posts\/106765"}],"collection":[{"href":"https:\/\/arantv.az\/index.php?rest_route=\/wp\/v2\/posts"}],"about":[{"href":"https:\/\/arantv.az\/index.php?rest_route=\/wp\/v2\/types\/post"}],"author":[{"embeddable":true,"href":"https:\/\/arantv.az\/index.php?rest_route=\/wp\/v2\/users\/2"}],"replies":[{"embeddable":true,"href":"https:\/\/arantv.az\/index.php?rest_route=%2Fwp%2Fv2%2Fcomments&post=106765"}],"version-history":[{"count":0,"href":"https:\/\/arantv.az\/index.php?rest_route=\/wp\/v2\/posts\/106765\/revisions"}],"wp:featuredmedia":[{"embeddable":true,"href":"https:\/\/arantv.az\/index.php?rest_route=\/wp\/v2\/media\/106766"}],"wp:attachment":[{"href":"https:\/\/arantv.az\/index.php?rest_route=%2Fwp%2Fv2%2Fmedia&parent=106765"}],"wp:term":[{"taxonomy":"category","embeddable":true,"href":"https:\/\/arantv.az\/index.php?rest_route=%2Fwp%2Fv2%2Fcategories&post=106765"},{"taxonomy":"post_tag","embeddable":true,"href":"https:\/\/arantv.az\/index.php?rest_route=%2Fwp%2Fv2%2Ftags&post=106765"}],"curies":[{"name":"wp","href":"https:\/\/api.w.org\/{rel}","templated":true}]}}