{"id":106769,"date":"2019-12-13T08:17:09","date_gmt":"2019-12-13T05:17:09","guid":{"rendered":"http:\/\/arantv.az\/?p=106769"},"modified":"2019-12-13T08:17:09","modified_gmt":"2019-12-13T05:17:09","slug":"bakida-yaricilpaq-bicaqli-s%c9%99xsl%c9%99r-insanlara-bel%c9%99-hucum-etdi-video","status":"publish","type":"post","link":"https:\/\/arantv.az\/?p=106769","title":{"rendered":"Bak\u0131da yar\u0131\u00e7\u0131lpaq b\u0131\u00e7aql\u0131 \u015f\u0259xsl\u0259r insanlara bel\u0259 h\u00fccum etdi &#8211; V\u0130DEO"},"content":{"rendered":"<p>S\u0259bail rayonunda iki\u00a0n\u0259f\u0259r b\u0131\u00e7aql\u0131 \u015f\u0259xsin\u00a0insanlara h\u00fccum etm\u0259sinin g\u00f6r\u00fcnt\u00fcs\u00fc yay\u0131l\u0131b.<\/p>\n<p><b>ARANTV.AZ<\/b>-\u0131n x\u0259b\u0259rin\u0259 g\u00f6r\u0259, g\u00f6r\u00fcnt\u00fcl\u0259rd\u0259n ayd\u0131n olur ki, Nizami k\u00fc\u00e7\u0259sind\u0259 qeyd\u0259 al\u0131nan hadis\u0259d\u0259 iki n\u0259f\u0259r yar\u0131\u00e7\u0131lpaq v\u0259ziyy\u0259td\u0259 \u0259vv\u0259lc\u0259 insanlar\u0131 t\u0259hdid edir.<\/p>\n<p>Onlar daha sonra \u0259ll\u0259rind\u0259ki b\u0131\u00e7aqla \u0259trafdak\u0131lara h\u00fccum etm\u0259y\u0259 c\u0259hd g\u00f6st\u0259rirl\u0259r.<\/p>\n<article class=\"news\">\n<div class=\"news-inner\">\n<p>\u018fraziy\u0259 S\u0259bail Rayon Polis \u0130dar\u0259sinin \u0259m\u0259kda\u015flar\u0131 c\u0259lb olunub. \u0130ki\u00a0n\u0259f\u0259r onlar\u0131 sakitl\u0259\u015fdirm\u0259y\u0259 \u00e7al\u0131\u015fan asayi\u015f ke\u015fi\u00e7kil\u0259rin\u0259 d\u0259 h\u00fccum etm\u0259k ist\u0259yir. Bu zaman xuliqanlar b\u0131\u00e7aqla \u00f6zl\u0259rin\u0259 x\u0259sar\u0259t yetirirl\u0259r.<\/p>\n<p>Polis \u0259m\u0259kda\u015flar\u0131 h\u0259min \u015f\u0259xsl\u0259ri saxlay\u0131b.<\/p>\n<p>Faktla ba\u011fl\u0131 S\u0259bail Rayon Polis \u0130dar\u0259sinin 9-cu Polis B\u00f6lm\u0259sind\u0259 ara\u015fd\u0131rma apar\u0131l\u0131r.Oxu.Az<\/p>\n<div><iframe loading=\"lazy\" src=\"https:\/\/player.baku.tv\/embed\/11870?fbclid=IwAR3RTtyJinnHI1UgeDISgWsVdhNkvmHEBymvEt5s8ijCed1ldjV5K3sC3EA\" width=\"560\" height=\"315\" frameborder=\"0\" allowfullscreen=\"allowfullscreen\" data-mce-fragment=\"1\"><\/iframe><\/div>\n<\/div>\n<\/article>\n<section class=\"related-news\">\n<div class=\"l-center\">\n<h2><\/h2>\n<\/div>\n<\/section>\n","protected":false},"excerpt":{"rendered":"<p>S\u0259bail rayonunda iki\u00a0n\u0259f\u0259r b\u0131\u00e7aql\u0131 \u015f\u0259xsin\u00a0insanlara h\u00fccum etm\u0259sinin g\u00f6r\u00fcnt\u00fcs\u00fc yay\u0131l\u0131b. ARANTV.AZ-\u0131n x\u0259b\u0259rin\u0259 g\u00f6r\u0259, g\u00f6r\u00fcnt\u00fcl\u0259rd\u0259n ayd\u0131n olur ki, Nizami k\u00fc\u00e7\u0259sind\u0259 qeyd\u0259 al\u0131nan hadis\u0259d\u0259 iki n\u0259f\u0259r yar\u0131\u00e7\u0131lpaq v\u0259ziyy\u0259td\u0259 \u0259vv\u0259lc\u0259 insanlar\u0131 t\u0259hdid edir. Onlar daha sonra \u0259ll\u0259rind\u0259ki b\u0131\u00e7aqla \u0259trafdak\u0131lara h\u00fccum etm\u0259y\u0259 c\u0259hd g\u00f6st\u0259rirl\u0259r. \u018fraziy\u0259 S\u0259bail Rayon Polis \u0130dar\u0259sinin \u0259m\u0259kda\u015flar\u0131 c\u0259lb olunub. \u0130ki\u00a0n\u0259f\u0259r onlar\u0131 sakitl\u0259\u015fdirm\u0259y\u0259 \u00e7al\u0131\u015fan asayi\u015f ke\u015fi\u00e7kil\u0259rin\u0259 d\u0259 h\u00fccum etm\u0259k ist\u0259yir. Bu zaman xuliqanlar b\u0131\u00e7aqla \u00f6zl\u0259rin\u0259 x\u0259sar\u0259t yetirirl\u0259r. Polis \u0259m\u0259kda\u015flar\u0131 h\u0259min \u015f\u0259xsl\u0259ri saxlay\u0131b. Faktla ba\u011fl\u0131 S\u0259bail Rayon Polis \u0130dar\u0259sinin 9-cu Polis B\u00f6lm\u0259sind\u0259 ara\u015fd\u0131rma apar\u0131l\u0131r.Oxu.Az<\/p>\n","protected":false},"author":2,"featured_media":106770,"comment_status":"closed","ping_status":"closed","sticky":false,"template":"","format":"standard","meta":{"om_disable_all_campaigns":false,"_monsterinsights_skip_tracking":false,"_monsterinsights_sitenote_active":false,"_monsterinsights_sitenote_note":"","_monsterinsights_sitenote_category":0},"categories":[5],"tags":[],"aioseo_notices":[],"gutentor_comment":0,"rttpg_featured_image_url":{"full":["https:\/\/arantv.az\/wp-content\/uploads\/2019\/12\/FotoJet-7.jpg",620,400,false],"landscape":["https:\/\/arantv.az\/wp-content\/uploads\/2019\/12\/FotoJet-7.jpg",620,400,false],"portraits":["https:\/\/arantv.az\/wp-content\/uploads\/2019\/12\/FotoJet-7.jpg",620,400,false],"thumbnail":["https:\/\/arantv.az\/wp-content\/uploads\/2019\/12\/FotoJet-7-150x150.jpg",150,150,true],"medium":["https:\/\/arantv.az\/wp-content\/uploads\/2019\/12\/FotoJet-7-300x194.jpg",300,194,true],"large":["https:\/\/arantv.az\/wp-content\/uploads\/2019\/12\/FotoJet-7.jpg",620,400,false],"1536x1536":["https:\/\/arantv.az\/wp-content\/uploads\/2019\/12\/FotoJet-7.jpg",620,400,false],"2048x2048":["https:\/\/arantv.az\/wp-content\/uploads\/2019\/12\/FotoJet-7.jpg",620,400,false],"post-thumbnail":["https:\/\/arantv.az\/wp-content\/uploads\/2019\/12\/FotoJet-7-240x172.jpg",240,172,true],"advps-thumb-one":["https:\/\/arantv.az\/wp-content\/uploads\/2019\/12\/FotoJet-7.jpg",620,400,false]},"rttpg_author":{"display_name":"V\u00fcsal Rafiqo\u011flu","author_link":"https:\/\/arantv.az\/?author=2"},"rttpg_comment":0,"rttpg_category":"<a href=\"https:\/\/arantv.az\/?cat=5\" rel=\"category\">Hadis\u0259<\/a>","rttpg_excerpt":"S\u0259bail rayonunda iki\u00a0n\u0259f\u0259r b\u0131\u00e7aql\u0131 \u015f\u0259xsin\u00a0insanlara h\u00fccum etm\u0259sinin g\u00f6r\u00fcnt\u00fcs\u00fc yay\u0131l\u0131b. ARANTV.AZ-\u0131n x\u0259b\u0259rin\u0259 g\u00f6r\u0259, g\u00f6r\u00fcnt\u00fcl\u0259rd\u0259n ayd\u0131n olur ki, Nizami k\u00fc\u00e7\u0259sind\u0259 qeyd\u0259 al\u0131nan hadis\u0259d\u0259 iki n\u0259f\u0259r yar\u0131\u00e7\u0131lpaq v\u0259ziyy\u0259td\u0259 \u0259vv\u0259lc\u0259 insanlar\u0131 t\u0259hdid edir. Onlar daha sonra \u0259ll\u0259rind\u0259ki b\u0131\u00e7aqla \u0259trafdak\u0131lara h\u00fccum etm\u0259y\u0259 c\u0259hd g\u00f6st\u0259rirl\u0259r. \u018fraziy\u0259 S\u0259bail Rayon Polis \u0130dar\u0259sinin \u0259m\u0259kda\u015flar\u0131 c\u0259lb olunub. \u0130ki\u00a0n\u0259f\u0259r onlar\u0131 sakitl\u0259\u015fdirm\u0259y\u0259 \u00e7al\u0131\u015fan asayi\u015f ke\u015fi\u00e7kil\u0259rin\u0259 d\u0259 h\u00fccum&hellip;","_links":{"self":[{"href":"https:\/\/arantv.az\/index.php?rest_route=\/wp\/v2\/posts\/106769"}],"collection":[{"href":"https:\/\/arantv.az\/index.php?rest_route=\/wp\/v2\/posts"}],"about":[{"href":"https:\/\/arantv.az\/index.php?rest_route=\/wp\/v2\/types\/post"}],"author":[{"embeddable":true,"href":"https:\/\/arantv.az\/index.php?rest_route=\/wp\/v2\/users\/2"}],"replies":[{"embeddable":true,"href":"https:\/\/arantv.az\/index.php?rest_route=%2Fwp%2Fv2%2Fcomments&post=106769"}],"version-history":[{"count":0,"href":"https:\/\/arantv.az\/index.php?rest_route=\/wp\/v2\/posts\/106769\/revisions"}],"wp:featuredmedia":[{"embeddable":true,"href":"https:\/\/arantv.az\/index.php?rest_route=\/wp\/v2\/media\/106770"}],"wp:attachment":[{"href":"https:\/\/arantv.az\/index.php?rest_route=%2Fwp%2Fv2%2Fmedia&parent=106769"}],"wp:term":[{"taxonomy":"category","embeddable":true,"href":"https:\/\/arantv.az\/index.php?rest_route=%2Fwp%2Fv2%2Fcategories&post=106769"},{"taxonomy":"post_tag","embeddable":true,"href":"https:\/\/arantv.az\/index.php?rest_route=%2Fwp%2Fv2%2Ftags&post=106769"}],"curies":[{"name":"wp","href":"https:\/\/api.w.org\/{rel}","templated":true}]}}