{"id":106777,"date":"2019-12-13T08:21:31","date_gmt":"2019-12-13T05:21:31","guid":{"rendered":"http:\/\/arantv.az\/?p=106777"},"modified":"2019-12-13T08:21:31","modified_gmt":"2019-12-13T05:21:31","slug":"iraqda-atismada-6-n%c9%99f%c9%99r-h%c9%99lak-olub","status":"publish","type":"post","link":"https:\/\/arantv.az\/?p=106777","title":{"rendered":"\u0130raqda at\u0131\u015fmada 6 n\u0259f\u0259r h\u0259lak olub"},"content":{"rendered":"<p>Dekabr\u0131n 12-d\u0259 Ba\u011fdad\u0131n m\u0259rk\u0259zind\u0259 T\u0259hrir Meydan\u0131nda nam\u0259lum \u015f\u0259xs t\u0259r\u0259find\u0259n etiraz\u00e7\u0131lara a\u00e7\u0131lan at\u0259\u015f n\u0259tic\u0259sind\u0259 alt\u0131 n\u0259f\u0259r h\u0259lak olub.<\/p>\n<p><strong>ARANTV.AZ<\/strong>\u00a0\u00a0<a href=\"http:\/\/az.trend.az\/\" target=\"_blank\" rel=\"noopener\">Trend<\/a>-\u0259 istinad\u0259n x\u0259b\u0259r verir ki, bu bar\u0259d\u0259 &#8220;Sky News&#8221; telekanal\u0131 bildirib.<\/p>\n<p>Y\u00fczl\u0259rl\u0259 etiraz\u00e7\u0131n\u0131n iki ayd\u0131r m\u00fcnt\u0259z\u0259m topla\u015fd\u0131\u011f\u0131 T\u0259hrir Meydan\u0131nda \u00e7\u0259r\u015f\u0259nb\u0259 ax\u015fam\u0131 g\u00fcn\u00fcnd\u0259n b\u0259ri minl\u0259rl\u0259 iraql\u0131n\u0131n i\u015ftirak etdiyi mitinq davam edir. Onlar t\u0259l\u0259bl\u0259ri yerin\u0259 yetirilm\u0259y\u0259n\u0259 q\u0259d\u0259r meydan\u0131 t\u0259rk etm\u0259m\u0259k niyy\u0259tind\u0259dirl\u0259r.<\/p>\n<p>Haz\u0131rda yeni h\u00f6kum\u0259tin t\u0259cili qurulmas\u0131, parlamentin burax\u0131lmas\u0131 v\u0259 n\u00f6vb\u0259d\u0259nk\u0259nar se\u00e7kil\u0259rin ke\u00e7irilm\u0259si \u0259sas t\u0259l\u0259bl\u0259rd\u0259ndir.<\/p>\n","protected":false},"excerpt":{"rendered":"<p>Dekabr\u0131n 12-d\u0259 Ba\u011fdad\u0131n m\u0259rk\u0259zind\u0259 T\u0259hrir Meydan\u0131nda nam\u0259lum \u015f\u0259xs t\u0259r\u0259find\u0259n etiraz\u00e7\u0131lara a\u00e7\u0131lan at\u0259\u015f n\u0259tic\u0259sind\u0259 alt\u0131 n\u0259f\u0259r h\u0259lak olub. ARANTV.AZ\u00a0\u00a0Trend-\u0259 istinad\u0259n x\u0259b\u0259r verir ki, bu bar\u0259d\u0259 &#8220;Sky News&#8221; telekanal\u0131 bildirib. Y\u00fczl\u0259rl\u0259 etiraz\u00e7\u0131n\u0131n iki ayd\u0131r m\u00fcnt\u0259z\u0259m topla\u015fd\u0131\u011f\u0131 T\u0259hrir Meydan\u0131nda \u00e7\u0259r\u015f\u0259nb\u0259 ax\u015fam\u0131 g\u00fcn\u00fcnd\u0259n b\u0259ri minl\u0259rl\u0259 iraql\u0131n\u0131n i\u015ftirak etdiyi mitinq davam edir. Onlar t\u0259l\u0259bl\u0259ri yerin\u0259 yetirilm\u0259y\u0259n\u0259 q\u0259d\u0259r meydan\u0131 t\u0259rk etm\u0259m\u0259k niyy\u0259tind\u0259dirl\u0259r. Haz\u0131rda yeni h\u00f6kum\u0259tin t\u0259cili qurulmas\u0131, parlamentin burax\u0131lmas\u0131 v\u0259 n\u00f6vb\u0259d\u0259nk\u0259nar se\u00e7kil\u0259rin ke\u00e7irilm\u0259si \u0259sas t\u0259l\u0259bl\u0259rd\u0259ndir.<\/p>\n","protected":false},"author":2,"featured_media":106778,"comment_status":"closed","ping_status":"closed","sticky":false,"template":"","format":"standard","meta":{"om_disable_all_campaigns":false,"_monsterinsights_skip_tracking":false,"_monsterinsights_sitenote_active":false,"_monsterinsights_sitenote_note":"","_monsterinsights_sitenote_category":0},"categories":[7],"tags":[],"aioseo_notices":[],"gutentor_comment":0,"rttpg_featured_image_url":{"full":["https:\/\/arantv.az\/wp-content\/uploads\/2019\/12\/810056.jpg",460,275,false],"landscape":["https:\/\/arantv.az\/wp-content\/uploads\/2019\/12\/810056.jpg",460,275,false],"portraits":["https:\/\/arantv.az\/wp-content\/uploads\/2019\/12\/810056.jpg",460,275,false],"thumbnail":["https:\/\/arantv.az\/wp-content\/uploads\/2019\/12\/810056-150x150.jpg",150,150,true],"medium":["https:\/\/arantv.az\/wp-content\/uploads\/2019\/12\/810056-300x179.jpg",300,179,true],"large":["https:\/\/arantv.az\/wp-content\/uploads\/2019\/12\/810056.jpg",460,275,false],"1536x1536":["https:\/\/arantv.az\/wp-content\/uploads\/2019\/12\/810056.jpg",460,275,false],"2048x2048":["https:\/\/arantv.az\/wp-content\/uploads\/2019\/12\/810056.jpg",460,275,false],"post-thumbnail":["https:\/\/arantv.az\/wp-content\/uploads\/2019\/12\/810056-240x172.jpg",240,172,true],"advps-thumb-one":["https:\/\/arantv.az\/wp-content\/uploads\/2019\/12\/810056.jpg",460,275,false]},"rttpg_author":{"display_name":"V\u00fcsal Rafiqo\u011flu","author_link":"https:\/\/arantv.az\/?author=2"},"rttpg_comment":0,"rttpg_category":"<a href=\"https:\/\/arantv.az\/?cat=7\" rel=\"category\">D\u00fcnya<\/a>","rttpg_excerpt":"Dekabr\u0131n 12-d\u0259 Ba\u011fdad\u0131n m\u0259rk\u0259zind\u0259 T\u0259hrir Meydan\u0131nda nam\u0259lum \u015f\u0259xs t\u0259r\u0259find\u0259n etiraz\u00e7\u0131lara a\u00e7\u0131lan at\u0259\u015f n\u0259tic\u0259sind\u0259 alt\u0131 n\u0259f\u0259r h\u0259lak olub. ARANTV.AZ\u00a0\u00a0Trend-\u0259 istinad\u0259n x\u0259b\u0259r verir ki, bu bar\u0259d\u0259 &#8220;Sky News&#8221; telekanal\u0131 bildirib. Y\u00fczl\u0259rl\u0259 etiraz\u00e7\u0131n\u0131n iki ayd\u0131r m\u00fcnt\u0259z\u0259m topla\u015fd\u0131\u011f\u0131 T\u0259hrir Meydan\u0131nda \u00e7\u0259r\u015f\u0259nb\u0259 ax\u015fam\u0131 g\u00fcn\u00fcnd\u0259n b\u0259ri minl\u0259rl\u0259 iraql\u0131n\u0131n i\u015ftirak etdiyi mitinq davam edir. Onlar t\u0259l\u0259bl\u0259ri yerin\u0259 yetirilm\u0259y\u0259n\u0259 q\u0259d\u0259r meydan\u0131 t\u0259rk etm\u0259m\u0259k&hellip;","_links":{"self":[{"href":"https:\/\/arantv.az\/index.php?rest_route=\/wp\/v2\/posts\/106777"}],"collection":[{"href":"https:\/\/arantv.az\/index.php?rest_route=\/wp\/v2\/posts"}],"about":[{"href":"https:\/\/arantv.az\/index.php?rest_route=\/wp\/v2\/types\/post"}],"author":[{"embeddable":true,"href":"https:\/\/arantv.az\/index.php?rest_route=\/wp\/v2\/users\/2"}],"replies":[{"embeddable":true,"href":"https:\/\/arantv.az\/index.php?rest_route=%2Fwp%2Fv2%2Fcomments&post=106777"}],"version-history":[{"count":0,"href":"https:\/\/arantv.az\/index.php?rest_route=\/wp\/v2\/posts\/106777\/revisions"}],"wp:featuredmedia":[{"embeddable":true,"href":"https:\/\/arantv.az\/index.php?rest_route=\/wp\/v2\/media\/106778"}],"wp:attachment":[{"href":"https:\/\/arantv.az\/index.php?rest_route=%2Fwp%2Fv2%2Fmedia&parent=106777"}],"wp:term":[{"taxonomy":"category","embeddable":true,"href":"https:\/\/arantv.az\/index.php?rest_route=%2Fwp%2Fv2%2Fcategories&post=106777"},{"taxonomy":"post_tag","embeddable":true,"href":"https:\/\/arantv.az\/index.php?rest_route=%2Fwp%2Fv2%2Ftags&post=106777"}],"curies":[{"name":"wp","href":"https:\/\/api.w.org\/{rel}","templated":true}]}}