{"id":106888,"date":"2019-12-13T10:27:40","date_gmt":"2019-12-13T07:27:40","guid":{"rendered":"http:\/\/arantv.az\/?p=106888"},"modified":"2019-12-13T10:27:40","modified_gmt":"2019-12-13T07:27:40","slug":"son-d%c9%99qiq%c9%99-sosial-yardim-alanlara-sad-x%c9%99b%c9%99r-artirilir","status":"publish","type":"post","link":"https:\/\/arantv.az\/?p=106888","title":{"rendered":"SON D\u018fQ\u0130Q\u018f: Sosial yard\u0131m alanlara \u015eAD X\u018fB\u018fR &#8211; ARTIRILIR"},"content":{"rendered":"<p>G\u0259l\u0259n il Az\u0259rbaycanda ehtiyac meyar\u0131n\u0131n m\u0259bl\u0259\u011fi 160 manat olacaq.<br \/>\nBu m\u0259bl\u0259\u011f, b\u00fcdc\u0259 z\u0259rfin\u0259 daxil olan &#8220;Az\u0259rbaycan Respublikas\u0131nda 2020-ci il \u00fc\u00e7\u00fcn ehtiyac meyar\u0131 haqq\u0131nda&#8221; qanun layih\u0259sind\u0259 g\u00f6st\u0259rilib.<br \/>\nM\u0259lumat \u00fc\u00e7\u00fcn bildir\u0259k ki, bu il \u00fc\u00e7\u00fcn ehtiyac meyar\u0131n\u0131n h\u0259ddi 143 manat t\u0259\u015fkil edib.<br \/>\nOnu da bildir\u0259k ki, ehtiyac meyar\u0131 &#8211; \u0259halinin \u0259sas sosial-demoqrafik qruplar\u0131 \u00fczr\u0259 ya\u015fay\u0131\u015f minimumundan as\u0131l\u0131 olaraq \u00fcnvanl\u0131 d\u00f6vl\u0259t sosial yard\u0131m\u0131n\u0131n t\u0259yin edilm\u0259si m\u0259qs\u0259dil\u0259 d\u00f6vl\u0259t b\u00fcdc\u0259si il\u0259 birg\u0259 h\u0259r il \u00fc\u00e7\u00fcn t\u0259sdiq olunan h\u0259ddir.<br \/>\nM\u0259lumat \u00fc\u00e7\u00fcn bildir\u0259k ki, \u00fcnvanl\u0131 d\u00f6vl\u0259t sosial yard\u0131m ala bilm\u0259k \u00fc\u00e7\u00fcn ail\u0259nin orta ayl\u0131q g\u0259liri (m\u00fcraci\u0259td\u0259n \u0259vv\u0259lki son 1 il \u0259rzind\u0259) onlardan as\u0131l\u0131 olmayan s\u0259b\u0259bl\u0259rd\u0259n h\u0259r bir ail\u0259 \u00fczv\u00fc \u00fc\u00e7\u00fcn ehtiyac meyar\u0131ndan a\u015fa\u011f\u0131 olmal\u0131d\u0131r.<br \/>\nM\u0259s\u0259l\u0259n, 4 n\u0259f\u0259rlik ail\u0259nin ayl\u0131q g\u0259liri 500 manat t\u0259\u015fkil edirs\u0259, h\u0259min ail\u0259 bu il 72 manat (4&#215;143=572), g\u0259l\u0259n il 140 manat (4&#215;160=640) sosial yard\u0131m alacaq.\u0130qtisadiyyat.Az<\/p>\n","protected":false},"excerpt":{"rendered":"<p>G\u0259l\u0259n il Az\u0259rbaycanda ehtiyac meyar\u0131n\u0131n m\u0259bl\u0259\u011fi 160 manat olacaq. Bu m\u0259bl\u0259\u011f, b\u00fcdc\u0259 z\u0259rfin\u0259 daxil olan &#8220;Az\u0259rbaycan Respublikas\u0131nda 2020-ci il \u00fc\u00e7\u00fcn ehtiyac meyar\u0131 haqq\u0131nda&#8221; qanun layih\u0259sind\u0259 g\u00f6st\u0259rilib. M\u0259lumat \u00fc\u00e7\u00fcn bildir\u0259k ki, bu il \u00fc\u00e7\u00fcn ehtiyac meyar\u0131n\u0131n h\u0259ddi 143 manat t\u0259\u015fkil edib. Onu da bildir\u0259k ki, ehtiyac meyar\u0131 &#8211; \u0259halinin \u0259sas sosial-demoqrafik qruplar\u0131 \u00fczr\u0259 ya\u015fay\u0131\u015f minimumundan as\u0131l\u0131 olaraq \u00fcnvanl\u0131 d\u00f6vl\u0259t sosial yard\u0131m\u0131n\u0131n t\u0259yin edilm\u0259si m\u0259qs\u0259dil\u0259 d\u00f6vl\u0259t b\u00fcdc\u0259si il\u0259 birg\u0259 h\u0259r il \u00fc\u00e7\u00fcn t\u0259sdiq olunan h\u0259ddir. M\u0259lumat \u00fc\u00e7\u00fcn bildir\u0259k ki, \u00fcnvanl\u0131 d\u00f6vl\u0259t sosial yard\u0131m ala bilm\u0259k \u00fc\u00e7\u00fcn ail\u0259nin orta ayl\u0131q g\u0259liri (m\u00fcraci\u0259td\u0259n \u0259vv\u0259lki&hellip;<\/p>\n","protected":false},"author":2,"featured_media":106889,"comment_status":"closed","ping_status":"closed","sticky":false,"template":"","format":"standard","meta":{"om_disable_all_campaigns":false,"_monsterinsights_skip_tracking":false,"_monsterinsights_sitenote_active":false,"_monsterinsights_sitenote_note":"","_monsterinsights_sitenote_category":0},"categories":[1],"tags":[],"aioseo_notices":[],"gutentor_comment":0,"rttpg_featured_image_url":{"full":["https:\/\/arantv.az\/wp-content\/uploads\/2019\/12\/1571764989_screenshot_1.jpg",688,376,false],"landscape":["https:\/\/arantv.az\/wp-content\/uploads\/2019\/12\/1571764989_screenshot_1.jpg",688,376,false],"portraits":["https:\/\/arantv.az\/wp-content\/uploads\/2019\/12\/1571764989_screenshot_1.jpg",688,376,false],"thumbnail":["https:\/\/arantv.az\/wp-content\/uploads\/2019\/12\/1571764989_screenshot_1-150x150.jpg",150,150,true],"medium":["https:\/\/arantv.az\/wp-content\/uploads\/2019\/12\/1571764989_screenshot_1-300x164.jpg",300,164,true],"large":["https:\/\/arantv.az\/wp-content\/uploads\/2019\/12\/1571764989_screenshot_1.jpg",640,350,false],"1536x1536":["https:\/\/arantv.az\/wp-content\/uploads\/2019\/12\/1571764989_screenshot_1.jpg",688,376,false],"2048x2048":["https:\/\/arantv.az\/wp-content\/uploads\/2019\/12\/1571764989_screenshot_1.jpg",688,376,false],"post-thumbnail":["https:\/\/arantv.az\/wp-content\/uploads\/2019\/12\/1571764989_screenshot_1-240x172.jpg",240,172,true],"advps-thumb-one":["https:\/\/arantv.az\/wp-content\/uploads\/2019\/12\/1571764989_screenshot_1.jpg",688,376,false]},"rttpg_author":{"display_name":"V\u00fcsal Rafiqo\u011flu","author_link":"https:\/\/arantv.az\/?author=2"},"rttpg_comment":0,"rttpg_category":"<a href=\"https:\/\/arantv.az\/?cat=1\" rel=\"category\">C\u0259miyy\u0259t<\/a>","rttpg_excerpt":"G\u0259l\u0259n il Az\u0259rbaycanda ehtiyac meyar\u0131n\u0131n m\u0259bl\u0259\u011fi 160 manat olacaq. Bu m\u0259bl\u0259\u011f, b\u00fcdc\u0259 z\u0259rfin\u0259 daxil olan &#8220;Az\u0259rbaycan Respublikas\u0131nda 2020-ci il \u00fc\u00e7\u00fcn ehtiyac meyar\u0131 haqq\u0131nda&#8221; qanun layih\u0259sind\u0259 g\u00f6st\u0259rilib. M\u0259lumat \u00fc\u00e7\u00fcn bildir\u0259k ki, bu il \u00fc\u00e7\u00fcn ehtiyac meyar\u0131n\u0131n h\u0259ddi 143 manat t\u0259\u015fkil edib. Onu da bildir\u0259k ki, ehtiyac meyar\u0131 &#8211; \u0259halinin \u0259sas sosial-demoqrafik qruplar\u0131 \u00fczr\u0259 ya\u015fay\u0131\u015f minimumundan as\u0131l\u0131&hellip;","_links":{"self":[{"href":"https:\/\/arantv.az\/index.php?rest_route=\/wp\/v2\/posts\/106888"}],"collection":[{"href":"https:\/\/arantv.az\/index.php?rest_route=\/wp\/v2\/posts"}],"about":[{"href":"https:\/\/arantv.az\/index.php?rest_route=\/wp\/v2\/types\/post"}],"author":[{"embeddable":true,"href":"https:\/\/arantv.az\/index.php?rest_route=\/wp\/v2\/users\/2"}],"replies":[{"embeddable":true,"href":"https:\/\/arantv.az\/index.php?rest_route=%2Fwp%2Fv2%2Fcomments&post=106888"}],"version-history":[{"count":0,"href":"https:\/\/arantv.az\/index.php?rest_route=\/wp\/v2\/posts\/106888\/revisions"}],"wp:featuredmedia":[{"embeddable":true,"href":"https:\/\/arantv.az\/index.php?rest_route=\/wp\/v2\/media\/106889"}],"wp:attachment":[{"href":"https:\/\/arantv.az\/index.php?rest_route=%2Fwp%2Fv2%2Fmedia&parent=106888"}],"wp:term":[{"taxonomy":"category","embeddable":true,"href":"https:\/\/arantv.az\/index.php?rest_route=%2Fwp%2Fv2%2Fcategories&post=106888"},{"taxonomy":"post_tag","embeddable":true,"href":"https:\/\/arantv.az\/index.php?rest_route=%2Fwp%2Fv2%2Ftags&post=106888"}],"curies":[{"name":"wp","href":"https:\/\/api.w.org\/{rel}","templated":true}]}}