{"id":106892,"date":"2019-12-13T10:39:38","date_gmt":"2019-12-13T07:39:38","guid":{"rendered":"http:\/\/arantv.az\/?p=106892"},"modified":"2019-12-13T10:39:38","modified_gmt":"2019-12-13T07:39:38","slug":"putin-alti-n%c9%99f%c9%99rin-musayi%c9%99ti-il%c9%99-tualet%c9%99-getdi-video","status":"publish","type":"post","link":"https:\/\/arantv.az\/?p=106892","title":{"rendered":"Putin alt\u0131 n\u0259f\u0259rin m\u00fc\u015fayi\u0259ti il\u0259 tualet\u0259 getdi &#8211; V\u0130DEO"},"content":{"rendered":"<p>Rusiya Prezidenti Vladimir Putin Yelisey saray\u0131nda ke\u00e7irilmi\u015f Ukrayna il\u0259 ba\u011fl\u0131 sammitd\u0259 \u00f6z\u00fcn\u00fc tam olaraq t\u0259hl\u00fck\u0259sizlikd\u0259 hiss etm\u0259yib.<\/p>\n<p><b>ARANTV.AZ<\/b>-\u0131n m\u0259lumat\u0131na g\u00f6r\u0259, bu bar\u0259d\u0259 Almaniyan\u0131n \u201cBild\u201d n\u0259\u015fri yaz\u0131b.<\/p>\n<p>\u201c\u018fvv\u0259lc\u0259 videoda g\u00f6r\u00fcnd\u00fcy\u00fc kimi, Putin alt\u0131 n\u0259f\u0259rin m\u00fc\u015fayi\u0259ti il\u0259 saray\u0131n tualetin\u0259 girdi. Sonra Putin silahl\u0131 cang\u00fcd\u0259ni il\u0259 iclas ota\u011f\u0131nda g\u00f6r\u00fcnd\u00fc\u201d, &#8211; dey\u0259 bildirilib.<\/p>\n<div id=\"AdviadNativeVideo0\" class=\"AdviadNativeVideo\"><\/div>\n<p>Almaniyan\u0131n x\u00fcsusi xidm\u0259t orqanlar\u0131n\u0131n ke\u00e7mi\u015f r\u0259hb\u0259rl\u0259rind\u0259n biri \u201cBild\u201d\u0259 deyib ki, dan\u0131\u015f\u0131qlar zaman\u0131 zalda silahl\u0131 bir insan\u0131n olmas\u0131 a\u00e7\u0131q \u015f\u0259kild\u0259 t\u0259xribat v\u0259 t\u0259hdiddir.<\/p>\n<p>Qeyd ed\u0259k ki, dekabr\u0131n 9-da Parisd\u0259 \u015e\u0259rqi Ukraynadak\u0131 v\u0259ziyy\u0259ti h\u0259ll etm\u0259k \u00fc\u00e7\u00fcn \u201cNormandiya format\u0131\u201d sammitind\u0259 d\u00f6rd \u00f6lk\u0259nin &#8211; Almaniya, Rusiya, Ukrayna v\u0259 Fransa liderl\u0259rinin g\u00f6r\u00fc\u015f\u00fc ke\u00e7irilib.Oxu.Az<\/p>\n<div><iframe loading=\"lazy\" src=\"https:\/\/player.baku.tv\/embed\/11876\" width=\"560\" height=\"315\" frameborder=\"0\" allowfullscreen=\"allowfullscreen\" data-mce-fragment=\"1\"><\/iframe><\/div>\n<p>&nbsp;<\/p>\n","protected":false},"excerpt":{"rendered":"<p>Rusiya Prezidenti Vladimir Putin Yelisey saray\u0131nda ke\u00e7irilmi\u015f Ukrayna il\u0259 ba\u011fl\u0131 sammitd\u0259 \u00f6z\u00fcn\u00fc tam olaraq t\u0259hl\u00fck\u0259sizlikd\u0259 hiss etm\u0259yib. ARANTV.AZ-\u0131n m\u0259lumat\u0131na g\u00f6r\u0259, bu bar\u0259d\u0259 Almaniyan\u0131n \u201cBild\u201d n\u0259\u015fri yaz\u0131b. \u201c\u018fvv\u0259lc\u0259 videoda g\u00f6r\u00fcnd\u00fcy\u00fc kimi, Putin alt\u0131 n\u0259f\u0259rin m\u00fc\u015fayi\u0259ti il\u0259 saray\u0131n tualetin\u0259 girdi. Sonra Putin silahl\u0131 cang\u00fcd\u0259ni il\u0259 iclas ota\u011f\u0131nda g\u00f6r\u00fcnd\u00fc\u201d, &#8211; dey\u0259 bildirilib. Almaniyan\u0131n x\u00fcsusi xidm\u0259t orqanlar\u0131n\u0131n ke\u00e7mi\u015f r\u0259hb\u0259rl\u0259rind\u0259n biri \u201cBild\u201d\u0259 deyib ki, dan\u0131\u015f\u0131qlar zaman\u0131 zalda silahl\u0131 bir insan\u0131n olmas\u0131 a\u00e7\u0131q \u015f\u0259kild\u0259 t\u0259xribat v\u0259 t\u0259hdiddir. Qeyd ed\u0259k ki, dekabr\u0131n 9-da Parisd\u0259 \u015e\u0259rqi Ukraynadak\u0131 v\u0259ziyy\u0259ti h\u0259ll etm\u0259k \u00fc\u00e7\u00fcn \u201cNormandiya format\u0131\u201d sammitind\u0259 d\u00f6rd \u00f6lk\u0259nin &#8211; Almaniya,&hellip;<\/p>\n","protected":false},"author":2,"featured_media":106893,"comment_status":"closed","ping_status":"closed","sticky":false,"template":"","format":"standard","meta":{"om_disable_all_campaigns":false,"_monsterinsights_skip_tracking":false,"_monsterinsights_sitenote_active":false,"_monsterinsights_sitenote_note":"","_monsterinsights_sitenote_category":0},"categories":[7],"tags":[],"aioseo_notices":[],"gutentor_comment":0,"rttpg_featured_image_url":{"full":["https:\/\/arantv.az\/wp-content\/uploads\/2019\/12\/2_p700.jpg",620,399,false],"landscape":["https:\/\/arantv.az\/wp-content\/uploads\/2019\/12\/2_p700.jpg",620,399,false],"portraits":["https:\/\/arantv.az\/wp-content\/uploads\/2019\/12\/2_p700.jpg",620,399,false],"thumbnail":["https:\/\/arantv.az\/wp-content\/uploads\/2019\/12\/2_p700-150x150.jpg",150,150,true],"medium":["https:\/\/arantv.az\/wp-content\/uploads\/2019\/12\/2_p700-300x193.jpg",300,193,true],"large":["https:\/\/arantv.az\/wp-content\/uploads\/2019\/12\/2_p700.jpg",620,399,false],"1536x1536":["https:\/\/arantv.az\/wp-content\/uploads\/2019\/12\/2_p700.jpg",620,399,false],"2048x2048":["https:\/\/arantv.az\/wp-content\/uploads\/2019\/12\/2_p700.jpg",620,399,false],"post-thumbnail":["https:\/\/arantv.az\/wp-content\/uploads\/2019\/12\/2_p700-240x172.jpg",240,172,true],"advps-thumb-one":["https:\/\/arantv.az\/wp-content\/uploads\/2019\/12\/2_p700.jpg",620,399,false]},"rttpg_author":{"display_name":"V\u00fcsal Rafiqo\u011flu","author_link":"https:\/\/arantv.az\/?author=2"},"rttpg_comment":0,"rttpg_category":"<a href=\"https:\/\/arantv.az\/?cat=7\" rel=\"category\">D\u00fcnya<\/a>","rttpg_excerpt":"Rusiya Prezidenti Vladimir Putin Yelisey saray\u0131nda ke\u00e7irilmi\u015f Ukrayna il\u0259 ba\u011fl\u0131 sammitd\u0259 \u00f6z\u00fcn\u00fc tam olaraq t\u0259hl\u00fck\u0259sizlikd\u0259 hiss etm\u0259yib. ARANTV.AZ-\u0131n m\u0259lumat\u0131na g\u00f6r\u0259, bu bar\u0259d\u0259 Almaniyan\u0131n \u201cBild\u201d n\u0259\u015fri yaz\u0131b. \u201c\u018fvv\u0259lc\u0259 videoda g\u00f6r\u00fcnd\u00fcy\u00fc kimi, Putin alt\u0131 n\u0259f\u0259rin m\u00fc\u015fayi\u0259ti il\u0259 saray\u0131n tualetin\u0259 girdi. Sonra Putin silahl\u0131 cang\u00fcd\u0259ni il\u0259 iclas ota\u011f\u0131nda g\u00f6r\u00fcnd\u00fc\u201d, &#8211; dey\u0259 bildirilib. Almaniyan\u0131n x\u00fcsusi xidm\u0259t orqanlar\u0131n\u0131n ke\u00e7mi\u015f r\u0259hb\u0259rl\u0259rind\u0259n&hellip;","_links":{"self":[{"href":"https:\/\/arantv.az\/index.php?rest_route=\/wp\/v2\/posts\/106892"}],"collection":[{"href":"https:\/\/arantv.az\/index.php?rest_route=\/wp\/v2\/posts"}],"about":[{"href":"https:\/\/arantv.az\/index.php?rest_route=\/wp\/v2\/types\/post"}],"author":[{"embeddable":true,"href":"https:\/\/arantv.az\/index.php?rest_route=\/wp\/v2\/users\/2"}],"replies":[{"embeddable":true,"href":"https:\/\/arantv.az\/index.php?rest_route=%2Fwp%2Fv2%2Fcomments&post=106892"}],"version-history":[{"count":0,"href":"https:\/\/arantv.az\/index.php?rest_route=\/wp\/v2\/posts\/106892\/revisions"}],"wp:featuredmedia":[{"embeddable":true,"href":"https:\/\/arantv.az\/index.php?rest_route=\/wp\/v2\/media\/106893"}],"wp:attachment":[{"href":"https:\/\/arantv.az\/index.php?rest_route=%2Fwp%2Fv2%2Fmedia&parent=106892"}],"wp:term":[{"taxonomy":"category","embeddable":true,"href":"https:\/\/arantv.az\/index.php?rest_route=%2Fwp%2Fv2%2Fcategories&post=106892"},{"taxonomy":"post_tag","embeddable":true,"href":"https:\/\/arantv.az\/index.php?rest_route=%2Fwp%2Fv2%2Ftags&post=106892"}],"curies":[{"name":"wp","href":"https:\/\/api.w.org\/{rel}","templated":true}]}}