{"id":106904,"date":"2019-12-13T10:43:29","date_gmt":"2019-12-13T07:43:29","guid":{"rendered":"http:\/\/arantv.az\/?p=106904"},"modified":"2019-12-13T10:43:29","modified_gmt":"2019-12-13T07:43:29","slug":"eurohomeda-mallari-yanan-sahibkarlara-sad-x%c9%99b%c9%99r","status":"publish","type":"post","link":"https:\/\/arantv.az\/?p=106904","title":{"rendered":"&#8220;EuroHome&#8221;da mallar\u0131 yanan sahibkarlara \u015eAD X\u018fB\u018fR"},"content":{"rendered":"<p>Bin\u0259q\u0259di Rayon \u0130cra Hakimiyy\u0259tinin ba\u015f\u00e7\u0131s\u0131 Elxan Allahverdiyev \u201cEuroHome\u201d ticar\u0259t m\u0259rk\u0259zinin r\u0259hb\u0259ri il\u0259 birlikd\u0259 yan\u011f\u0131ndan ziyan \u00e7\u0259kmi\u015f sahibkarlarla yenid\u0259n g\u00f6r\u00fc\u015f\u00fcb.<\/p>\n<p><b>ARANTV.AZ\u00a0<\/b>&#8220;Report&#8221;a istinadla x\u0259b\u0259r verir ki, haz\u0131rda \u201cEuroHome\u201d ticar\u0259t m\u0259rk\u0259zinin sahibi il\u0259 yan\u011f\u0131ndan z\u0259r\u0259r\u00e7\u0259k\u0259n sahibkarlar aras\u0131nda t\u0259krar g\u00f6r\u00fc\u015f ke\u00e7irilib.<\/p>\n<div id=\"AdviadNativeVideo0\" class=\"AdviadNativeVideo\"><\/div>\n<p>Sahibkarlara d\u0259ymi\u015f ziyanla \u0259laq\u0259dar olaraq apar\u0131lan m\u00fcvafiq ara\u015fd\u0131rmalar bar\u0259d\u0259 m\u0259lumat verilib.<\/p>\n<p>Bildirilib ki, haz\u0131rda d\u0259ymi\u015f ziyan m\u00fc\u0259yy\u0259n edilir v\u0259 sahibkarlara \u00f6d\u0259nil\u0259c\u0259k kompensasiya \u015f\u0259rtl\u0259ri m\u00fczakir\u0259 edilir.<\/p>\n<p>Qeyd ed\u0259k ki, ba\u015f vermi\u015f yan\u011f\u0131n, \u00fcmumilikd\u0259, 21.000 kv.m sah\u0259ni \u0259hat\u0259 edib.<\/p>\n","protected":false},"excerpt":{"rendered":"<p>Bin\u0259q\u0259di Rayon \u0130cra Hakimiyy\u0259tinin ba\u015f\u00e7\u0131s\u0131 Elxan Allahverdiyev \u201cEuroHome\u201d ticar\u0259t m\u0259rk\u0259zinin r\u0259hb\u0259ri il\u0259 birlikd\u0259 yan\u011f\u0131ndan ziyan \u00e7\u0259kmi\u015f sahibkarlarla yenid\u0259n g\u00f6r\u00fc\u015f\u00fcb. ARANTV.AZ\u00a0&#8220;Report&#8221;a istinadla x\u0259b\u0259r verir ki, haz\u0131rda \u201cEuroHome\u201d ticar\u0259t m\u0259rk\u0259zinin sahibi il\u0259 yan\u011f\u0131ndan z\u0259r\u0259r\u00e7\u0259k\u0259n sahibkarlar aras\u0131nda t\u0259krar g\u00f6r\u00fc\u015f ke\u00e7irilib. Sahibkarlara d\u0259ymi\u015f ziyanla \u0259laq\u0259dar olaraq apar\u0131lan m\u00fcvafiq ara\u015fd\u0131rmalar bar\u0259d\u0259 m\u0259lumat verilib. Bildirilib ki, haz\u0131rda d\u0259ymi\u015f ziyan m\u00fc\u0259yy\u0259n edilir v\u0259 sahibkarlara \u00f6d\u0259nil\u0259c\u0259k kompensasiya \u015f\u0259rtl\u0259ri m\u00fczakir\u0259 edilir. Qeyd ed\u0259k ki, ba\u015f vermi\u015f yan\u011f\u0131n, \u00fcmumilikd\u0259, 21.000 kv.m sah\u0259ni \u0259hat\u0259 edib.<\/p>\n","protected":false},"author":2,"featured_media":106905,"comment_status":"closed","ping_status":"closed","sticky":false,"template":"","format":"standard","meta":{"om_disable_all_campaigns":false,"_monsterinsights_skip_tracking":false,"_monsterinsights_sitenote_active":false,"_monsterinsights_sitenote_note":"","_monsterinsights_sitenote_category":0},"categories":[1],"tags":[],"aioseo_notices":[],"gutentor_comment":0,"rttpg_featured_image_url":{"full":["https:\/\/arantv.az\/wp-content\/uploads\/2019\/12\/1576221642_sahibkarlar-euro-home-etiraz-.jpg",650,398,false],"landscape":["https:\/\/arantv.az\/wp-content\/uploads\/2019\/12\/1576221642_sahibkarlar-euro-home-etiraz-.jpg",650,398,false],"portraits":["https:\/\/arantv.az\/wp-content\/uploads\/2019\/12\/1576221642_sahibkarlar-euro-home-etiraz-.jpg",650,398,false],"thumbnail":["https:\/\/arantv.az\/wp-content\/uploads\/2019\/12\/1576221642_sahibkarlar-euro-home-etiraz--150x150.jpg",150,150,true],"medium":["https:\/\/arantv.az\/wp-content\/uploads\/2019\/12\/1576221642_sahibkarlar-euro-home-etiraz--300x184.jpg",300,184,true],"large":["https:\/\/arantv.az\/wp-content\/uploads\/2019\/12\/1576221642_sahibkarlar-euro-home-etiraz-.jpg",640,392,false],"1536x1536":["https:\/\/arantv.az\/wp-content\/uploads\/2019\/12\/1576221642_sahibkarlar-euro-home-etiraz-.jpg",650,398,false],"2048x2048":["https:\/\/arantv.az\/wp-content\/uploads\/2019\/12\/1576221642_sahibkarlar-euro-home-etiraz-.jpg",650,398,false],"post-thumbnail":["https:\/\/arantv.az\/wp-content\/uploads\/2019\/12\/1576221642_sahibkarlar-euro-home-etiraz--240x172.jpg",240,172,true],"advps-thumb-one":["https:\/\/arantv.az\/wp-content\/uploads\/2019\/12\/1576221642_sahibkarlar-euro-home-etiraz-.jpg",650,398,false]},"rttpg_author":{"display_name":"V\u00fcsal Rafiqo\u011flu","author_link":"https:\/\/arantv.az\/?author=2"},"rttpg_comment":0,"rttpg_category":"<a href=\"https:\/\/arantv.az\/?cat=1\" rel=\"category\">C\u0259miyy\u0259t<\/a>","rttpg_excerpt":"Bin\u0259q\u0259di Rayon \u0130cra Hakimiyy\u0259tinin ba\u015f\u00e7\u0131s\u0131 Elxan Allahverdiyev \u201cEuroHome\u201d ticar\u0259t m\u0259rk\u0259zinin r\u0259hb\u0259ri il\u0259 birlikd\u0259 yan\u011f\u0131ndan ziyan \u00e7\u0259kmi\u015f sahibkarlarla yenid\u0259n g\u00f6r\u00fc\u015f\u00fcb. ARANTV.AZ\u00a0&#8220;Report&#8221;a istinadla x\u0259b\u0259r verir ki, haz\u0131rda \u201cEuroHome\u201d ticar\u0259t m\u0259rk\u0259zinin sahibi il\u0259 yan\u011f\u0131ndan z\u0259r\u0259r\u00e7\u0259k\u0259n sahibkarlar aras\u0131nda t\u0259krar g\u00f6r\u00fc\u015f ke\u00e7irilib. Sahibkarlara d\u0259ymi\u015f ziyanla \u0259laq\u0259dar olaraq apar\u0131lan m\u00fcvafiq ara\u015fd\u0131rmalar bar\u0259d\u0259 m\u0259lumat verilib. Bildirilib ki, haz\u0131rda d\u0259ymi\u015f ziyan m\u00fc\u0259yy\u0259n edilir&hellip;","_links":{"self":[{"href":"https:\/\/arantv.az\/index.php?rest_route=\/wp\/v2\/posts\/106904"}],"collection":[{"href":"https:\/\/arantv.az\/index.php?rest_route=\/wp\/v2\/posts"}],"about":[{"href":"https:\/\/arantv.az\/index.php?rest_route=\/wp\/v2\/types\/post"}],"author":[{"embeddable":true,"href":"https:\/\/arantv.az\/index.php?rest_route=\/wp\/v2\/users\/2"}],"replies":[{"embeddable":true,"href":"https:\/\/arantv.az\/index.php?rest_route=%2Fwp%2Fv2%2Fcomments&post=106904"}],"version-history":[{"count":0,"href":"https:\/\/arantv.az\/index.php?rest_route=\/wp\/v2\/posts\/106904\/revisions"}],"wp:featuredmedia":[{"embeddable":true,"href":"https:\/\/arantv.az\/index.php?rest_route=\/wp\/v2\/media\/106905"}],"wp:attachment":[{"href":"https:\/\/arantv.az\/index.php?rest_route=%2Fwp%2Fv2%2Fmedia&parent=106904"}],"wp:term":[{"taxonomy":"category","embeddable":true,"href":"https:\/\/arantv.az\/index.php?rest_route=%2Fwp%2Fv2%2Fcategories&post=106904"},{"taxonomy":"post_tag","embeddable":true,"href":"https:\/\/arantv.az\/index.php?rest_route=%2Fwp%2Fv2%2Ftags&post=106904"}],"curies":[{"name":"wp","href":"https:\/\/api.w.org\/{rel}","templated":true}]}}