{"id":106913,"date":"2019-12-13T10:54:08","date_gmt":"2019-12-13T07:54:08","guid":{"rendered":"http:\/\/arantv.az\/?p=106913"},"modified":"2019-12-13T10:54:08","modified_gmt":"2019-12-13T07:54:08","slug":"az%c9%99rbaycan-qadin-sahibkarligina-boyuk-diqq%c9%99t-ayirir-nazir-muavini","status":"publish","type":"post","link":"https:\/\/arantv.az\/?p=106913","title":{"rendered":"Az\u0259rbaycan qad\u0131n sahibkarl\u0131\u011f\u0131na b\u00f6y\u00fck diqq\u0259t ay\u0131r\u0131r &#8211; Nazir m\u00fcavini"},"content":{"rendered":"<p><strong>&#8220;Az\u0259rbaycan qad\u0131n sahibkarl\u0131\u011f\u0131na b\u00f6y\u00fck diqq\u0259t ay\u0131r\u0131r&#8221;.<\/strong><\/p>\n<p><strong>ARANTV.AZ<\/strong>\u00a0<a href=\"https:\/\/az.trend.az\/\" target=\"_blank\" rel=\"noopener\">Trend<\/a>-\u0259 istinad\u0259n x\u0259b\u0259r verir ki, bunu \u0130qtisadiyyat nazirinin m\u00fcavini Niyazi S\u0259f\u0259rov qad\u0131n sahibkarlar \u00fc\u00e7\u00fcn akselerator proqram\u0131 layih\u0259sinin t\u0259qdimat\u0131 zaman\u0131 deyib.<\/p>\n<p>Nazir m\u00fcavini bildirib ki, Az\u0259rbaycan\u0131n \u0259sas iqtisadi m\u0259qs\u0259dl\u0259rind\u0259n biri qad\u0131n sahibkarlar\u0131n say\u0131n\u0131 art\u0131rmaq v\u0259 onlar\u0131n imkanlar\u0131n\u0131 geni\u015fl\u0259ndirm\u0259kdir.<\/p>\n<p>N.S\u0259f\u0259rov \u0259lav\u0259 edib ki, Az\u0259rbaycan\u0131n iqtisadi inki\u015faf strategiyas\u0131 \u00e7\u0259r\u00e7iv\u0259sind\u0259 h\u00f6kum\u0259t t\u0259r\u0259find\u0259n sahibkarl\u0131\u011f\u0131n, x\u00fcsusil\u0259 d\u0259 qad\u0131n sahibkarl\u0131\u011f\u0131n\u0131n inki\u015faf\u0131na b\u00f6y\u00fck diqq\u0259t ayr\u0131l\u0131r:<\/p>\n<p>&#8220;\u0130qtisadiyyat\u0131n he\u00e7 bir sektorunda, he\u00e7 bir sah\u0259d\u0259 gender ayr\u0131l\u0131\u011f\u0131 olmamal\u0131d\u0131r. Biz sistemli \u015f\u0259kild\u0259 bunun \u00fcz\u0259rind\u0259 i\u015fl\u0259yirik&#8221;.<\/p>\n","protected":false},"excerpt":{"rendered":"<p>&#8220;Az\u0259rbaycan qad\u0131n sahibkarl\u0131\u011f\u0131na b\u00f6y\u00fck diqq\u0259t ay\u0131r\u0131r&#8221;. ARANTV.AZ\u00a0Trend-\u0259 istinad\u0259n x\u0259b\u0259r verir ki, bunu \u0130qtisadiyyat nazirinin m\u00fcavini Niyazi S\u0259f\u0259rov qad\u0131n sahibkarlar \u00fc\u00e7\u00fcn akselerator proqram\u0131 layih\u0259sinin t\u0259qdimat\u0131 zaman\u0131 deyib. Nazir m\u00fcavini bildirib ki, Az\u0259rbaycan\u0131n \u0259sas iqtisadi m\u0259qs\u0259dl\u0259rind\u0259n biri qad\u0131n sahibkarlar\u0131n say\u0131n\u0131 art\u0131rmaq v\u0259 onlar\u0131n imkanlar\u0131n\u0131 geni\u015fl\u0259ndirm\u0259kdir. N.S\u0259f\u0259rov \u0259lav\u0259 edib ki, Az\u0259rbaycan\u0131n iqtisadi inki\u015faf strategiyas\u0131 \u00e7\u0259r\u00e7iv\u0259sind\u0259 h\u00f6kum\u0259t t\u0259r\u0259find\u0259n sahibkarl\u0131\u011f\u0131n, x\u00fcsusil\u0259 d\u0259 qad\u0131n sahibkarl\u0131\u011f\u0131n\u0131n inki\u015faf\u0131na b\u00f6y\u00fck diqq\u0259t ayr\u0131l\u0131r: &#8220;\u0130qtisadiyyat\u0131n he\u00e7 bir sektorunda, he\u00e7 bir sah\u0259d\u0259 gender ayr\u0131l\u0131\u011f\u0131 olmamal\u0131d\u0131r. Biz sistemli \u015f\u0259kild\u0259 bunun \u00fcz\u0259rind\u0259 i\u015fl\u0259yirik&#8221;.<\/p>\n","protected":false},"author":2,"featured_media":106914,"comment_status":"closed","ping_status":"closed","sticky":false,"template":"","format":"standard","meta":{"om_disable_all_campaigns":false,"_monsterinsights_skip_tracking":false,"_monsterinsights_sitenote_active":false,"_monsterinsights_sitenote_note":"","_monsterinsights_sitenote_category":0},"categories":[1],"tags":[],"aioseo_notices":[],"gutentor_comment":0,"rttpg_featured_image_url":{"full":["https:\/\/arantv.az\/wp-content\/uploads\/2019\/12\/810138.jpg",800,600,false],"landscape":["https:\/\/arantv.az\/wp-content\/uploads\/2019\/12\/810138.jpg",800,600,false],"portraits":["https:\/\/arantv.az\/wp-content\/uploads\/2019\/12\/810138.jpg",800,600,false],"thumbnail":["https:\/\/arantv.az\/wp-content\/uploads\/2019\/12\/810138-150x150.jpg",150,150,true],"medium":["https:\/\/arantv.az\/wp-content\/uploads\/2019\/12\/810138-300x225.jpg",300,225,true],"large":["https:\/\/arantv.az\/wp-content\/uploads\/2019\/12\/810138.jpg",640,480,false],"1536x1536":["https:\/\/arantv.az\/wp-content\/uploads\/2019\/12\/810138.jpg",800,600,false],"2048x2048":["https:\/\/arantv.az\/wp-content\/uploads\/2019\/12\/810138.jpg",800,600,false],"post-thumbnail":["https:\/\/arantv.az\/wp-content\/uploads\/2019\/12\/810138-240x172.jpg",240,172,true],"advps-thumb-one":["https:\/\/arantv.az\/wp-content\/uploads\/2019\/12\/810138.jpg",800,600,false]},"rttpg_author":{"display_name":"V\u00fcsal Rafiqo\u011flu","author_link":"https:\/\/arantv.az\/?author=2"},"rttpg_comment":0,"rttpg_category":"<a href=\"https:\/\/arantv.az\/?cat=1\" rel=\"category\">C\u0259miyy\u0259t<\/a>","rttpg_excerpt":"&#8220;Az\u0259rbaycan qad\u0131n sahibkarl\u0131\u011f\u0131na b\u00f6y\u00fck diqq\u0259t ay\u0131r\u0131r&#8221;. ARANTV.AZ\u00a0Trend-\u0259 istinad\u0259n x\u0259b\u0259r verir ki, bunu \u0130qtisadiyyat nazirinin m\u00fcavini Niyazi S\u0259f\u0259rov qad\u0131n sahibkarlar \u00fc\u00e7\u00fcn akselerator proqram\u0131 layih\u0259sinin t\u0259qdimat\u0131 zaman\u0131 deyib. Nazir m\u00fcavini bildirib ki, Az\u0259rbaycan\u0131n \u0259sas iqtisadi m\u0259qs\u0259dl\u0259rind\u0259n biri qad\u0131n sahibkarlar\u0131n say\u0131n\u0131 art\u0131rmaq v\u0259 onlar\u0131n imkanlar\u0131n\u0131 geni\u015fl\u0259ndirm\u0259kdir. N.S\u0259f\u0259rov \u0259lav\u0259 edib ki, Az\u0259rbaycan\u0131n iqtisadi inki\u015faf strategiyas\u0131 \u00e7\u0259r\u00e7iv\u0259sind\u0259 h\u00f6kum\u0259t t\u0259r\u0259find\u0259n sahibkarl\u0131\u011f\u0131n,&hellip;","_links":{"self":[{"href":"https:\/\/arantv.az\/index.php?rest_route=\/wp\/v2\/posts\/106913"}],"collection":[{"href":"https:\/\/arantv.az\/index.php?rest_route=\/wp\/v2\/posts"}],"about":[{"href":"https:\/\/arantv.az\/index.php?rest_route=\/wp\/v2\/types\/post"}],"author":[{"embeddable":true,"href":"https:\/\/arantv.az\/index.php?rest_route=\/wp\/v2\/users\/2"}],"replies":[{"embeddable":true,"href":"https:\/\/arantv.az\/index.php?rest_route=%2Fwp%2Fv2%2Fcomments&post=106913"}],"version-history":[{"count":0,"href":"https:\/\/arantv.az\/index.php?rest_route=\/wp\/v2\/posts\/106913\/revisions"}],"wp:featuredmedia":[{"embeddable":true,"href":"https:\/\/arantv.az\/index.php?rest_route=\/wp\/v2\/media\/106914"}],"wp:attachment":[{"href":"https:\/\/arantv.az\/index.php?rest_route=%2Fwp%2Fv2%2Fmedia&parent=106913"}],"wp:term":[{"taxonomy":"category","embeddable":true,"href":"https:\/\/arantv.az\/index.php?rest_route=%2Fwp%2Fv2%2Fcategories&post=106913"},{"taxonomy":"post_tag","embeddable":true,"href":"https:\/\/arantv.az\/index.php?rest_route=%2Fwp%2Fv2%2Ftags&post=106913"}],"curies":[{"name":"wp","href":"https:\/\/api.w.org\/{rel}","templated":true}]}}