{"id":106929,"date":"2019-12-13T11:23:31","date_gmt":"2019-12-13T08:23:31","guid":{"rendered":"http:\/\/arantv.az\/?p=106929"},"modified":"2019-12-13T11:23:31","modified_gmt":"2019-12-13T08:23:31","slug":"g%c9%99l%c9%99n-ild%c9%99n-bu-s%c9%99xsl%c9%99rin-maas-v%c9%99-pensiyalari-artacaq-sad-x%c9%99b%c9%99r","status":"publish","type":"post","link":"https:\/\/arantv.az\/?p=106929","title":{"rendered":"G\u0259l\u0259n ild\u0259n bu \u015f\u0259xsl\u0259rin maa\u015f v\u0259 pensiyalar\u0131 artacaq &#8211; \u015eAD X\u018fB\u018fR"},"content":{"rendered":"<p>G\u0259l\u0259n ild\u0259n pensiya, orta ayl\u0131q \u0259m\u0259khaqq\u0131, m\u00fcavin\u0259tl\u0259r v\u0259 b\u0259zi pe\u015f\u0259 sahibl\u0259rinin maa\u015flar\u0131n artmas\u0131 g\u00f6zl\u0259nilir.<\/p>\n<p><b>ARANTV.AZ<\/b>-\u0131n m\u0259lumat\u0131na g\u00f6r\u0259, bununla ba\u011fl\u0131 dekabr ay\u0131n\u0131n 10-da \u018fm\u0259k v\u0259 \u018fhalinin Sosial M\u00fcdafi\u0259si nazirinin m\u00fcavini Anar K\u0259rimov bildirib ki, 2020-ci il yanvar\u0131n 1-d\u0259n pensiyalar (b\u00fct\u00fcn, o c\u00fcml\u0259d\u0259n minimum pensiya) orta ayl\u0131q \u0259m\u0259khaqlar\u0131n\u0131n art\u0131m\u0131 q\u0259d\u0259r \u2013 t\u0259xmin\u0259n 13-14 faiz\u0259 yax\u0131n art\u0131r\u0131lacaq.<\/p>\n<p>Ke\u00e7mi\u015f deputat Musa Quliyev is\u0259 dekabr ay\u0131n\u0131n 2-d\u0259 Az\u0259rbaycan Televiziyas\u0131n\u0131n \u201cTeles\u0259h\u0259r\u201d verili\u015find\u0259 bildirib ki, \u0259m\u0259k pensiyalar\u0131 haqq\u0131nda qanuna edil\u0259n son \u0259lav\u0259 v\u0259 d\u0259yi\u015fiklikl\u0259r\u0259 g\u00f6r\u0259 pensiyalar orta ayl\u0131q g\u0259lirin art\u0131m faizin\u0259 g\u00f6r\u0259 indeksl\u0259\u015fdirilir:<\/p>\n<p>\u201c2019-cu ild\u0259 bizim orta ayl\u0131q \u0259m\u0259k haqq\u0131m\u0131z t\u0259xmin\u0259n 14 faiz art\u0131b. Dem\u0259li, g\u0259l\u0259n il b\u00fct\u00fcn kateqoriyalardan olan pensiyalar, \u0259n az\u0131, 15 faiz artacaq. Minimum pensiya 200 manatd\u0131rsa, g\u0259l\u0259n il 230 manat olacaq.<\/p>\n<p>Haz\u0131rda orta ayl\u0131q pensiya 250 manat t\u0259\u015fkil edirs\u0259, g\u0259l\u0259n il \u0259rzind\u0259 bu r\u0259q\u0259m 300 manata \u00e7atacaq.<\/p>\n<p>Bundan ba\u015fqa, 2020-ci ilin d\u00f6vl\u0259t b\u00fcdc\u0259sinin x\u0259rcl\u0259ri bu ill\u0259 m\u00fcqayis\u0259d\u0259 6,8 faiz art\u0131b. Sosial m\u00fcdafi\u0259 x\u0259rcl\u0259rinin is\u0259 23 faiz art\u0131m\u0131 n\u0259z\u0259rd\u0259 tutulub. Bu o dem\u0259kdir ki, g\u0259l\u0259n il \u0259m\u0259k haqlar\u0131, pensiyalar, m\u00fcavin\u0259tl\u0259r artacaq\u201d.<\/p>\n<p>Verili\u015fd\u0259 a\u00e7\u0131qlama ver\u0259n ke\u00e7mi\u015f deputat Cavid Osmanov is\u0259 qeyd edib ki, 2020-ci ilin d\u00f6vl\u0259t b\u00fcdc\u0259sinin 50 faizi insanlar\u0131n sosial rifah\u0131n\u0131n yax\u015f\u0131la\u015fd\u0131r\u0131lmas\u0131 \u00fc\u00e7\u00fcn ayr\u0131l\u0131b:<\/p>\n<p>\u201c2020-ci ilin d\u00f6vl\u0259t b\u00fcdc\u0259si m\u00fcst\u0259qil Az\u0259rbaycan\u0131n d\u00f6vl\u0259t tarixind\u0259 \u0259n iri h\u0259cmli b\u00fcdc\u0259dir. G\u0259l\u0259n ilin d\u00f6vl\u0259t b\u00fcdc\u0259sind\u0259 vergil\u0259rd\u0259n y\u0131\u011f\u0131lan v\u0259sait 8 milyard manata yax\u0131n olacaq. 2020-ci ilin d\u00f6vl\u0259t b\u00fcdc\u0259sinin 40 faizi, t\u0259xmin\u0259n 10 milyard manat insanlar\u0131n sosial rifah\u0131n\u0131n yax\u015f\u0131la\u015fd\u0131r\u0131lmas\u0131na istiqam\u0259tl\u0259nib. Bura m\u0259cburi k\u00f6\u00e7k\u00fcnl\u0259r v\u0259 qa\u00e7q\u0131nlar\u0131n m\u0259nzil-m\u0259i\u015f\u0259t \u015f\u0259raitinin yax\u015f\u0131la\u015fd\u0131r\u0131lmas\u0131, onlara m\u00fcavin\u0259tl\u0259rin verilm\u0259si, \u015f\u0259hid ail\u0259l\u0259rinin, Qaraba\u011f m\u00fcharib\u0259si \u0259lill\u0259rinin sosial rifah\u0131n\u0131n yax\u015f\u0131la\u015fd\u0131r\u0131lmas\u0131n\u0131 \u0259lav\u0259 ets\u0259k, g\u00f6r\u0259rik ki, n\u00f6vb\u0259ti ilin d\u00f6vl\u0259t b\u00fcdc\u0259sinin 50 faizi sosial istiqam\u0259td\u0259 x\u0259rcl\u0259n\u0259c\u0259k\u201d.<\/p>\n<p>H\u0259m\u00e7inin g\u0259l\u0259n il yanvar ay\u0131n\u0131n 1-d\u0259n (\u00f6lk\u0259d\u0259 icbari tibbi s\u0131\u011fortan\u0131n t\u0259tbiqin\u0259 ba\u015flan\u0131ld\u0131qdan sonra) h\u0259kiml\u0259rin d\u0259 maa\u015flar\u0131n\u0131n artaca\u011f\u0131 g\u00f6zl\u0259nilir.<\/p>\n<div id=\"AdviadNativeVideo0\" class=\"AdviadNativeVideo\"><\/div>\n<p>Bu bar\u0259d\u0259 2019-cu ilin iyul ay\u0131nda a\u00e7\u0131qlama ver\u0259n \u0130cbari Tibbi S\u0131\u011forta \u00fczr\u0259 D\u00f6vl\u0259t Agentliyinin \u0130dar\u0259 Hey\u0259tinin s\u0259dri Zaur \u018fliyev bildirmi\u015fdi ki, Az\u0259rbaycanda h\u0259kiml\u0259rin \u0259m\u0259khaqq\u0131 artacaq v\u0259 bu, iki hiss\u0259d\u0259n ibar\u0259t olacaq:<\/p>\n<p>\u201c\u0130ki hiss\u0259 is\u0259 ondan ibar\u0259tdir ki, bir t\u0259r\u0259fd\u0259n h\u0259kimin ald\u0131\u011f\u0131 maa\u015f artacaq v\u0259 bu sabit olacaq. Dig\u0259r t\u0259r\u0259fd\u0259n is\u0259 h\u0259kimin g\u00f6st\u0259rdiyi xidm\u0259t\u0259 g\u00f6r\u0259 onun \u0259m\u0259khaqq\u0131na \u0259lav\u0259l\u0259r olacaq&#8221;.<\/p>\n<p>Eyni zamanda \u0130cbari Tibbi S\u0131\u011forta \u00fczr\u0259 D\u00f6vl\u0259t Agentliyinin Regional m\u0259rk\u0259zl\u0259rl\u0259 i\u015f \u015f\u00f6b\u0259sinin m\u00fcdiri \u015e\u00fck\u00fcr Eyvazov dekabr ay\u0131n\u0131n 11-d\u0259 jurnalistl\u0259r\u0259 a\u00e7\u0131qlamas\u0131nda bildirib ki, yax\u0131n 7-10 g\u00fcn \u0259rzind\u0259 icbari tibbi s\u0131\u011forta t\u0259tbiq edil\u0259c\u0259k tibb m\u00fc\u0259ssis\u0259l\u0259rind\u0259 i\u015fl\u0259y\u0259n h\u0259kiml\u0259rin maa\u015f\u0131 v\u0259 maa\u015fa \u0259lav\u0259l\u0259rl\u0259 ba\u011fl\u0131 m\u0259lumatlar veril\u0259c\u0259k:<\/p>\n<p>\u201cM\u0259s\u0259l\u0259 son raz\u0131la\u015fd\u0131rma m\u0259rh\u0259l\u0259sind\u0259dir. Maa\u015flar h\u0259kimin tutdu\u011fu v\u0259zif\u0259 v\u0259 t\u0259cr\u00fcb\u0259y\u0259 uy\u011fun, Vahid Tarif C\u0259dv\u0259lin\u0259 \u0259sas\u0259n m\u00fc\u0259yy\u0259n olunacaq. Bundan ba\u015fqa, h\u0259v\u0259sl\u0259ndirici \u0259lav\u0259l\u0259r d\u0259 olacaq. \u018fg\u0259r h\u0259kim rayon, k\u0259ndd\u0259 i\u015fl\u0259yirs\u0259, onun ya\u015fad\u0131\u011f\u0131 yerd\u0259n i\u015fl\u0259diyi k\u0259nd m\u0259nt\u0259q\u0259sin\u0259 q\u0259d\u0259r m\u0259saf\u0259 15-20 kilometr\u0259 q\u0259d\u0259rdirs\u0259, h\u0259v\u0259sl\u0259ndirici \u0259lav\u0259 alacaq. M\u0259saf\u0259 20 kilometrd\u0259n yuxar\u0131d\u0131rsa, ayr\u0131 h\u0259v\u0259sl\u0259ndirici \u0259lav\u0259 t\u0259tbiq olunacaq. \u018fn \u0259sas\u0131 is\u0259, h\u0259kimin baxd\u0131\u011f\u0131 x\u0259st\u0259 say\u0131na g\u00f6r\u0259 d\u0259 \u0259lav\u0259l\u0259r olacaq\u201d.<\/p>\n<p>\u015e.Eyvazov qeyd edib ki, pilot layih\u0259d\u0259 7-8 min manat maa\u015f alan h\u0259kiml\u0259r olub v\u0259 bu, onlar\u0131n s\u0259hiyy\u0259nin qanunlar\u0131n\u0131 a\u015fmadan y\u00fcks\u0259k xidm\u0259t g\u00f6st\u0259rm\u0259si il\u0259 ba\u011fl\u0131 olub.<\/p>\n<p>\u018flav\u0259 ed\u0259k ki, t\u0259hsil eksperti Kamran \u018fs\u0259dov g\u0259l\u0259n ild\u0259n m\u00fc\u0259lliml\u0259rin \u0259m\u0259khaqlar\u0131 v\u0259 t\u0259l\u0259b\u0259l\u0259rin t\u0259qa\u00fcdl\u0259rinin artmas\u0131 bar\u0259d\u0259 m\u0259lumat payla\u015fm\u0131\u015fd\u0131. O bildirmi\u015fdi ki, bunu d\u00f6vl\u0259t b\u00fcdc\u0259sind\u0259n son 5 il \u0259rzind\u0259 t\u0259hsil\u0259 ayr\u0131lan v\u0259saitin h\u0259cmind\u0259ki b\u00f6y\u00fck art\u0131mdan a\u00e7\u0131q \u015f\u0259kild\u0259 g\u00f6rm\u0259k olar:<\/p>\n<p>\u201c2020-ci il d\u00f6vl\u0259t b\u00fcdc\u0259sind\u0259 t\u0259hsil x\u0259rcl\u0259ri \u00fc\u00e7\u00fcn 3 milyard 155 milyon 800 min manat v\u0259sait ayr\u0131lacaq. Bu v\u0259sait 2019-cu ill\u0259 m\u00fcqayis\u0259d\u0259 38,3 faiz, yaxud 873,6 milyon manat \u00e7oxdur.<\/p>\n<p>2019-cu il d\u00f6vl\u0259t b\u00fcdc\u0259sind\u0259 t\u0259hsil sektoru \u00fczr\u0259 x\u0259rcl\u0259r 2 milyard 280 milyon manat, 2018-ci ild\u0259 2.043.989.508 manat, 2017-ci ild\u0259 is\u0259 1.859.499.497 manat olub\u201d.<\/p>\n<p>N\u00f6vb\u0259ti ild\u0259n m\u00fc\u0259lliml\u0259rin maa\u015flar\u0131n\u0131n artmas\u0131 bar\u0259d\u0259 is\u0259 T\u0259hsil Nazirliyind\u0259n r\u0259smi m\u00f6vqe bildirilm\u0259yib.<\/p>\n<p>Xat\u0131rladaq ki, 2020-ci il \u00fc\u00e7\u00fcn ya\u015fay\u0131\u015f minimumu \u00f6lk\u0259 \u00fczr\u0259 190 manat, \u0259m\u0259k qabiliyy\u0259tli \u0259hali \u00fc\u00e7\u00fcn 201 manat, pensiya\u00e7\u0131lar \u00fc\u00e7\u00fcn 157 manat, u\u015faqlar \u00fc\u00e7\u00fcn 170 manat, ehtiyac meyar\u0131 is\u0259 160 manat m\u0259bl\u0259\u011find\u0259 m\u00fc\u0259yy\u0259n edilib.BiG.AZ<\/p>\n","protected":false},"excerpt":{"rendered":"<p>G\u0259l\u0259n ild\u0259n pensiya, orta ayl\u0131q \u0259m\u0259khaqq\u0131, m\u00fcavin\u0259tl\u0259r v\u0259 b\u0259zi pe\u015f\u0259 sahibl\u0259rinin maa\u015flar\u0131n artmas\u0131 g\u00f6zl\u0259nilir. ARANTV.AZ-\u0131n m\u0259lumat\u0131na g\u00f6r\u0259, bununla ba\u011fl\u0131 dekabr ay\u0131n\u0131n 10-da \u018fm\u0259k v\u0259 \u018fhalinin Sosial M\u00fcdafi\u0259si nazirinin m\u00fcavini Anar K\u0259rimov bildirib ki, 2020-ci il yanvar\u0131n 1-d\u0259n pensiyalar (b\u00fct\u00fcn, o c\u00fcml\u0259d\u0259n minimum pensiya) orta ayl\u0131q \u0259m\u0259khaqlar\u0131n\u0131n art\u0131m\u0131 q\u0259d\u0259r \u2013 t\u0259xmin\u0259n 13-14 faiz\u0259 yax\u0131n art\u0131r\u0131lacaq. Ke\u00e7mi\u015f deputat Musa Quliyev is\u0259 dekabr ay\u0131n\u0131n 2-d\u0259 Az\u0259rbaycan Televiziyas\u0131n\u0131n \u201cTeles\u0259h\u0259r\u201d verili\u015find\u0259 bildirib ki, \u0259m\u0259k pensiyalar\u0131 haqq\u0131nda qanuna edil\u0259n son \u0259lav\u0259 v\u0259 d\u0259yi\u015fiklikl\u0259r\u0259 g\u00f6r\u0259 pensiyalar orta ayl\u0131q g\u0259lirin art\u0131m faizin\u0259 g\u00f6r\u0259 indeksl\u0259\u015fdirilir: \u201c2019-cu ild\u0259 bizim orta&hellip;<\/p>\n","protected":false},"author":2,"featured_media":106930,"comment_status":"closed","ping_status":"closed","sticky":false,"template":"","format":"standard","meta":{"om_disable_all_campaigns":false,"_monsterinsights_skip_tracking":false,"_monsterinsights_sitenote_active":false,"_monsterinsights_sitenote_note":"","_monsterinsights_sitenote_category":0},"categories":[1],"tags":[],"aioseo_notices":[],"gutentor_comment":0,"rttpg_featured_image_url":{"full":["https:\/\/arantv.az\/wp-content\/uploads\/2019\/12\/7a55dea3-7ff9-4107-8075-65f68e4a7c6f_640_91576224725.jpg",640,346,false],"landscape":["https:\/\/arantv.az\/wp-content\/uploads\/2019\/12\/7a55dea3-7ff9-4107-8075-65f68e4a7c6f_640_91576224725.jpg",640,346,false],"portraits":["https:\/\/arantv.az\/wp-content\/uploads\/2019\/12\/7a55dea3-7ff9-4107-8075-65f68e4a7c6f_640_91576224725.jpg",640,346,false],"thumbnail":["https:\/\/arantv.az\/wp-content\/uploads\/2019\/12\/7a55dea3-7ff9-4107-8075-65f68e4a7c6f_640_91576224725-150x150.jpg",150,150,true],"medium":["https:\/\/arantv.az\/wp-content\/uploads\/2019\/12\/7a55dea3-7ff9-4107-8075-65f68e4a7c6f_640_91576224725-300x162.jpg",300,162,true],"large":["https:\/\/arantv.az\/wp-content\/uploads\/2019\/12\/7a55dea3-7ff9-4107-8075-65f68e4a7c6f_640_91576224725.jpg",640,346,false],"1536x1536":["https:\/\/arantv.az\/wp-content\/uploads\/2019\/12\/7a55dea3-7ff9-4107-8075-65f68e4a7c6f_640_91576224725.jpg",640,346,false],"2048x2048":["https:\/\/arantv.az\/wp-content\/uploads\/2019\/12\/7a55dea3-7ff9-4107-8075-65f68e4a7c6f_640_91576224725.jpg",640,346,false],"post-thumbnail":["https:\/\/arantv.az\/wp-content\/uploads\/2019\/12\/7a55dea3-7ff9-4107-8075-65f68e4a7c6f_640_91576224725-240x172.jpg",240,172,true],"advps-thumb-one":["https:\/\/arantv.az\/wp-content\/uploads\/2019\/12\/7a55dea3-7ff9-4107-8075-65f68e4a7c6f_640_91576224725.jpg",640,346,false]},"rttpg_author":{"display_name":"V\u00fcsal Rafiqo\u011flu","author_link":"https:\/\/arantv.az\/?author=2"},"rttpg_comment":0,"rttpg_category":"<a href=\"https:\/\/arantv.az\/?cat=1\" rel=\"category\">C\u0259miyy\u0259t<\/a>","rttpg_excerpt":"G\u0259l\u0259n ild\u0259n pensiya, orta ayl\u0131q \u0259m\u0259khaqq\u0131, m\u00fcavin\u0259tl\u0259r v\u0259 b\u0259zi pe\u015f\u0259 sahibl\u0259rinin maa\u015flar\u0131n artmas\u0131 g\u00f6zl\u0259nilir. ARANTV.AZ-\u0131n m\u0259lumat\u0131na g\u00f6r\u0259, bununla ba\u011fl\u0131 dekabr ay\u0131n\u0131n 10-da \u018fm\u0259k v\u0259 \u018fhalinin Sosial M\u00fcdafi\u0259si nazirinin m\u00fcavini Anar K\u0259rimov bildirib ki, 2020-ci il yanvar\u0131n 1-d\u0259n pensiyalar (b\u00fct\u00fcn, o c\u00fcml\u0259d\u0259n minimum pensiya) orta ayl\u0131q \u0259m\u0259khaqlar\u0131n\u0131n art\u0131m\u0131 q\u0259d\u0259r \u2013 t\u0259xmin\u0259n 13-14 faiz\u0259 yax\u0131n art\u0131r\u0131lacaq. Ke\u00e7mi\u015f&hellip;","_links":{"self":[{"href":"https:\/\/arantv.az\/index.php?rest_route=\/wp\/v2\/posts\/106929"}],"collection":[{"href":"https:\/\/arantv.az\/index.php?rest_route=\/wp\/v2\/posts"}],"about":[{"href":"https:\/\/arantv.az\/index.php?rest_route=\/wp\/v2\/types\/post"}],"author":[{"embeddable":true,"href":"https:\/\/arantv.az\/index.php?rest_route=\/wp\/v2\/users\/2"}],"replies":[{"embeddable":true,"href":"https:\/\/arantv.az\/index.php?rest_route=%2Fwp%2Fv2%2Fcomments&post=106929"}],"version-history":[{"count":0,"href":"https:\/\/arantv.az\/index.php?rest_route=\/wp\/v2\/posts\/106929\/revisions"}],"wp:featuredmedia":[{"embeddable":true,"href":"https:\/\/arantv.az\/index.php?rest_route=\/wp\/v2\/media\/106930"}],"wp:attachment":[{"href":"https:\/\/arantv.az\/index.php?rest_route=%2Fwp%2Fv2%2Fmedia&parent=106929"}],"wp:term":[{"taxonomy":"category","embeddable":true,"href":"https:\/\/arantv.az\/index.php?rest_route=%2Fwp%2Fv2%2Fcategories&post=106929"},{"taxonomy":"post_tag","embeddable":true,"href":"https:\/\/arantv.az\/index.php?rest_route=%2Fwp%2Fv2%2Ftags&post=106929"}],"curies":[{"name":"wp","href":"https:\/\/api.w.org\/{rel}","templated":true}]}}