{"id":106957,"date":"2019-12-13T11:36:08","date_gmt":"2019-12-13T08:36:08","guid":{"rendered":"http:\/\/arantv.az\/?p=106957"},"modified":"2019-12-13T11:36:08","modified_gmt":"2019-12-13T08:36:08","slug":"islahatlara-alternativ-yoxdur","status":"publish","type":"post","link":"https:\/\/arantv.az\/?p=106957","title":{"rendered":"\u0130slahatlara alternativ yoxdur"},"content":{"rendered":"<p><strong>D\u00f6vl\u0259timizin ba\u015f\u00e7\u0131s\u0131 \u0130lham \u018fliyevin son F\u0259rman v\u0259 s\u0259r\u0259ncamlar\u0131 v\u0259t\u0259nda\u015f m\u0259mnunlu\u011funu\u00a0art\u0131rmaqla yana\u015f\u0131, \u00f6lk\u0259d\u0259 sabitliyin t\u0259minat\u00e7\u0131s\u0131 olan xalq-iqtidar birliyini daha da m\u00f6hk\u0259ml\u0259ndirir<\/strong><\/p>\n<p>Dayan\u0131ql\u0131 inki\u015faf\u0131n t\u0259min edilm\u0259si t\u0259kmil\u00a0 islahatlar\u0131n h\u0259yata ke\u00e7irilm\u0259sini \u0259sas t\u0259l\u0259b kimi qar\u015f\u0131ya qoyur. D\u00f6vl\u0259timizin ba\u015f\u00e7\u0131s\u0131 \u0130lham \u018fliyev bildirir: \u201c\u0130slahatlara alternativ yoxdur&#8230; Kadr islahatlar\u0131 lab\u00fcdd\u00fcr, bu, qa\u00e7\u0131lmazd\u0131r. \u00c7\u00fcnki m\u0259n bunu demi\u015f\u0259m, biz XXI \u0259srd\u0259 k\u00f6hn\u0259 t\u0259f\u0259kk\u00fcrl\u0259 u\u011furlara imza ata bilm\u0259rik. \u018flb\u0259tt\u0259, yeni, savadl\u0131, bilikli, m\u00fcasir kadrlar, ilk n\u00f6vb\u0259d\u0259, V\u0259t\u0259n\u0259 ba\u011fl\u0131 olmal\u0131d\u0131rlar, h\u0259r hans\u0131 bir xarici t\u0259sird\u0259n azad olmal\u0131d\u0131rlar v\u0259 v\u0259t\u0259np\u0259rv\u0259r olmal\u0131d\u0131rlar ki, V\u0259t\u0259nin inki\u015faf\u0131 \u00fc\u00e7\u00fcn \u00f6z s\u0259yl\u0259rini g\u00f6st\u0259r\u0259 bilsinl\u0259r.\u201d\u00a0 \u00d6lk\u0259 Prezidenti, eyni zamanda,\u00a0 bildirir ki,\u00a0 \u0259lb\u0259tt\u0259, h\u0259yat yerind\u0259 durmur. Qar\u015f\u0131m\u0131zda yeni \u00e7a\u011f\u0131r\u0131\u015flar, yeni v\u0259zif\u0259l\u0259r durur v\u0259 biz bu v\u0259zif\u0259l\u0259ri icra edirik. \u00c7\u00fcnki bu g\u00fcn Az\u0259rbaycan\u0131n u\u011furlu inki\u015faf\u0131 apar\u0131lan islahatlarla s\u0131x ba\u011fl\u0131d\u0131r.<\/p>\n<p>\u00d6lk\u0259mizd\u0259 iqtisadi v\u0259 siyasi islahatlar\u0131n v\u0259hd\u0259tliyinin qorunmas\u0131\u00a0 yeni-yeni h\u0259d\u0259fl\u0259rin m\u00fc\u0259yy\u0259nl\u0259\u015fdirilm\u0259sini \u015f\u0259rtl\u0259ndirir. C\u0259nab \u0130lham \u018fliyev d\u00fcnya t\u0259cr\u00fcb\u0259sin\u0259 istinad ed\u0259r\u0259k bu m\u00fcqayis\u0259ni apar\u0131r ki, el\u0259 \u00f6lk\u0259l\u0259r var ki, onlarda iqtisadi t\u0259r\u0259qqi y\u00fcks\u0259k s\u0259viyy\u0259d\u0259dir, amma demokratik inki\u015fafdan dan\u0131\u015fmaq qeyri-m\u00fcmk\u00fcnd\u00fcr. El\u0259 \u00f6lk\u0259l\u0259r d\u0259 var ki, demokratiyan\u0131n inki\u015faf s\u0259viyy\u0259si qaneedicidir, amma iqtisadi t\u0259r\u0259qqi a\u015fa\u011f\u0131 s\u0259viyy\u0259d\u0259dir. Bel\u0259 olan\u00a0 halda davaml\u0131 inki\u015fafdan b\u0259hs etm\u0259k m\u00fcmk\u00fcns\u00fczd\u00fcr. Lakin Az\u0259rbaycanda bu v\u0259hd\u0259tliyin qorunmas\u0131 u\u011furlar\u0131m\u0131z\u0131 t\u0259min edir,\u00a0 beyn\u0259lxalq maliyy\u0259 qurumlar\u0131n\u0131n hesabatlar\u0131nda islahat\u00e7\u0131 \u00f6lk\u0259 kimi m\u00f6vqeyini m\u00f6hk\u0259ml\u0259ndirir.<\/p>\n<p>Az\u0259rbaycan ilk g\u00fcnd\u0259n demokratik, h\u00fcquqi, d\u00fcny\u0259vi d\u00f6vl\u0259t quruculu\u011fu yolunu tutaraq bu istiqam\u0259td\u0259 m\u00fch\u00fcm u\u011furlara imza at\u0131b. \u00d6lk\u0259nin idar\u0259 olunmas\u0131nda\u00a0 \u0259h\u0259miyy\u0259tli rol oynayan qanunlar\u0131n q\u0259bulu v\u0259 zaman\u0131n t\u0259l\u0259bin\u0259 uy\u011fun t\u0259kmill\u0259\u015fdirilm\u0259si d\u0259 bu q\u0259bild\u0259ndir.\u00a0 Ulu \u00f6nd\u0259r Heyd\u0259r \u018fliyev bildirmi\u015fdir: \u201cH\u0259r bir qanunun arxas\u0131nda Az\u0259rbaycanda d\u00f6vl\u0259t quruculu\u011funu t\u0259min etm\u0259k, iqtisadi islahatlar\u0131 h\u0259yata ke\u00e7irm\u0259k, siyasi islahatlar\u0131 h\u0259yata ke\u00e7irm\u0259k, sosial islahatlar\u0131 h\u0259yata ke\u00e7irm\u0259k m\u0259s\u0259l\u0259l\u0259ri durur. Az\u0259rbaycan\u0131 ke\u00e7mi\u015f sosialist ictimai-siyasi, iqtisadi sistemind\u0259n yeni sistem\u0259 ke\u00e7irm\u0259k prosesini biz bu ill\u0259rd\u0259 apard\u0131q v\u0259 buna da nail olmu\u015fuq. M\u0259hz bunlar\u0131n n\u0259tic\u0259sind\u0259 indi Az\u0259rbaycanda demokratik, h\u00fcquqi d\u00f6vl\u0259t \u00f6z f\u0259aliyy\u0259tini u\u011furla h\u0259yata ke\u00e7irir. Az\u0259rbaycan xalq\u0131 bunlar\u0131n n\u0259tic\u0259sind\u0259 \u00f6z m\u00fcst\u0259qil \u00f6lk\u0259sind\u0259 tam azadl\u0131\u011fa \u00e7\u0131x\u0131bd\u0131r.\u201d<\/p>\n<p>Demokratiyan\u0131 \u015f\u0259rtl\u0259ndir\u0259n \u0259sas amill\u0259rd\u0259n biri kimi sabitliyin v\u0259 qanunun aliliyinin \u00f6lk\u0259mizd\u0259 y\u00fcks\u0259k s\u0259viyy\u0259d\u0259 t\u0259min olunmas\u0131 Az\u0259rbaycan\u0131n iqtisadi t\u0259r\u0259qqisin\u0259 geni\u015f yol a\u00e7d\u0131. Bel\u0259 ki, \u00f6lk\u0259mizl\u0259 \u0259m\u0259kda\u015fl\u0131qda maraql\u0131 olan d\u00f6vl\u0259tl\u0259rin say\u0131 daha da artd\u0131. Tarix\u0259 \u201c\u018fsrin m\u00fcqavil\u0259si\u201d kimi daxil olan neft sazi\u015fi bug\u00fcnk\u00fc u\u011furlar\u0131m\u0131z\u0131 \u015f\u0259rtl\u0259ndirdi. Neft\u00a0 g\u0259lirl\u0259rinin idar\u0259 olunmas\u0131nda \u015f\u0259ffafl\u0131\u011f\u0131n t\u0259min edilm\u0259si, \u0259dal\u0259t prinsipinin qorunmas\u0131 \u00f6lk\u0259mizin h\u0259rt\u0259r\u0259fli inki\u015faf\u0131na xidm\u0259t ed\u0259n\u00a0 sosial-iqtisadi layih\u0259l\u0259rin u\u011furlu icras\u0131na yol a\u00e7d\u0131. Qeyri-neft sektorunun inki\u015faf\u0131n\u0131 neft siyas\u0259tinin m\u0259ntiqi davam\u0131 kimi d\u0259y\u0259rl\u0259ndir\u0259n c\u0259nab\u00a0 \u0130lham \u018fliyev Prezident kimi f\u0259aliyy\u0259t\u0259 ba\u015flad\u0131\u011f\u0131 ilk g\u00fcnd\u0259n iqtisadiyyat\u0131n \u015fax\u0259l\u0259ndirilm\u0259sinin vacibliyini \u00f6n\u0259 \u00e7\u0259k\u0259r\u0259k, b\u00f6lg\u0259l\u0259rin malik oldu\u011fu potensial imkanlardan s\u0259m\u0259r\u0259li istifad\u0259 etm\u0259k m\u0259qs\u0259dil\u0259 regional inki\u015faf proqramlar\u0131n\u0131 t\u0259sdiql\u0259di v\u0259 u\u011furlu icras\u0131 h\u0259yata ke\u00e7irildi. Cari ilin \u0259vv\u0259lind\u0259 d\u00f6rd\u00fcnc\u00fc D\u00f6vl\u0259t Proqram\u0131 t\u0259sdiql\u0259n\u0259r\u0259k icras\u0131na ba\u015flan\u0131ld\u0131. D\u00f6vl\u0259t proqramlar\u0131nda,\u00a0 regionlar\u0131n sosial-iqtisadi inki\u015faf\u0131na dair \u0259lav\u0259 t\u0259dbirl\u0259rl\u0259 ba\u011fl\u0131 s\u0259r\u0259ncamlarda n\u0259z\u0259rd\u0259 tutulmu\u015f v\u0259zif\u0259l\u0259rin icras\u0131 \u00f6lk\u0259d\u0259 qeyri-neft sektorunun davaml\u0131 inki\u015faf\u0131n\u0131, regionlarda kommunal xidm\u0259tl\u0259rin v\u0259 sosial infrastruktur t\u0259minat\u0131n\u0131n keyfiyy\u0259tinin y\u00fcks\u0259ldilm\u0259sini, sahibkarl\u0131q m\u00fchitinin daha da yax\u015f\u0131la\u015fd\u0131r\u0131lmas\u0131n\u0131, investisiya qoyulu\u015funun artmas\u0131n\u0131, yeni m\u00fc\u0259ssis\u0259l\u0259rin, i\u015f yerl\u0259rinin a\u00e7\u0131lmas\u0131n\u0131 v\u0259\u00a0 \u0259halinin m\u0259\u015f\u011fullu\u011funun art\u0131r\u0131lmas\u0131n\u0131, yoxsulluq s\u0259viyy\u0259sinin azald\u0131lmas\u0131n\u0131 t\u0259min etdi.\u00a0 2004-2018-ci ill\u0259rd\u0259 \u00fc\u00e7 D\u00f6vl\u0259t Proqram\u0131n\u0131n u\u011furlu icras\u0131 n\u0259tic\u0259sind\u0259\u00a0 \u00fcmumi daxili m\u0259hsul 3,3 d\u0259f\u0259, o c\u00fcml\u0259d\u0259n qeyri-neft sektoru \u00fczr\u0259 2,8 d\u0259f\u0259, s\u0259naye \u00fczr\u0259 2,6 d\u0259f\u0259, k\u0259nd t\u0259s\u0259rr\u00fcfat\u0131 \u00fczr\u0259 1,7 d\u0259f\u0259 art\u0131b. Bu m\u00fcdd\u0259td\u0259 h\u0259yata ke\u00e7irilmi\u015f m\u0259qs\u0259dy\u00f6nl\u00fc t\u0259dbirl\u0259r n\u0259tic\u0259sind\u0259 \u00f6lk\u0259d\u0259 1,5 milyonu daimi olmaqla 2 milyondan \u00e7ox yeni i\u015f yeri, 100 mind\u0259n \u00e7ox m\u00fc\u0259ssis\u0259 yarad\u0131l\u0131b, i\u015fsizlik 5 faiz\u0259, yoxsulluq s\u0259viyy\u0259si is\u0259 5,1 faiz\u0259 enib. D\u00f6vl\u0259t proqramlar\u0131 \u00e7\u0259r\u00e7iv\u0259sind\u0259 g\u00f6r\u00fclm\u00fc\u015f geni\u015fmiqyasl\u0131 i\u015fl\u0259r regionlar\u0131n qar\u015f\u0131dak\u0131 ill\u0259rd\u0259 d\u0259 inki\u015faf\u0131 \u00fc\u00e7\u00fcn m\u00f6hk\u0259m z\u0259min yarad\u0131b. M\u0259hz bu t\u0259m\u0259l\u00a0 d\u00f6rd\u00fcnc\u00fc s\u0259n\u0259din u\u011furla icra edilm\u0259sini stimulla\u015fd\u0131r\u0131b. \u0130qtisadi islahatlar\u0131n \u0259sas istiqam\u0259tl\u0259rind\u0259n\u00a0 birinin qeyri-neft sektorunun inki\u015faf\u0131n\u0131n, enerji sektorundan as\u0131l\u0131l\u0131\u011f\u0131n minimuma endirilm\u0259sinin oldu\u011funu n\u0259z\u0259r\u0259 alsaq, IV D\u00f6vl\u0259t Proqram\u0131n\u0131n icras\u0131 n\u0259tic\u0259sind\u0259\u00a0\u00a0 cari ilin 6 ay\u0131nda 92 min yeni i\u015f yeri a\u00e7\u0131l\u0131b. Yeni i\u015f yerl\u0259rinin bir hiss\u0259si regionlarda a\u00e7\u0131lan \u00e7oxsayl\u0131 istehsal, emal, s\u0259naye, xidm\u0259t v\u0259 sosial obyektl\u0259rin pay\u0131na d\u00fc\u015f\u00fcr. Sahibkarl\u0131\u011f\u0131n inki\u015faf\u0131 istehsal\u0131n art\u0131m\u0131 il\u0259 b\u0259rab\u0259r, h\u0259m d\u0259 yeni i\u015f yerl\u0259ri dem\u0259kdir. Buna g\u00f6r\u0259 d\u0259 d\u00f6vl\u0259t regionlar\u0131n sosial-iqtisadi inki\u015faf\u0131 il\u0259 ba\u011fl\u0131 q\u0259bul edil\u0259n proqramlarda b\u00f6lg\u0259l\u0259rd\u0259 sahibkarl\u0131\u011f\u0131n inki\u015faf\u0131na x\u00fcsusi diqq\u0259t yetirir. Bel\u0259 hal h\u0259m iqtisadi inki\u015faf\u0131, h\u0259m d\u0259 \u0259halinin sosial m\u00fcdafi\u0259sini stimulla\u015fd\u0131r\u0131r.<\/p>\n<p>U\u011furlara yol a\u00e7an d\u00fc\u015f\u00fcn\u00fclm\u00fc\u015f v\u0259 m\u0259qs\u0259dy\u00f6nl\u00fc\u00a0 siyas\u0259t,\u00a0 ayr\u0131-ayr\u0131 sah\u0259l\u0259ri \u0259hat\u0259 ed\u0259n\u00a0 D\u00f6vl\u0259t proqramlar\u0131, \u0259n\u0259n\u0259y\u0259 uy\u011fun olaraq\u00a0\u00a0 h\u0259r ilin bir sah\u0259nin ad\u0131 il\u0259 ba\u011flanmas\u0131 v\u0259 bu istiqam\u0259td\u0259 t\u0259kmil islahatlar\u0131n h\u0259yata ke\u00e7irilm\u0259si Az\u0259rbaycan\u0131n beyn\u0259lxalq maliyy\u0259 qurumlar\u0131n\u0131n, reytinq agentlikl\u0259rinin hesabatlar\u0131nda da liderliyini qorumas\u0131n\u0131 \u015f\u0259rtl\u0259ndirir.\u00a0 \u0130nki\u015faf modeli d\u00fcnyaya n\u00fcmun\u0259 g\u00f6st\u0259ril\u0259n Az\u0259rbaycana bu g\u00fcn hans\u0131 t\u0259r\u0259fd\u0259n baxsaq t\u0259kmill\u0259\u015fm\u0259ni, yenil\u0259\u015fm\u0259ni g\u00f6r\u0259rik.<\/p>\n<p>\u0130dar\u0259etm\u0259 sistemind\u0259 t\u0259kmill\u0259\u015fm\u0259, kadr haz\u0131rl\u0131\u011f\u0131, d\u00f6vl\u0259timizin g\u0259ncl\u0259\u015fm\u0259 siyas\u0259ti yeni-yeni h\u0259d\u0259fl\u0259rin ger\u00e7\u0259kl\u0259\u015fm\u0259sini t\u0259min edir.\u00a0 Az\u0259rbaycan\u0131 inki\u015faf etmi\u015f \u00f6lk\u0259l\u0259r s\u0131ras\u0131nda g\u00f6rm\u0259k ist\u0259yimiz art\u0131q reall\u0131qd\u0131r. Kadrlarla yana\u015f\u0131, strukturlar\u0131n da yenil\u0259nm\u0259si, t\u0259kmill\u0259\u015fm\u0259si, h\u0259m d\u0259 c\u0259miyy\u0259tin b\u00fct\u00fcn z\u00fcmr\u0259l\u0259ri il\u0259 Prezident aras\u0131nda etibarl\u0131, s\u0259mimi, effektiv k\u00f6rp\u00fc kimi f\u0259aliyy\u0259t g\u00f6st\u0259r\u0259c\u0259yin\u0259 \u0259minlik yarad\u0131r. 2020-ci il\u0259 t\u0259kmil islahatlarla, yeni h\u0259d\u0259fl\u0259rl\u0259\u00a0 q\u0259d\u0259m qoyuruq.<\/p>\n<p>Noyabr\u0131n 28-d\u0259 Yeni Az\u0259rbaycan Partiyas\u0131n\u0131n Siyasi \u015euras\u0131n\u0131n parlamentin burax\u0131lmas\u0131 v\u0259 n\u00f6vb\u0259d\u0259nk\u0259nar parlament se\u00e7kil\u0259rinin ke\u00e7irilm\u0259si il\u0259 ba\u011fl\u0131 t\u0259\u015f\u0259bb\u00fcs\u00fc xalq t\u0259r\u0259find\u0259n b\u00f6y\u00fck d\u0259st\u0259k qazand\u0131. D\u00f6vl\u0259timizin ba\u015f\u00e7\u0131s\u0131 \u0130lham \u018fliyev bu d\u0259st\u0259y\u0259 s\u00f6yk\u0259n\u0259r\u0259k, h\u0259m\u00e7inin prosedur qaydalar\u0131na \u0259m\u0259l edilm\u0259si fonunda\u00a0 g\u0259l\u0259n il fevral\u0131n 9-da n\u00f6vb\u0259d\u0259nk\u0259nar parlament se\u00e7kil\u0259rinin ke\u00e7irilm\u0259si haqq\u0131nda F\u0259rman imzalad\u0131.<\/p>\n<p>Zaman amili islahatlar\u0131n s\u00fcr\u0259tini, d\u0259rinliyini, s\u0259m\u0259r\u0259liliyini t\u0259min etm\u0259k, \u00f6lk\u0259nin inki\u015faf\u0131, xalq\u0131n rifah\u0131n\u0131n y\u00fcks\u0259ldilm\u0259si istiqam\u0259tind\u0259 qar\u015f\u0131ya qoyulmu\u015f v\u0259zif\u0259l\u0259rin vaxt\u0131nda icras\u0131na nail olmaq \u00fc\u00e7\u00fcn ba\u015fl\u0131ca faktorlardan biridir. Se\u00e7kil\u0259rin vaxt\u0131n\u0131n \u00f6n\u0259 \u00e7\u0259kilm\u0259si m\u00fcasir \u00e7a\u011f\u0131r\u0131\u015flara adekvat parlamentin formala\u015fmas\u0131n\u0131 s\u00fcr\u0259tl\u0259ndirir v\u0259 islahatlar prosesinin davam\u0131na yeni impuls verir. T\u0259hlill\u0259rd\u0259 qeyd olundu\u011fu kimi, hakimiyy\u0259tin dig\u0259r qollar\u0131 kimi, qanunvericilik orqan\u0131n\u0131n f\u0259aliyy\u0259ti h\u0259m Az\u0259rbaycan\u0131n bug\u00fcnk\u00fc inki\u015faf s\u0259viyy\u0259sin\u0259, h\u0259m d\u0259 m\u00fcasir d\u00f6vr\u00fcn \u00e7a\u011f\u0131r\u0131\u015flar\u0131 v\u0259 qar\u015f\u0131da duran v\u0259zif\u0259l\u0259rin vaxt\u0131nda v\u0259 y\u00fcks\u0259k keyfiyy\u0259tl\u0259 yerin\u0259 yetirilm\u0259sin\u0259 adekvat olmal\u0131d\u0131r.<\/p>\n<p>Qeyd olunanlar fonunda bu \u00fcmumil\u0259\u015fdirm\u0259ni apara bil\u0259rik ki,\u00a0 icra, h\u00fcquq v\u0259\u00a0 qanunvericilik orqanlar\u0131nda h\u0259yata ke\u00e7iril\u0259n t\u0259kmill\u0259\u015fm\u0259, yenil\u0259\u015fm\u0259\u00a0 qar\u015f\u0131dak\u0131 ill\u0259r \u00fc\u00e7\u00fcn m\u00fc\u0259yy\u0259nl\u0259\u015fdiril\u0259n h\u0259d\u0259fl\u0259rin ger\u00e7\u0259kl\u0259\u015fm\u0259sin\u0259 y\u00f6n\u0259lib. T\u0259sdiq olunmu\u015f struktur m\u00fcasir d\u00f6vr\u00fcn \u00e7a\u011f\u0131r\u0131\u015flar\u0131na uy\u011fun yeni istiqam\u0259tl\u0259ri v\u0259 f\u0259aliyy\u0259t sferalar\u0131n\u0131 n\u0259z\u0259rd\u0259 tutur. Prezident Administrasiyas\u0131n\u0131n yeni strukturu s\u0259m\u0259r\u0259li idar\u0259\u00e7iliyi, q\u0259rarlar\u0131n \u00e7evik q\u0259bulunu v\u0259 onlar\u0131n icras\u0131na n\u0259zar\u0259tin g\u00fccl\u0259ndirilm\u0259sini t\u0259min ed\u0259c\u0259k.<\/p>\n<p>At\u0131lan h\u0259r bir add\u0131m iqtisadi t\u0259r\u0259qqini, g\u00fccl\u00fc sosial siyas\u0259ti t\u0259min etm\u0259kl\u0259 yana\u015f\u0131, v\u0259t\u0259nda\u015f m\u0259mnunlu\u011funu daha da art\u0131r\u0131r. Bu is\u0259 \u00f6z n\u00f6vb\u0259sind\u0259 \u00f6lk\u0259mizd\u0259 sabitliyin t\u0259minat\u00e7\u0131s\u0131 kimi d\u0259y\u0259rl\u0259ndiril\u0259n xalq-iqtidar birliyini daha da m\u00f6hk\u0259ml\u0259ndirir.<\/p>\n<p><strong>Yegan\u0259 \u018fliyeva,\u00a0<\/strong><em>\u201c\u0130ki sahil\u201d<\/em><\/p>\n","protected":false},"excerpt":{"rendered":"<p>D\u00f6vl\u0259timizin ba\u015f\u00e7\u0131s\u0131 \u0130lham \u018fliyevin son F\u0259rman v\u0259 s\u0259r\u0259ncamlar\u0131 v\u0259t\u0259nda\u015f m\u0259mnunlu\u011funu\u00a0art\u0131rmaqla yana\u015f\u0131, \u00f6lk\u0259d\u0259 sabitliyin t\u0259minat\u00e7\u0131s\u0131 olan xalq-iqtidar birliyini daha da m\u00f6hk\u0259ml\u0259ndirir Dayan\u0131ql\u0131 inki\u015faf\u0131n t\u0259min edilm\u0259si t\u0259kmil\u00a0 islahatlar\u0131n h\u0259yata ke\u00e7irilm\u0259sini \u0259sas t\u0259l\u0259b kimi qar\u015f\u0131ya qoyur. D\u00f6vl\u0259timizin ba\u015f\u00e7\u0131s\u0131 \u0130lham \u018fliyev bildirir: \u201c\u0130slahatlara alternativ yoxdur&#8230; Kadr islahatlar\u0131 lab\u00fcdd\u00fcr, bu, qa\u00e7\u0131lmazd\u0131r. \u00c7\u00fcnki m\u0259n bunu demi\u015f\u0259m, biz XXI \u0259srd\u0259 k\u00f6hn\u0259 t\u0259f\u0259kk\u00fcrl\u0259 u\u011furlara imza ata bilm\u0259rik. \u018flb\u0259tt\u0259, yeni, savadl\u0131, bilikli, m\u00fcasir kadrlar, ilk n\u00f6vb\u0259d\u0259, V\u0259t\u0259n\u0259 ba\u011fl\u0131 olmal\u0131d\u0131rlar, h\u0259r hans\u0131 bir xarici t\u0259sird\u0259n azad olmal\u0131d\u0131rlar v\u0259 v\u0259t\u0259np\u0259rv\u0259r olmal\u0131d\u0131rlar ki, V\u0259t\u0259nin inki\u015faf\u0131 \u00fc\u00e7\u00fcn \u00f6z s\u0259yl\u0259rini g\u00f6st\u0259r\u0259 bilsinl\u0259r.\u201d\u00a0 \u00d6lk\u0259 Prezidenti,&hellip;<\/p>\n","protected":false},"author":2,"featured_media":106958,"comment_status":"closed","ping_status":"closed","sticky":false,"template":"","format":"standard","meta":{"om_disable_all_campaigns":false,"_monsterinsights_skip_tracking":false,"_monsterinsights_sitenote_active":false,"_monsterinsights_sitenote_note":"","_monsterinsights_sitenote_category":0},"categories":[19],"tags":[],"aioseo_notices":[],"gutentor_comment":0,"rttpg_featured_image_url":{"full":["https:\/\/arantv.az\/wp-content\/uploads\/2019\/12\/6600e06f157622090053802339110536986.jpg",975,540,false],"landscape":["https:\/\/arantv.az\/wp-content\/uploads\/2019\/12\/6600e06f157622090053802339110536986.jpg",975,540,false],"portraits":["https:\/\/arantv.az\/wp-content\/uploads\/2019\/12\/6600e06f157622090053802339110536986.jpg",975,540,false],"thumbnail":["https:\/\/arantv.az\/wp-content\/uploads\/2019\/12\/6600e06f157622090053802339110536986-150x150.jpg",150,150,true],"medium":["https:\/\/arantv.az\/wp-content\/uploads\/2019\/12\/6600e06f157622090053802339110536986-300x166.jpg",300,166,true],"large":["https:\/\/arantv.az\/wp-content\/uploads\/2019\/12\/6600e06f157622090053802339110536986.jpg",640,354,false],"1536x1536":["https:\/\/arantv.az\/wp-content\/uploads\/2019\/12\/6600e06f157622090053802339110536986.jpg",975,540,false],"2048x2048":["https:\/\/arantv.az\/wp-content\/uploads\/2019\/12\/6600e06f157622090053802339110536986.jpg",975,540,false],"post-thumbnail":["https:\/\/arantv.az\/wp-content\/uploads\/2019\/12\/6600e06f157622090053802339110536986-240x172.jpg",240,172,true],"advps-thumb-one":["https:\/\/arantv.az\/wp-content\/uploads\/2019\/12\/6600e06f157622090053802339110536986.jpg",975,540,false]},"rttpg_author":{"display_name":"V\u00fcsal Rafiqo\u011flu","author_link":"https:\/\/arantv.az\/?author=2"},"rttpg_comment":0,"rttpg_category":"<a href=\"https:\/\/arantv.az\/?cat=19\" rel=\"category\">G\u00fcnd\u0259m<\/a>","rttpg_excerpt":"D\u00f6vl\u0259timizin ba\u015f\u00e7\u0131s\u0131 \u0130lham \u018fliyevin son F\u0259rman v\u0259 s\u0259r\u0259ncamlar\u0131 v\u0259t\u0259nda\u015f m\u0259mnunlu\u011funu\u00a0art\u0131rmaqla yana\u015f\u0131, \u00f6lk\u0259d\u0259 sabitliyin t\u0259minat\u00e7\u0131s\u0131 olan xalq-iqtidar birliyini daha da m\u00f6hk\u0259ml\u0259ndirir Dayan\u0131ql\u0131 inki\u015faf\u0131n t\u0259min edilm\u0259si t\u0259kmil\u00a0 islahatlar\u0131n h\u0259yata ke\u00e7irilm\u0259sini \u0259sas t\u0259l\u0259b kimi qar\u015f\u0131ya qoyur. D\u00f6vl\u0259timizin ba\u015f\u00e7\u0131s\u0131 \u0130lham \u018fliyev bildirir: \u201c\u0130slahatlara alternativ yoxdur&#8230; Kadr islahatlar\u0131 lab\u00fcdd\u00fcr, bu, qa\u00e7\u0131lmazd\u0131r. \u00c7\u00fcnki m\u0259n bunu demi\u015f\u0259m, biz XXI \u0259srd\u0259 k\u00f6hn\u0259 t\u0259f\u0259kk\u00fcrl\u0259&hellip;","_links":{"self":[{"href":"https:\/\/arantv.az\/index.php?rest_route=\/wp\/v2\/posts\/106957"}],"collection":[{"href":"https:\/\/arantv.az\/index.php?rest_route=\/wp\/v2\/posts"}],"about":[{"href":"https:\/\/arantv.az\/index.php?rest_route=\/wp\/v2\/types\/post"}],"author":[{"embeddable":true,"href":"https:\/\/arantv.az\/index.php?rest_route=\/wp\/v2\/users\/2"}],"replies":[{"embeddable":true,"href":"https:\/\/arantv.az\/index.php?rest_route=%2Fwp%2Fv2%2Fcomments&post=106957"}],"version-history":[{"count":0,"href":"https:\/\/arantv.az\/index.php?rest_route=\/wp\/v2\/posts\/106957\/revisions"}],"wp:featuredmedia":[{"embeddable":true,"href":"https:\/\/arantv.az\/index.php?rest_route=\/wp\/v2\/media\/106958"}],"wp:attachment":[{"href":"https:\/\/arantv.az\/index.php?rest_route=%2Fwp%2Fv2%2Fmedia&parent=106957"}],"wp:term":[{"taxonomy":"category","embeddable":true,"href":"https:\/\/arantv.az\/index.php?rest_route=%2Fwp%2Fv2%2Fcategories&post=106957"},{"taxonomy":"post_tag","embeddable":true,"href":"https:\/\/arantv.az\/index.php?rest_route=%2Fwp%2Fv2%2Ftags&post=106957"}],"curies":[{"name":"wp","href":"https:\/\/api.w.org\/{rel}","templated":true}]}}