{"id":106969,"date":"2019-12-13T12:05:39","date_gmt":"2019-12-13T09:05:39","guid":{"rendered":"http:\/\/arantv.az\/?p=106969"},"modified":"2019-12-13T12:05:39","modified_gmt":"2019-12-13T09:05:39","slug":"h%c9%99rbi-qulluqcularin-icbari-s%c9%99xsi-sigortasi-v%c9%99-pensiya-t%c9%99minati-il%c9%99-bagli-s%c9%99r%c9%99ncam","status":"publish","type":"post","link":"https:\/\/arantv.az\/?p=106969","title":{"rendered":"H\u0259rbi qulluq\u00e7ular\u0131n icbari \u015f\u0259xsi s\u0131\u011fortas\u0131 v\u0259 pensiya t\u0259minat\u0131 il\u0259 ba\u011fl\u0131 &#8211; S\u018fR\u018fNCAM"},"content":{"rendered":"<p>\u018fdliyy\u0259 Nazirliyi M\u00fcdafi\u0259 Nazirliyi, \u018fm\u0259k v\u0259 \u018fhalinin Sosial M\u00fcdafi\u0259si Nazirliyi v\u0259 icra prosesind\u0259 m\u00fc\u0259yy\u0259n edil\u0259c\u0259k dig\u0259r aidiyy\u0259ti d\u00f6vl\u0259t orqanlar\u0131 (d\u00f6vl\u0259tin h\u00fcquqi \u015f\u0259xsl\u0259ri) il\u0259 raz\u0131la\u015fd\u0131rmaqla Az\u0259rbaycan qanunlar\u0131n\u0131n Prezidentin aktlar\u0131n\u0131n \u201cH\u0259rbi qulluq\u00e7ular\u0131n d\u00f6vl\u0259t icbari \u015f\u0259xsi s\u0131\u011fortas\u0131 haqq\u0131nda\u201d v\u0259 \u201c\u018fm\u0259k pensiyalar\u0131 haqq\u0131nda\u201d qanunlara uy\u011funla\u015fd\u0131r\u0131lmas\u0131 il\u0259 ba\u011fl\u0131 t\u0259klifl\u0259rini iki ay m\u00fcdd\u0259tind\u0259 Nazirl\u0259r Kabinetin\u0259 t\u0259qdim etm\u0259lidir.<\/p>\n<p><b>ARANTV.AZ<\/b>-\u0131n x\u0259b\u0259rin\u0259 g\u00f6r\u0259, bu bar\u0259d\u0259 Ba\u015f nazir \u018fli \u018fs\u0259dov s\u0259r\u0259ncam imzalay\u0131b.<\/p>\n<p>S\u0259r\u0259ncamda bildirilib ki, raz\u0131la\u015fma prosesinin i\u015ftirak\u00e7\u0131lar\u0131 (\u0259sas v\u0259 birg\u0259 icra\u00e7\u0131lar) bu s\u0259r\u0259ncam\u0131n icras\u0131 il\u0259 ba\u011fl\u0131 normayaratma v\u0259zif\u0259l\u0259rind\u0259n ir\u0259li g\u0259l\u0259n m\u0259s\u0259l\u0259l\u0259r \u00fczr\u0259 (layih\u0259 v\u0259 t\u0259klifl\u0259rin bax\u0131lmas\u0131, haz\u0131rlanmas\u0131, raz\u0131la\u015fd\u0131r\u0131lmas\u0131, t\u0259qdim edilm\u0259si v\u0259 s.) m\u00fcvafiq t\u0259dbirl\u0259r g\u00f6r\u00fcb icra v\u0259ziyy\u0259ti t\u0259l\u0259b etdikd\u0259, m\u0259lumatlar\u0131 icra \u00fc\u00e7\u00fcn ayr\u0131lm\u0131\u015f m\u00fcdd\u0259tin birinci yar\u0131s\u0131 ba\u015fa \u00e7atanad\u0259k Nazirl\u0259r Kabinetin\u0259 t\u0259qdim etsinl\u0259r.<\/p>\n<p>Eyni zamanda, h\u00fcquqi aktlar\u0131n layih\u0259l\u0259rini \u0259sas icra\u00e7\u0131ya t\u0259qdim ed\u0259n subyektl\u0259r \u201cNormativ h\u00fcquqi aktlar haqq\u0131nda\u201d Konstitusiya qanununun m\u00fcvafiq olaraq 48.2-ci, 48.3-c\u00fc v\u0259 48.5-ci madd\u0259l\u0259rinin t\u0259l\u0259bl\u0259rin\u0259 \u0259m\u0259l edilm\u0259sini t\u0259min etm\u0259lidirl\u0259r.<\/p>\n<p>Qeyd olunub ki, m\u0259rk\u0259zi icra hakimiyy\u0259ti orqanlar\u0131 \u00fc\u00e7 aydan gec olmayaraq\u00a0\u00f6z s\u0259lahiyy\u0259tl\u0259ri daxilind\u0259 normayaratma v\u0259zif\u0259l\u0259rind\u0259n ir\u0259li g\u0259l\u0259n t\u0259dbirl\u0259r g\u00f6rs\u00fcn.<\/p>\n<p>H\u0259m\u00e7inin normativ h\u00fcquqi aktlar\u0131n\u0131 v\u0259 ya t\u0259klifl\u0259rinin olmad\u0131\u011f\u0131 bar\u0259d\u0259 m\u0259lumat\u0131 \u018fdliyy\u0259 Nazirliyin\u0259 t\u0259qdim etm\u0259li v\u0259 icra v\u0259ziyy\u0259ti t\u0259l\u0259b etdikd\u0259, Nazirl\u0259r Kabinetin\u0259 m\u0259lumat verm\u0259lidirl\u0259r<\/p>\n<p>\u018fdliyy\u0259 Nazirliyi m\u0259rk\u0259zi icra hakimiyy\u0259ti orqanlar\u0131n\u0131n normativ h\u00fcquqi aktlar\u0131n\u0131n v\u0259 normativ xarakterli aktlar\u0131n Qanuna uy\u011funla\u015fd\u0131r\u0131lmas\u0131n\u0131 t\u0259min edib, bu bar\u0259d\u0259 d\u00f6rd ay m\u00fcdd\u0259tind\u0259 Nazirl\u0259r Kabinetin\u0259 m\u0259lumat verm\u0259lidir.<\/p>\n<p>Qeyd ed\u0259k ki, Ba\u015f nazirin s\u0259r\u0259ncam\u0131 Prezidentin \u201cH\u0259rbi qulluq\u00e7ular\u0131n d\u00f6vl\u0259t icbari \u015f\u0259xsi s\u0131\u011fortas\u0131 haqq\u0131nda\u201d v\u0259 \u201c\u018fm\u0259k pensiyalar\u0131 haqq\u0131nda\u201d qanunlarda d\u0259yi\u015fiklik edilm\u0259si bar\u0259d\u0259\u201d 2019-cu il 12 noyabr tarixli n\u00f6mr\u0259li s\u0259r\u0259ncam\u0131n\u0131n icras\u0131n\u0131 t\u0259min etm\u0259k m\u0259qs\u0259dil\u0259 verilib.<\/p>\n<p>M\u0259lumat \u00fc\u00e7\u00fcn bildir\u0259k ki, \u201cH\u0259rbi qulluq\u00e7ular\u0131n d\u00f6vl\u0259t icbari \u015f\u0259xsi s\u0131\u011fortas\u0131 haqq\u0131nda\u201d qanunun 2-ci madd\u0259sin\u0259 edil\u0259n d\u0259yi\u015fikliy\u0259 g\u00f6r\u0259, \u201cAz\u0259rbaycan Respublikas\u0131n\u0131n qanunvericiliyin\u0259 m\u00fcvafiq sur\u0259td\u0259 yarad\u0131lm\u0131\u015f dig\u0259r qo\u015fun birl\u0259\u015fm\u0259l\u0259rind\u0259\u201d s\u00f6zl\u0259ri \u201ch\u0259rbi xidm\u0259t n\u0259z\u0259rd\u0259 tutulmu\u015f dig\u0259r d\u00f6vl\u0259t orqanlar\u0131nda (d\u00f6vl\u0259t orqanlar\u0131n\u0131n strukturuna daxil olan qurumlarda)\u201d s\u00f6zl\u0259ri il\u0259 \u0259v\u0259z edilib.<\/p>\n<p>Eyni m\u0259zmunlu d\u00fcz\u0259li\u015fl\u0259r bu qanunun 7-ci madd\u0259sind\u0259 v\u0259 \u201c\u018fm\u0259k pensiyalar\u0131 haqq\u0131nda\u201d qanunun 21.2.3-c\u00fc madd\u0259sind\u0259 edilib.<\/p>\n<p>Bununla yana\u015f\u0131, \u201ch\u0259rbi qulluq\u00e7ular\u201d anlay\u0131\u015f\u0131n\u0131n m\u0259zmunu yenil\u0259n\u0259r\u0259k \u201cAz\u0259rbaycan Respublikas\u0131 Silahl\u0131 Q\u00fcvv\u0259l\u0259rind\u0259 v\u0259 h\u0259rbi xidm\u0259t n\u0259z\u0259rd\u0259 tutulmu\u015f dig\u0259r d\u00f6vl\u0259t orqanlar\u0131nda (d\u00f6vl\u0259t orqanlar\u0131n\u0131n strukturuna daxil olan qurumlarda) xidm\u0259t ed\u0259n h\u0259rbi r\u00fctb\u0259li \u015f\u0259xsl\u0259r\u201d kimi verilib.<\/p>\n<p>Qanunlara d\u0259yi\u015fiklikl\u0259r \u201cH\u0259rbi v\u0259zif\u0259 v\u0259 h\u0259rbi xidm\u0259t haqq\u0131nda\u201d qanunda d\u0259yi\u015fiklik edilm\u0259si bar\u0259d\u0259 2018-ci il 12 oktyabr tarixli qanunun icras\u0131n\u0131 t\u0259min etm\u0259k m\u0259qs\u0259di da\u015f\u0131y\u0131r.<\/p>\n<p>H\u0259min qanunda h\u0259rbi qulluq\u00e7ular\u0131n yaln\u0131z Az\u0259rbaycan Silahl\u0131 Q\u00fcvv\u0259l\u0259rind\u0259 deyil, habel\u0259 h\u0259rbi xidm\u0259t n\u0259z\u0259rd\u0259 tutulmu\u015f dig\u0259r d\u00f6vl\u0259t orqanlar\u0131nda da (d\u00f6vl\u0259t orqanlar\u0131n\u0131n strukturuna daxil olan qurumlarda) xidm\u0259t ke\u00e7m\u0259si m\u00fc\u0259yy\u0259n olunub.<\/p>\n<p>D\u0259yi\u015fiklikl\u0259r bel\u0259 qurumlar\u0131n h\u0259rbi qulluq\u00e7ular\u0131n\u0131n d\u00f6vl\u0259t icbari \u015f\u0259xsi s\u0131\u011fortas\u0131 v\u0259 pensiya t\u0259minat\u0131n\u0131n \u0259vv\u0259lki qaydada saxlan\u0131lmas\u0131na xidm\u0259t edir.Oxu.Az<\/p>\n","protected":false},"excerpt":{"rendered":"<p>\u018fdliyy\u0259 Nazirliyi M\u00fcdafi\u0259 Nazirliyi, \u018fm\u0259k v\u0259 \u018fhalinin Sosial M\u00fcdafi\u0259si Nazirliyi v\u0259 icra prosesind\u0259 m\u00fc\u0259yy\u0259n edil\u0259c\u0259k dig\u0259r aidiyy\u0259ti d\u00f6vl\u0259t orqanlar\u0131 (d\u00f6vl\u0259tin h\u00fcquqi \u015f\u0259xsl\u0259ri) il\u0259 raz\u0131la\u015fd\u0131rmaqla Az\u0259rbaycan qanunlar\u0131n\u0131n Prezidentin aktlar\u0131n\u0131n \u201cH\u0259rbi qulluq\u00e7ular\u0131n d\u00f6vl\u0259t icbari \u015f\u0259xsi s\u0131\u011fortas\u0131 haqq\u0131nda\u201d v\u0259 \u201c\u018fm\u0259k pensiyalar\u0131 haqq\u0131nda\u201d qanunlara uy\u011funla\u015fd\u0131r\u0131lmas\u0131 il\u0259 ba\u011fl\u0131 t\u0259klifl\u0259rini iki ay m\u00fcdd\u0259tind\u0259 Nazirl\u0259r Kabinetin\u0259 t\u0259qdim etm\u0259lidir. ARANTV.AZ-\u0131n x\u0259b\u0259rin\u0259 g\u00f6r\u0259, bu bar\u0259d\u0259 Ba\u015f nazir \u018fli \u018fs\u0259dov s\u0259r\u0259ncam imzalay\u0131b. S\u0259r\u0259ncamda bildirilib ki, raz\u0131la\u015fma prosesinin i\u015ftirak\u00e7\u0131lar\u0131 (\u0259sas v\u0259 birg\u0259 icra\u00e7\u0131lar) bu s\u0259r\u0259ncam\u0131n icras\u0131 il\u0259 ba\u011fl\u0131 normayaratma v\u0259zif\u0259l\u0259rind\u0259n ir\u0259li g\u0259l\u0259n m\u0259s\u0259l\u0259l\u0259r \u00fczr\u0259 (layih\u0259 v\u0259 t\u0259klifl\u0259rin bax\u0131lmas\u0131, haz\u0131rlanmas\u0131, raz\u0131la\u015fd\u0131r\u0131lmas\u0131, t\u0259qdim&hellip;<\/p>\n","protected":false},"author":2,"featured_media":106970,"comment_status":"closed","ping_status":"closed","sticky":false,"template":"","format":"standard","meta":{"om_disable_all_campaigns":false,"_monsterinsights_skip_tracking":false,"_monsterinsights_sitenote_active":false,"_monsterinsights_sitenote_note":"","_monsterinsights_sitenote_category":0},"categories":[1],"tags":[],"aioseo_notices":[],"gutentor_comment":0,"rttpg_featured_image_url":{"full":["https:\/\/arantv.az\/wp-content\/uploads\/2019\/12\/2.jpg",620,413,false],"landscape":["https:\/\/arantv.az\/wp-content\/uploads\/2019\/12\/2.jpg",620,413,false],"portraits":["https:\/\/arantv.az\/wp-content\/uploads\/2019\/12\/2.jpg",620,413,false],"thumbnail":["https:\/\/arantv.az\/wp-content\/uploads\/2019\/12\/2-150x150.jpg",150,150,true],"medium":["https:\/\/arantv.az\/wp-content\/uploads\/2019\/12\/2-300x200.jpg",300,200,true],"large":["https:\/\/arantv.az\/wp-content\/uploads\/2019\/12\/2.jpg",620,413,false],"1536x1536":["https:\/\/arantv.az\/wp-content\/uploads\/2019\/12\/2.jpg",620,413,false],"2048x2048":["https:\/\/arantv.az\/wp-content\/uploads\/2019\/12\/2.jpg",620,413,false],"post-thumbnail":["https:\/\/arantv.az\/wp-content\/uploads\/2019\/12\/2-240x172.jpg",240,172,true],"advps-thumb-one":["https:\/\/arantv.az\/wp-content\/uploads\/2019\/12\/2.jpg",620,413,false]},"rttpg_author":{"display_name":"V\u00fcsal Rafiqo\u011flu","author_link":"https:\/\/arantv.az\/?author=2"},"rttpg_comment":0,"rttpg_category":"<a href=\"https:\/\/arantv.az\/?cat=1\" rel=\"category\">C\u0259miyy\u0259t<\/a>","rttpg_excerpt":"\u018fdliyy\u0259 Nazirliyi M\u00fcdafi\u0259 Nazirliyi, \u018fm\u0259k v\u0259 \u018fhalinin Sosial M\u00fcdafi\u0259si Nazirliyi v\u0259 icra prosesind\u0259 m\u00fc\u0259yy\u0259n edil\u0259c\u0259k dig\u0259r aidiyy\u0259ti d\u00f6vl\u0259t orqanlar\u0131 (d\u00f6vl\u0259tin h\u00fcquqi \u015f\u0259xsl\u0259ri) il\u0259 raz\u0131la\u015fd\u0131rmaqla Az\u0259rbaycan qanunlar\u0131n\u0131n Prezidentin aktlar\u0131n\u0131n \u201cH\u0259rbi qulluq\u00e7ular\u0131n d\u00f6vl\u0259t icbari \u015f\u0259xsi s\u0131\u011fortas\u0131 haqq\u0131nda\u201d v\u0259 \u201c\u018fm\u0259k pensiyalar\u0131 haqq\u0131nda\u201d qanunlara uy\u011funla\u015fd\u0131r\u0131lmas\u0131 il\u0259 ba\u011fl\u0131 t\u0259klifl\u0259rini iki ay m\u00fcdd\u0259tind\u0259 Nazirl\u0259r Kabinetin\u0259 t\u0259qdim etm\u0259lidir. ARANTV.AZ-\u0131n x\u0259b\u0259rin\u0259 g\u00f6r\u0259, bu&hellip;","_links":{"self":[{"href":"https:\/\/arantv.az\/index.php?rest_route=\/wp\/v2\/posts\/106969"}],"collection":[{"href":"https:\/\/arantv.az\/index.php?rest_route=\/wp\/v2\/posts"}],"about":[{"href":"https:\/\/arantv.az\/index.php?rest_route=\/wp\/v2\/types\/post"}],"author":[{"embeddable":true,"href":"https:\/\/arantv.az\/index.php?rest_route=\/wp\/v2\/users\/2"}],"replies":[{"embeddable":true,"href":"https:\/\/arantv.az\/index.php?rest_route=%2Fwp%2Fv2%2Fcomments&post=106969"}],"version-history":[{"count":0,"href":"https:\/\/arantv.az\/index.php?rest_route=\/wp\/v2\/posts\/106969\/revisions"}],"wp:featuredmedia":[{"embeddable":true,"href":"https:\/\/arantv.az\/index.php?rest_route=\/wp\/v2\/media\/106970"}],"wp:attachment":[{"href":"https:\/\/arantv.az\/index.php?rest_route=%2Fwp%2Fv2%2Fmedia&parent=106969"}],"wp:term":[{"taxonomy":"category","embeddable":true,"href":"https:\/\/arantv.az\/index.php?rest_route=%2Fwp%2Fv2%2Fcategories&post=106969"},{"taxonomy":"post_tag","embeddable":true,"href":"https:\/\/arantv.az\/index.php?rest_route=%2Fwp%2Fv2%2Ftags&post=106969"}],"curies":[{"name":"wp","href":"https:\/\/api.w.org\/{rel}","templated":true}]}}