{"id":106981,"date":"2019-12-13T12:07:56","date_gmt":"2019-12-13T09:07:56","guid":{"rendered":"http:\/\/arantv.az\/?p=106981"},"modified":"2019-12-13T12:07:56","modified_gmt":"2019-12-13T09:07:56","slug":"%c9%99cn%c9%99bi-qadinlarin-c%c9%99tin-sinagi-model-olmaga-cagirib-fahis%c9%99liy%c9%99-m%c9%99cbur-etdil%c9%99r","status":"publish","type":"post","link":"https:\/\/arantv.az\/?p=106981","title":{"rendered":"\u018fcn\u0259bi qad\u0131nlar\u0131n \u201c\u00c7\u0259tin\u201d s\u0131na\u011f\u0131: Model olma\u011fa \u00e7a\u011f\u0131r\u0131b, fahi\u015f\u0259liy\u0259 m\u0259cbur etdil\u0259r"},"content":{"rendered":"<p>T\u00fcrkiy\u0259d\u0259 qad\u0131nlar\u0131 fahi\u015f\u0259liy\u0259 m\u0259cbur\u00a0ed\u0259n d\u0259st\u0259 tutulub.<\/p>\n<p>Bel\u0259 ki, \u0130stanbul T\u0259hl\u00fck\u0259sizlik \u0130dar\u0259sinin Miqrant Qa\u00e7aq\u00e7\u0131l\u0131\u011f\u0131 v\u0259 \u0130nsan Alverin\u0259 qar\u015f\u0131 M\u00fcbariz\u0259 \u0130dar\u0259sinin \u0259m\u0259kda\u015flar\u0131 Silivrid\u0259 fahi\u015f\u0259likl\u0259 m\u0259\u015f\u011ful olan xarici v\u0259t\u0259nda\u015f\u0131n ifad\u0259si il\u0259 ba\u011fl\u0131 istintaqa ba\u015flay\u0131blar.<\/p>\n<p>Sondakika.com-un x\u0259b\u0259rin\u0259 g\u00f6r\u0259, qad\u0131nlar\u0131 zorla fahi\u015f\u0259liy\u0259 m\u0259cbur ed\u0259n d\u0259st\u0259 ba\u015f\u00e7\u0131s\u0131, \u201c\u00c7\u0259tin\u201d l\u0259q\u0259bli, 32 ya\u015fl\u0131 \u00d6.M. v\u0259 onun 13 n\u0259f\u0259rlik cinay\u0259tkar d\u0259st\u0259si polis t\u0259r\u0259find\u0259n \u00fc\u00e7 ay m\u00fcdd\u0259tind\u0259 izl\u0259nilib.<\/p>\n<p>Polisin xilas etdiyi qad\u0131nlar\u0131n ifad\u0259l\u0259rind\u0259n m\u0259lum olub ki, d\u0259st\u0259 \u00fczvl\u0259ri f\u0259rqli yollarla tan\u0131\u015f olduqlar\u0131 xarici \u00f6lk\u0259 v\u0259t\u0259nda\u015flar\u0131n\u0131 i\u015f ad\u0131 il\u0259 T\u00fcrkiy\u0259y\u0259 \u00e7a\u011f\u0131r\u0131blar.<\/p>\n<p>Daha sonra xarici qad\u0131nlara model olacaqlar\u0131 il\u0259 ba\u011fl\u0131 m\u00fcqavil\u0259 imzaladan cinay\u0259tkarlar onlar\u0131 zorla fahi\u015f\u0259liy\u0259 c\u0259lb edibl\u0259r.<\/p>\n<p>Qa\u00e7ma\u011fa \u00e7al\u0131\u015fanlar is\u0259 d\u00f6y\u00fcl\u00fcb, \u00fcstl\u0259rin\u0259 qaynar su t\u00f6k\u00fcl\u0259r\u0259k i\u015fg\u0259nc\u0259 verilib v\u0259 xaricd\u0259 ya\u015fayan ail\u0259 \u00fczvl\u0259rinin \u00f6ld\u00fcr\u00fclm\u0259si il\u0259 \u015fantaj olunublar.<\/p>\n<p>M\u00fc\u0259yy\u0259n olunub ki, d\u0259st\u0259nin \u00f6lk\u0259 xaricind\u0259 \u0259laq\u0259l\u0259rini t\u0259\u015fkil ed\u0259n adam \u00d6zb\u0259kistanda ya\u015fayan \u201cD\u0259d\u0259\u201d l\u0259q\u0259bli M.A. olub.<\/p>\n<p>D\u0259st\u0259 \u00fczvl\u0259rinin ba\u015f\u00e7\u0131lar\u0131 da daxil olmaqla 11 \u00fczv\u00fc n\u0259zar\u0259t\u0259 g\u00f6t\u00fcr\u00fcl\u00fcb.<\/p>\n<p>Bir hiss\u0259si \u00d6zb\u0259kistana qa\u00e7maq ist\u0259y\u0259nd\u0259, dig\u0259rl\u0259ri is\u0259 d\u00f6rd m\u0259nzil\u0259 h\u00fccum zaman\u0131 polisl\u0259r t\u0259r\u0259find\u0259n tutulan \u015f\u00fcbh\u0259lil\u0259rin s\u0259kkizi h\u0259bs olunub.<\/p>\n<p>N\u0259tic\u0259d\u0259,\u00a021 \u0259cn\u0259bi qad\u0131n xilas edilib.<\/p>\n","protected":false},"excerpt":{"rendered":"<p>T\u00fcrkiy\u0259d\u0259 qad\u0131nlar\u0131 fahi\u015f\u0259liy\u0259 m\u0259cbur\u00a0ed\u0259n d\u0259st\u0259 tutulub. Bel\u0259 ki, \u0130stanbul T\u0259hl\u00fck\u0259sizlik \u0130dar\u0259sinin Miqrant Qa\u00e7aq\u00e7\u0131l\u0131\u011f\u0131 v\u0259 \u0130nsan Alverin\u0259 qar\u015f\u0131 M\u00fcbariz\u0259 \u0130dar\u0259sinin \u0259m\u0259kda\u015flar\u0131 Silivrid\u0259 fahi\u015f\u0259likl\u0259 m\u0259\u015f\u011ful olan xarici v\u0259t\u0259nda\u015f\u0131n ifad\u0259si il\u0259 ba\u011fl\u0131 istintaqa ba\u015flay\u0131blar. Sondakika.com-un x\u0259b\u0259rin\u0259 g\u00f6r\u0259, qad\u0131nlar\u0131 zorla fahi\u015f\u0259liy\u0259 m\u0259cbur ed\u0259n d\u0259st\u0259 ba\u015f\u00e7\u0131s\u0131, \u201c\u00c7\u0259tin\u201d l\u0259q\u0259bli, 32 ya\u015fl\u0131 \u00d6.M. v\u0259 onun 13 n\u0259f\u0259rlik cinay\u0259tkar d\u0259st\u0259si polis t\u0259r\u0259find\u0259n \u00fc\u00e7 ay m\u00fcdd\u0259tind\u0259 izl\u0259nilib. Polisin xilas etdiyi qad\u0131nlar\u0131n ifad\u0259l\u0259rind\u0259n m\u0259lum olub ki, d\u0259st\u0259 \u00fczvl\u0259ri f\u0259rqli yollarla tan\u0131\u015f olduqlar\u0131 xarici \u00f6lk\u0259 v\u0259t\u0259nda\u015flar\u0131n\u0131 i\u015f ad\u0131 il\u0259 T\u00fcrkiy\u0259y\u0259 \u00e7a\u011f\u0131r\u0131blar. Daha sonra xarici qad\u0131nlara model olacaqlar\u0131 il\u0259 ba\u011fl\u0131 m\u00fcqavil\u0259 imzaladan&hellip;<\/p>\n","protected":false},"author":2,"featured_media":106982,"comment_status":"closed","ping_status":"closed","sticky":false,"template":"","format":"standard","meta":{"om_disable_all_campaigns":false,"_monsterinsights_skip_tracking":false,"_monsterinsights_sitenote_active":false,"_monsterinsights_sitenote_note":"","_monsterinsights_sitenote_category":0},"categories":[7],"tags":[],"aioseo_notices":[],"gutentor_comment":0,"rttpg_featured_image_url":{"full":["https:\/\/arantv.az\/wp-content\/uploads\/2019\/12\/is-vaadiyle-turkiye-ye-getirdiler-zorla-fuhus-12713753_1000_m.jpg",620,413,false],"landscape":["https:\/\/arantv.az\/wp-content\/uploads\/2019\/12\/is-vaadiyle-turkiye-ye-getirdiler-zorla-fuhus-12713753_1000_m.jpg",620,413,false],"portraits":["https:\/\/arantv.az\/wp-content\/uploads\/2019\/12\/is-vaadiyle-turkiye-ye-getirdiler-zorla-fuhus-12713753_1000_m.jpg",620,413,false],"thumbnail":["https:\/\/arantv.az\/wp-content\/uploads\/2019\/12\/is-vaadiyle-turkiye-ye-getirdiler-zorla-fuhus-12713753_1000_m-150x150.jpg",150,150,true],"medium":["https:\/\/arantv.az\/wp-content\/uploads\/2019\/12\/is-vaadiyle-turkiye-ye-getirdiler-zorla-fuhus-12713753_1000_m-300x200.jpg",300,200,true],"large":["https:\/\/arantv.az\/wp-content\/uploads\/2019\/12\/is-vaadiyle-turkiye-ye-getirdiler-zorla-fuhus-12713753_1000_m.jpg",620,413,false],"1536x1536":["https:\/\/arantv.az\/wp-content\/uploads\/2019\/12\/is-vaadiyle-turkiye-ye-getirdiler-zorla-fuhus-12713753_1000_m.jpg",620,413,false],"2048x2048":["https:\/\/arantv.az\/wp-content\/uploads\/2019\/12\/is-vaadiyle-turkiye-ye-getirdiler-zorla-fuhus-12713753_1000_m.jpg",620,413,false],"post-thumbnail":["https:\/\/arantv.az\/wp-content\/uploads\/2019\/12\/is-vaadiyle-turkiye-ye-getirdiler-zorla-fuhus-12713753_1000_m-240x172.jpg",240,172,true],"advps-thumb-one":["https:\/\/arantv.az\/wp-content\/uploads\/2019\/12\/is-vaadiyle-turkiye-ye-getirdiler-zorla-fuhus-12713753_1000_m.jpg",620,413,false]},"rttpg_author":{"display_name":"V\u00fcsal Rafiqo\u011flu","author_link":"https:\/\/arantv.az\/?author=2"},"rttpg_comment":0,"rttpg_category":"<a href=\"https:\/\/arantv.az\/?cat=7\" rel=\"category\">D\u00fcnya<\/a>","rttpg_excerpt":"T\u00fcrkiy\u0259d\u0259 qad\u0131nlar\u0131 fahi\u015f\u0259liy\u0259 m\u0259cbur\u00a0ed\u0259n d\u0259st\u0259 tutulub. Bel\u0259 ki, \u0130stanbul T\u0259hl\u00fck\u0259sizlik \u0130dar\u0259sinin Miqrant Qa\u00e7aq\u00e7\u0131l\u0131\u011f\u0131 v\u0259 \u0130nsan Alverin\u0259 qar\u015f\u0131 M\u00fcbariz\u0259 \u0130dar\u0259sinin \u0259m\u0259kda\u015flar\u0131 Silivrid\u0259 fahi\u015f\u0259likl\u0259 m\u0259\u015f\u011ful olan xarici v\u0259t\u0259nda\u015f\u0131n ifad\u0259si il\u0259 ba\u011fl\u0131 istintaqa ba\u015flay\u0131blar. Sondakika.com-un x\u0259b\u0259rin\u0259 g\u00f6r\u0259, qad\u0131nlar\u0131 zorla fahi\u015f\u0259liy\u0259 m\u0259cbur ed\u0259n d\u0259st\u0259 ba\u015f\u00e7\u0131s\u0131, \u201c\u00c7\u0259tin\u201d l\u0259q\u0259bli, 32 ya\u015fl\u0131 \u00d6.M. v\u0259 onun 13 n\u0259f\u0259rlik cinay\u0259tkar d\u0259st\u0259si polis t\u0259r\u0259find\u0259n \u00fc\u00e7&hellip;","_links":{"self":[{"href":"https:\/\/arantv.az\/index.php?rest_route=\/wp\/v2\/posts\/106981"}],"collection":[{"href":"https:\/\/arantv.az\/index.php?rest_route=\/wp\/v2\/posts"}],"about":[{"href":"https:\/\/arantv.az\/index.php?rest_route=\/wp\/v2\/types\/post"}],"author":[{"embeddable":true,"href":"https:\/\/arantv.az\/index.php?rest_route=\/wp\/v2\/users\/2"}],"replies":[{"embeddable":true,"href":"https:\/\/arantv.az\/index.php?rest_route=%2Fwp%2Fv2%2Fcomments&post=106981"}],"version-history":[{"count":0,"href":"https:\/\/arantv.az\/index.php?rest_route=\/wp\/v2\/posts\/106981\/revisions"}],"wp:featuredmedia":[{"embeddable":true,"href":"https:\/\/arantv.az\/index.php?rest_route=\/wp\/v2\/media\/106982"}],"wp:attachment":[{"href":"https:\/\/arantv.az\/index.php?rest_route=%2Fwp%2Fv2%2Fmedia&parent=106981"}],"wp:term":[{"taxonomy":"category","embeddable":true,"href":"https:\/\/arantv.az\/index.php?rest_route=%2Fwp%2Fv2%2Fcategories&post=106981"},{"taxonomy":"post_tag","embeddable":true,"href":"https:\/\/arantv.az\/index.php?rest_route=%2Fwp%2Fv2%2Ftags&post=106981"}],"curies":[{"name":"wp","href":"https:\/\/api.w.org\/{rel}","templated":true}]}}