{"id":106989,"date":"2019-12-13T12:13:58","date_gmt":"2019-12-13T09:13:58","guid":{"rendered":"http:\/\/arantv.az\/?p=106989"},"modified":"2019-12-13T12:13:58","modified_gmt":"2019-12-13T09:13:58","slug":"yasi-20-d%c9%99n-asagi-300-d%c9%99n-namiz%c9%99d-qeyd%c9%99-alinib-avciya","status":"publish","type":"post","link":"https:\/\/arantv.az\/?p=106989","title":{"rendered":"Ya\u015f\u0131 20-d\u0259n a\u015fa\u011f\u0131 300-d\u0259n namiz\u0259d qeyd\u0259 al\u0131n\u0131b &#8211; AVC\u0130YA"},"content":{"rendered":"<p>Az\u0259rbaycanda V\u0259t\u0259nda\u015f C\u0259miyy\u0259tinin \u0130nki\u015faf\u0131na Yard\u0131m Assosiasiyas\u0131 (AVC\u0130YA) b\u0259l\u0259diyy\u0259 se\u00e7kil\u0259ri il\u0259 ba\u011fl\u0131 aral\u0131q hesabat t\u0259qdim edib.<\/p>\n<p><strong>ARANTV.AZ\u00a0<\/strong>\u00a0<a href=\"https:\/\/az.trend.az\/\" target=\"_blank\" rel=\"noopener\">Trend<\/a>-\u0259 istinad\u0259n x\u0259b\u0259r verir ki, t\u0259dbird\u0259 i\u015ftirak ed\u0259n AVC\u0130YA-n\u0131n Se\u00e7ki Q\u0259rargah\u0131n\u0131n s\u0259dri M\u0259h\u0259rr\u0259m Z\u00fclf\u00fcqarl\u0131 bildirib ki, b\u0259l\u0259diyy\u0259 se\u00e7kil\u0259ri il\u0259 ba\u011fl\u0131 t\u0259\u015fkilat bu ilin \u0259vv\u0259lind\u0259n f\u0259aliyy\u0259t plan\u0131n\u0131 a\u00e7\u0131qlay\u0131b v\u0259 fevral ay\u0131ndan f\u0259aliyy\u0259t\u0259 ba\u015flay\u0131b:<\/p>\n<p>&#8220;Haz\u0131rda m\u00fc\u015fahid\u0259l\u0259rimiz davam etdirilir. M\u00fc\u015fahid\u0259l\u0259rimiz zaman\u0131 \u00f6lk\u0259d\u0259 se\u00e7ki v\u0259ziyy\u0259ti, M\u0259rk\u0259zi Se\u00e7ki Komissiyas\u0131n\u0131n b\u0259l\u0259diyy\u0259 se\u00e7kil\u0259ri il\u0259 ba\u011fl\u0131 f\u0259aliyy\u0259ti v\u0259 k\u00fctl\u0259vi informasiya vasit\u0259l\u0259rinin monitorinqi ke\u00e7irilib. Az\u0259rbaycanda dig\u0259r regionlardan f\u0259rqli olaraq se\u00e7kil\u0259r elan olunduqdan sonra, \u00f6lk\u0259d\u0259ki stabil ictimai-siyasi m\u00fchit, s\u0259rb\u0259st topla\u015fmaq, s\u00f6z v\u0259 m\u0259tbuat azadl\u0131\u011f\u0131 sah\u0259sind\u0259 v\u0259ziyy\u0259t, se\u00e7kil\u0259r\u0259 haz\u0131rl\u0131q s\u0259viyy\u0259si v\u0259 se\u00e7ki administrasiyas\u0131n\u0131n f\u0259aliyy\u0259ti demokratik v\u0259 \u015f\u0259ffaf se\u00e7kil\u0259rin ke\u00e7irilm\u0259si \u00fc\u00e7\u00fcn \u0259lveri\u015fli z\u0259min yarad\u0131r. Son ill\u0259r Az\u0259rbaycanda ke\u00e7iril\u0259n t\u0259dbirl\u0259r d\u0259 bunu s\u00fcbut edir. NATO v\u0259 Rusiyan\u0131n ba\u015f q\u0259rargah r\u0259isl\u0259rinin g\u00f6r\u00fc\u015f\u00fcn\u00fcn Az\u0259rbaycanda ke\u00e7irilm\u0259si bundan x\u0259b\u0259r verir.<\/p>\n<p>O bildirib ki, b\u0259l\u0259diyy\u0259 se\u00e7kil\u0259ri il\u0259 ba\u011fl\u0131 1 noyabr &#8211; 13 dekabr 2019-cu il tarixl\u0259rind\u0259 AVC\u0130YA K\u0130V-l\u0259r \u00fcz\u0259rind\u0259 ke\u00e7irdiyi monitorinq\u0259 g\u00f6r\u0259 noyabrda se\u00e7kil\u0259rl\u0259 ba\u011fl\u0131 514 x\u0259b\u0259r, dekabr\u0131n 1-d\u0259n indiy\u0259d\u0259k is\u0259 325 x\u0259b\u0259r d\u0259rc olunub. Monitorinq s\u00fcbut edir ki, \u00fcmumiyy\u0259tl\u0259 se\u00e7ki x\u0259b\u0259rl\u0259ri noyabrda d\u0259rc olunan x\u0259b\u0259rl\u0259rin \u00fcmumi say\u0131n\u0131n 40,8% -ni, dekabr\u0131n 1-13-aras\u0131nda is\u0259 54,77 %-ni t\u0259\u015fkil edib. Bu da se\u00e7kiy\u0259 K\u0130V-l\u0259rin daha \u00e7ox maraq g\u00f6st\u0259rm\u0259sini s\u00fcbut edir. M.Z\u00fclf\u00fcqarl\u0131n\u0131n s\u00f6zl\u0259rin\u0259 g\u00f6r\u0259, namiz\u0259dl\u0259rin qeyd\u0259 al\u0131nmas\u0131 il\u0259 ba\u011fl\u0131 problem a\u015fkarlanmay\u0131b:<\/p>\n<p>&#8220;Namiz\u0259dl\u0259rin 30 faizd\u0259n \u00e7oxu qad\u0131nd\u0131r. Az\u0259rbaycanda ke\u00e7iril\u0259n se\u00e7kil\u0259rd\u0259 qad\u0131n namiz\u0259dl\u0259rin say\u0131 getdikc\u0259 art\u0131r. Ya\u015f\u0131 20-d\u0259n a\u015fa\u011f\u0131 300-d\u0259n namiz\u0259d qeyd\u0259 al\u0131n\u0131b. Monitorinq 2 m\u00fcxalif\u0259t, 2 iqtidar, 2 m\u00fcst\u0259qil q\u0259zet v\u0259 2 informasiya agentlikl\u0259ri \u00fcz\u0259rind\u0259 h\u0259yata ke\u00e7irilib&#8221;.<\/p>\n<p>\u00d6lk\u0259d\u0259 se\u00e7ki m\u00fchiti il\u0259 ba\u011fl\u0131 dan\u0131\u015fan M. Z\u00fclf\u00fcqarl\u0131 bildirib ki, se\u00e7ki prosesi tam normal ke\u00e7irilir: &#8220;Dig\u0259r se\u00e7kil\u0259rd\u0259n f\u0259rqli olaraq, b\u0259l\u0259diyy\u0259 se\u00e7kil\u0259rin\u0259 m\u00fcnasib\u0259t bir q\u0259d\u0259r ba\u015fqad\u0131. Y\u0259ni parlament se\u00e7kil\u0259rind\u0259 125 yer u\u011frunda m\u00fcbariz\u0259 apar\u0131l\u0131rsa, b\u0259l\u0259diyy\u0259d\u0259 bu yerl\u0259rin say\u0131 16 mindir. Prezident se\u00e7kil\u0259rind\u0259 b\u00fct\u00fcn \u00f6lk\u0259 10 namiz\u0259dd\u0259n 1-ni se\u00e7ir. Amma burda h\u0259r q\u0259s\u0259b\u0259 \u00f6z namiz\u0259dini se\u00e7ir.Ona g\u00f6r\u0259 d\u0259 bu proses dig\u0259r se\u00e7kil\u0259rd\u0259n f\u0259rql\u0259nir&#8221;.<\/p>\n<p>O, qeyd edib ki, bu g\u00fcn Az\u0259rbaycanda yerli \u00f6z\u00fcn\u00fcidar\u0259 il\u0259 ba\u011fl\u0131 marifl\u0259ndirm\u0259 laz\u0131m\u0131 s\u0259viyy\u0259d\u0259 deyil: &#8221; Az\u0259rbaycanda yerli \u00f6z\u00fcn\u00fc idar\u0259 \u00f6z\u00fcn\u00fc tam \u015f\u0259kild\u0259 s\u00fcbuta yetirm\u0259yib. Yerl\u0259rd\u0259 s\u0259lahiyy\u0259tl\u0259rin \u0259ks\u0259riyy\u0259ti icra hakimiyy\u0259tin\u0259 verilib. Ona g\u00f6r\u0259 d\u0259 b\u0259l\u0259diyy\u0259l\u0259r \u00f6z\u00fcn\u00fc s\u00fcbut ed\u0259 bilmir. Bu institut Avropada uzun ill\u0259rdir f\u0259aliyy\u0259t g\u00f6st\u0259rir v\u0259 \u00f6z\u00fcn\u00fc do\u011fruldub. D\u00fczd\u00fcr, \u00c7ar v\u0259 C\u00fcmhut\u0259riyy\u0259t d\u00f6vr\u00fcnd\u0259 d\u0259 yerli \u00f6z\u00fcn\u00fc idar\u0259 se\u00e7kil\u0259ri olub. Amma h\u0259l\u0259 Az\u0259rbaycanda b\u0259l\u0259diyy\u0259 \u00f6z\u00fcn\u00fc t\u0259stiql\u0259y\u0259 bilm\u0259yib. M\u0259s\u0259l\u0259n, b\u00fct\u00fcn d\u00fcnyada kommunal xidm\u0259tl\u0259r b\u0259l\u0259diyy\u0259y\u0259 verils\u0259 d\u0259, Az\u0259rbaycanda bu icra hakimiyy\u0259tinin tabe\u00e7iliyind\u0259 olan qurumun s\u0259lahiyy\u0259tind\u0259dir&#8221;.<\/p>\n<p>Az\u0259rbaycabda se\u00e7kiqaba\u011f\u0131 m\u00fchitin h\u0259mi\u015f\u0259ki kimi stabil oldu\u011funu dey\u0259n M. Z\u00fclf\u00fcqarl\u0131 deyib ki, bu stabillik dig\u0259r qon\u015fu \u00f6lk\u0259l\u0259rd\u0259 yoxdur: &#8220;Az\u0259rbaycanda se\u00e7ki \u0259r\u0259f\u0259sind\u0259 G\u00fcrc\u00fcstan v\u0259 dif\u0259r \u00f6lk\u0259l\u0259rd\u0259ki kimi qar\u015f\u0131durma olmur. Bu da \u00f6lk\u0259nin stabilliyind\u0259n ir\u0259li g\u0259lir v\u0259 se\u00e7kil\u0259rin normal ke\u00e7irilm\u0259sin\u0259 imkan verir.<\/p>\n<p>S\u0259rb\u0259st topla\u015fma azadl\u0131\u011f\u0131 m\u0259s\u0259l\u0259sin\u0259 g\u0259linc\u0259 is\u0259, bu prosesd\u0259 b\u0259zi m\u0259qamlar var. Az\u0259rbaycanda s\u0259rb\u0259st tola\u015fmaq azadl\u0131\u011f\u0131 var v\u0259 buna \u0259m\u0259l olunur. AXCP, Milli \u015eura v\u0259 M\u00fcsavat Partiyas\u0131n\u0131n aksiyalar\u0131n\u0131n ke\u00e7irilm\u0259sin\u0259 icaz\u0259 verilm\u0259m\u0259si bar\u0259d\u0259 m\u0259lumatlar var. Az\u0259rbaycanda onlar\u0131n mitinq ke\u00e7irilm\u0259sin\u0259 raz\u0131l\u0131q verilib v\u0259 mitinq ke\u00e7irm\u0259k \u00fc\u00e7\u00fcn yer d\u0259 ayr\u0131l\u0131b. Lakin onlar h\u0259min yerd\u0259 deyil, \u015f\u0259h\u0259rin intensiv h\u0259r\u0259k\u0259t olan yerl\u0259rind\u0259 qanunsuz aksiyalar t\u0259\u015fkil etm\u0259k ist\u0259yibl\u0259r v\u0259 bu c\u0259hdl\u0259rin d\u0259 qar\u015f\u0131s\u0131 al\u0131n\u0131b. Raz\u0131la\u015fd\u0131r\u0131lmam\u0131\u015f yerd\u0259 alsiya ke\u00e7irm\u0259k qanunvericiliy\u0259 ziddir v\u0259 bu v\u0259t\u0259nda\u015flar\u0131n da naraz\u0131l\u0259\u011f\u0131na s\u0259b\u0259b olur&#8221;.<\/p>\n<p>M. Z\u00fclf\u00fcqarl\u0131 bildirib ki, b\u0259l\u0259diyy\u0259 se\u00e7kilr\u0259ind\u0259 namiz\u0259dliyi qeyd\u0259 al\u0131nanlar\u0131n 30 faizd\u0259n \u00e7oxu qad\u0131nlard\u0131r: &#8220;H\u0259r se\u00e7kid\u0259 get-ged\u0259 qad\u0131n namiz\u0259dl\u0259rin say\u0131 art\u0131r. 300-\u0259 yax\u0131n namiz\u0259din is\u0259 ya\u015f\u0131 20-d\u0259n azd\u0131r ki, bu da g\u0259ncl\u0259rin se\u00e7kil\u0259r\u0259 mara\u011f\u0131ndan x\u0259b\u0259r verir&#8221;.<\/p>\n<p>AVC\u0130YA t\u0259msil\u00e7isi bildirib ki, M\u0259rk\u0259zi Se\u00e7ki Komissiyas\u0131 vaxt\u0131nda se\u00e7ici siyah\u0131lar\u0131n\u0131 d\u0259qiqldirib: &#8220;H\u0259r k\u0259s \u00f6z ad\u0131n\u0131 siyah\u0131da tapa bilir. B\u0259zi probleml\u0259r aradan qalx\u0131b. \u018fg\u0259r se\u00e7icinin ad\u0131 siyah\u0131da yoxdursa, ist\u0259nil\u0259n se\u00e7ici se\u00e7ki g\u00fcn\u00fc \u015f\u0259xsiyy\u0259t v\u0259siq\u0259sil\u0259 m\u0259nt\u0259q\u0259y\u0259 yazx\u0131nla\u015f\u0131b ad\u0131n\u0131 \u0259lav\u0259 siyah\u0131ya sald\u0131ra bil\u0259r&#8221;.<\/p>\n","protected":false},"excerpt":{"rendered":"<p>Az\u0259rbaycanda V\u0259t\u0259nda\u015f C\u0259miyy\u0259tinin \u0130nki\u015faf\u0131na Yard\u0131m Assosiasiyas\u0131 (AVC\u0130YA) b\u0259l\u0259diyy\u0259 se\u00e7kil\u0259ri il\u0259 ba\u011fl\u0131 aral\u0131q hesabat t\u0259qdim edib. ARANTV.AZ\u00a0\u00a0Trend-\u0259 istinad\u0259n x\u0259b\u0259r verir ki, t\u0259dbird\u0259 i\u015ftirak ed\u0259n AVC\u0130YA-n\u0131n Se\u00e7ki Q\u0259rargah\u0131n\u0131n s\u0259dri M\u0259h\u0259rr\u0259m Z\u00fclf\u00fcqarl\u0131 bildirib ki, b\u0259l\u0259diyy\u0259 se\u00e7kil\u0259ri il\u0259 ba\u011fl\u0131 t\u0259\u015fkilat bu ilin \u0259vv\u0259lind\u0259n f\u0259aliyy\u0259t plan\u0131n\u0131 a\u00e7\u0131qlay\u0131b v\u0259 fevral ay\u0131ndan f\u0259aliyy\u0259t\u0259 ba\u015flay\u0131b: &#8220;Haz\u0131rda m\u00fc\u015fahid\u0259l\u0259rimiz davam etdirilir. M\u00fc\u015fahid\u0259l\u0259rimiz zaman\u0131 \u00f6lk\u0259d\u0259 se\u00e7ki v\u0259ziyy\u0259ti, M\u0259rk\u0259zi Se\u00e7ki Komissiyas\u0131n\u0131n b\u0259l\u0259diyy\u0259 se\u00e7kil\u0259ri il\u0259 ba\u011fl\u0131 f\u0259aliyy\u0259ti v\u0259 k\u00fctl\u0259vi informasiya vasit\u0259l\u0259rinin monitorinqi ke\u00e7irilib. Az\u0259rbaycanda dig\u0259r regionlardan f\u0259rqli olaraq se\u00e7kil\u0259r elan olunduqdan sonra, \u00f6lk\u0259d\u0259ki stabil ictimai-siyasi m\u00fchit, s\u0259rb\u0259st topla\u015fmaq, s\u00f6z v\u0259 m\u0259tbuat azadl\u0131\u011f\u0131 sah\u0259sind\u0259&hellip;<\/p>\n","protected":false},"author":2,"featured_media":106990,"comment_status":"closed","ping_status":"closed","sticky":false,"template":"","format":"standard","meta":{"om_disable_all_campaigns":false,"_monsterinsights_skip_tracking":false,"_monsterinsights_sitenote_active":false,"_monsterinsights_sitenote_note":"","_monsterinsights_sitenote_category":0},"categories":[4],"tags":[],"aioseo_notices":[],"gutentor_comment":0,"rttpg_featured_image_url":{"full":["https:\/\/arantv.az\/wp-content\/uploads\/2019\/12\/810163.jpg",800,600,false],"landscape":["https:\/\/arantv.az\/wp-content\/uploads\/2019\/12\/810163.jpg",800,600,false],"portraits":["https:\/\/arantv.az\/wp-content\/uploads\/2019\/12\/810163.jpg",800,600,false],"thumbnail":["https:\/\/arantv.az\/wp-content\/uploads\/2019\/12\/810163-150x150.jpg",150,150,true],"medium":["https:\/\/arantv.az\/wp-content\/uploads\/2019\/12\/810163-300x225.jpg",300,225,true],"large":["https:\/\/arantv.az\/wp-content\/uploads\/2019\/12\/810163.jpg",640,480,false],"1536x1536":["https:\/\/arantv.az\/wp-content\/uploads\/2019\/12\/810163.jpg",800,600,false],"2048x2048":["https:\/\/arantv.az\/wp-content\/uploads\/2019\/12\/810163.jpg",800,600,false],"post-thumbnail":["https:\/\/arantv.az\/wp-content\/uploads\/2019\/12\/810163-240x172.jpg",240,172,true],"advps-thumb-one":["https:\/\/arantv.az\/wp-content\/uploads\/2019\/12\/810163.jpg",800,600,false]},"rttpg_author":{"display_name":"V\u00fcsal Rafiqo\u011flu","author_link":"https:\/\/arantv.az\/?author=2"},"rttpg_comment":0,"rttpg_category":"<a href=\"https:\/\/arantv.az\/?cat=4\" rel=\"category\">Siyas\u0259t<\/a>","rttpg_excerpt":"Az\u0259rbaycanda V\u0259t\u0259nda\u015f C\u0259miyy\u0259tinin \u0130nki\u015faf\u0131na Yard\u0131m Assosiasiyas\u0131 (AVC\u0130YA) b\u0259l\u0259diyy\u0259 se\u00e7kil\u0259ri il\u0259 ba\u011fl\u0131 aral\u0131q hesabat t\u0259qdim edib. ARANTV.AZ\u00a0\u00a0Trend-\u0259 istinad\u0259n x\u0259b\u0259r verir ki, t\u0259dbird\u0259 i\u015ftirak ed\u0259n AVC\u0130YA-n\u0131n Se\u00e7ki Q\u0259rargah\u0131n\u0131n s\u0259dri M\u0259h\u0259rr\u0259m Z\u00fclf\u00fcqarl\u0131 bildirib ki, b\u0259l\u0259diyy\u0259 se\u00e7kil\u0259ri il\u0259 ba\u011fl\u0131 t\u0259\u015fkilat bu ilin \u0259vv\u0259lind\u0259n f\u0259aliyy\u0259t plan\u0131n\u0131 a\u00e7\u0131qlay\u0131b v\u0259 fevral ay\u0131ndan f\u0259aliyy\u0259t\u0259 ba\u015flay\u0131b: &#8220;Haz\u0131rda m\u00fc\u015fahid\u0259l\u0259rimiz davam etdirilir. M\u00fc\u015fahid\u0259l\u0259rimiz zaman\u0131 \u00f6lk\u0259d\u0259 se\u00e7ki&hellip;","_links":{"self":[{"href":"https:\/\/arantv.az\/index.php?rest_route=\/wp\/v2\/posts\/106989"}],"collection":[{"href":"https:\/\/arantv.az\/index.php?rest_route=\/wp\/v2\/posts"}],"about":[{"href":"https:\/\/arantv.az\/index.php?rest_route=\/wp\/v2\/types\/post"}],"author":[{"embeddable":true,"href":"https:\/\/arantv.az\/index.php?rest_route=\/wp\/v2\/users\/2"}],"replies":[{"embeddable":true,"href":"https:\/\/arantv.az\/index.php?rest_route=%2Fwp%2Fv2%2Fcomments&post=106989"}],"version-history":[{"count":0,"href":"https:\/\/arantv.az\/index.php?rest_route=\/wp\/v2\/posts\/106989\/revisions"}],"wp:featuredmedia":[{"embeddable":true,"href":"https:\/\/arantv.az\/index.php?rest_route=\/wp\/v2\/media\/106990"}],"wp:attachment":[{"href":"https:\/\/arantv.az\/index.php?rest_route=%2Fwp%2Fv2%2Fmedia&parent=106989"}],"wp:term":[{"taxonomy":"category","embeddable":true,"href":"https:\/\/arantv.az\/index.php?rest_route=%2Fwp%2Fv2%2Fcategories&post=106989"},{"taxonomy":"post_tag","embeddable":true,"href":"https:\/\/arantv.az\/index.php?rest_route=%2Fwp%2Fv2%2Ftags&post=106989"}],"curies":[{"name":"wp","href":"https:\/\/api.w.org\/{rel}","templated":true}]}}