{"id":106993,"date":"2019-12-13T12:14:56","date_gmt":"2019-12-13T09:14:56","guid":{"rendered":"http:\/\/arantv.az\/?p=106993"},"modified":"2019-12-13T12:14:56","modified_gmt":"2019-12-13T09:14:56","slug":"s%c9%99fir-abs-senatinin-qondarma-erm%c9%99ni-soyqirimi-bar%c9%99d%c9%99-q%c9%99tnam%c9%99si-ag-evin-r%c9%99smi-movqeyini-%c9%99ks-etdirmir","status":"publish","type":"post","link":"https:\/\/arantv.az\/?p=106993","title":{"rendered":"S\u0259fir: &#8220;AB\u015e Senat\u0131n\u0131n qondarma \u201cerm\u0259ni soyq\u0131r\u0131m\u0131\u201d bar\u0259d\u0259 q\u0259tnam\u0259si A\u011f Evin r\u0259smi m\u00f6vqeyini \u0259ks etdirmir&#8221;"},"content":{"rendered":"<p>&#8220;AB\u015e Senat\u0131n\u0131n qondarma &#8220;erm\u0259ni soyq\u0131r\u0131m\u0131&#8221; bar\u0259d\u0259 q\u0259bul etdiyi q\u0259tnam\u0259 A\u011f Ev administrasiyas\u0131n\u0131n r\u0259smi siyas\u0259tini \u0259ks etdirmir&#8221;.<\/p>\n<p><strong>ARANTV.AZ<\/strong>\u00a0\u00a0<a href=\"https:\/\/az.trend.az\/\" target=\"_blank\" rel=\"noopener\">Trend<\/a>-\u0259 istinad\u0259n x\u0259b\u0259r verir ki, bunu AB\u015e-\u0131n Az\u0259rbaycandak\u0131 s\u0259firi Li Litsenberger deyib.<\/p>\n<p>Onun s\u00f6zl\u0259rin\u0259 g\u00f6r\u0259, q\u0259tnam\u0259 qanunvericilik orqan\u0131n\u0131n\u0131n s\u0259n\u0259didir:<\/p>\n<p>&#8220;Senat bu m\u0259s\u0259l\u0259 il\u0259 ba\u011fl\u0259 q\u0259rar q\u0259bul edib v\u0259 biz bunu diqq\u0259t\u0259 almal\u0131y\u0131q. Amma bu A\u011f Evin r\u0259smi siyas\u0259tinin g\u00f6st\u0259ricisi deyil. AB\u015e v\u0259 T\u00fcrkiy\u0259 m\u00fctt\u0259fiqdir. Biz yax\u0131n dost v\u0259 t\u0259r\u0259fda\u015f\u0131q, \u0259m\u0259kda\u015fl\u0131\u011f\u0131m\u0131z\u0131 davam etdir\u0259c\u0259y\u0259ik&#8221;.<\/p>\n","protected":false},"excerpt":{"rendered":"<p>&#8220;AB\u015e Senat\u0131n\u0131n qondarma &#8220;erm\u0259ni soyq\u0131r\u0131m\u0131&#8221; bar\u0259d\u0259 q\u0259bul etdiyi q\u0259tnam\u0259 A\u011f Ev administrasiyas\u0131n\u0131n r\u0259smi siyas\u0259tini \u0259ks etdirmir&#8221;. ARANTV.AZ\u00a0\u00a0Trend-\u0259 istinad\u0259n x\u0259b\u0259r verir ki, bunu AB\u015e-\u0131n Az\u0259rbaycandak\u0131 s\u0259firi Li Litsenberger deyib. Onun s\u00f6zl\u0259rin\u0259 g\u00f6r\u0259, q\u0259tnam\u0259 qanunvericilik orqan\u0131n\u0131n\u0131n s\u0259n\u0259didir: &#8220;Senat bu m\u0259s\u0259l\u0259 il\u0259 ba\u011fl\u0259 q\u0259rar q\u0259bul edib v\u0259 biz bunu diqq\u0259t\u0259 almal\u0131y\u0131q. Amma bu A\u011f Evin r\u0259smi siyas\u0259tinin g\u00f6st\u0259ricisi deyil. AB\u015e v\u0259 T\u00fcrkiy\u0259 m\u00fctt\u0259fiqdir. Biz yax\u0131n dost v\u0259 t\u0259r\u0259fda\u015f\u0131q, \u0259m\u0259kda\u015fl\u0131\u011f\u0131m\u0131z\u0131 davam etdir\u0259c\u0259y\u0259ik&#8221;.<\/p>\n","protected":false},"author":2,"featured_media":106994,"comment_status":"closed","ping_status":"closed","sticky":false,"template":"","format":"standard","meta":{"om_disable_all_campaigns":false,"_monsterinsights_skip_tracking":false,"_monsterinsights_sitenote_active":false,"_monsterinsights_sitenote_note":"","_monsterinsights_sitenote_category":0},"categories":[4],"tags":[],"aioseo_notices":[],"gutentor_comment":0,"rttpg_featured_image_url":{"full":["https:\/\/arantv.az\/wp-content\/uploads\/2019\/12\/810183.jpg",800,600,false],"landscape":["https:\/\/arantv.az\/wp-content\/uploads\/2019\/12\/810183.jpg",800,600,false],"portraits":["https:\/\/arantv.az\/wp-content\/uploads\/2019\/12\/810183.jpg",800,600,false],"thumbnail":["https:\/\/arantv.az\/wp-content\/uploads\/2019\/12\/810183-150x150.jpg",150,150,true],"medium":["https:\/\/arantv.az\/wp-content\/uploads\/2019\/12\/810183-300x225.jpg",300,225,true],"large":["https:\/\/arantv.az\/wp-content\/uploads\/2019\/12\/810183.jpg",640,480,false],"1536x1536":["https:\/\/arantv.az\/wp-content\/uploads\/2019\/12\/810183.jpg",800,600,false],"2048x2048":["https:\/\/arantv.az\/wp-content\/uploads\/2019\/12\/810183.jpg",800,600,false],"post-thumbnail":["https:\/\/arantv.az\/wp-content\/uploads\/2019\/12\/810183-240x172.jpg",240,172,true],"advps-thumb-one":["https:\/\/arantv.az\/wp-content\/uploads\/2019\/12\/810183.jpg",800,600,false]},"rttpg_author":{"display_name":"V\u00fcsal Rafiqo\u011flu","author_link":"https:\/\/arantv.az\/?author=2"},"rttpg_comment":0,"rttpg_category":"<a href=\"https:\/\/arantv.az\/?cat=4\" rel=\"category\">Siyas\u0259t<\/a>","rttpg_excerpt":"&#8220;AB\u015e Senat\u0131n\u0131n qondarma &#8220;erm\u0259ni soyq\u0131r\u0131m\u0131&#8221; bar\u0259d\u0259 q\u0259bul etdiyi q\u0259tnam\u0259 A\u011f Ev administrasiyas\u0131n\u0131n r\u0259smi siyas\u0259tini \u0259ks etdirmir&#8221;. ARANTV.AZ\u00a0\u00a0Trend-\u0259 istinad\u0259n x\u0259b\u0259r verir ki, bunu AB\u015e-\u0131n Az\u0259rbaycandak\u0131 s\u0259firi Li Litsenberger deyib. Onun s\u00f6zl\u0259rin\u0259 g\u00f6r\u0259, q\u0259tnam\u0259 qanunvericilik orqan\u0131n\u0131n\u0131n s\u0259n\u0259didir: &#8220;Senat bu m\u0259s\u0259l\u0259 il\u0259 ba\u011fl\u0259 q\u0259rar q\u0259bul edib v\u0259 biz bunu diqq\u0259t\u0259 almal\u0131y\u0131q. Amma bu A\u011f Evin r\u0259smi siyas\u0259tinin g\u00f6st\u0259ricisi&hellip;","_links":{"self":[{"href":"https:\/\/arantv.az\/index.php?rest_route=\/wp\/v2\/posts\/106993"}],"collection":[{"href":"https:\/\/arantv.az\/index.php?rest_route=\/wp\/v2\/posts"}],"about":[{"href":"https:\/\/arantv.az\/index.php?rest_route=\/wp\/v2\/types\/post"}],"author":[{"embeddable":true,"href":"https:\/\/arantv.az\/index.php?rest_route=\/wp\/v2\/users\/2"}],"replies":[{"embeddable":true,"href":"https:\/\/arantv.az\/index.php?rest_route=%2Fwp%2Fv2%2Fcomments&post=106993"}],"version-history":[{"count":0,"href":"https:\/\/arantv.az\/index.php?rest_route=\/wp\/v2\/posts\/106993\/revisions"}],"wp:featuredmedia":[{"embeddable":true,"href":"https:\/\/arantv.az\/index.php?rest_route=\/wp\/v2\/media\/106994"}],"wp:attachment":[{"href":"https:\/\/arantv.az\/index.php?rest_route=%2Fwp%2Fv2%2Fmedia&parent=106993"}],"wp:term":[{"taxonomy":"category","embeddable":true,"href":"https:\/\/arantv.az\/index.php?rest_route=%2Fwp%2Fv2%2Fcategories&post=106993"},{"taxonomy":"post_tag","embeddable":true,"href":"https:\/\/arantv.az\/index.php?rest_route=%2Fwp%2Fv2%2Ftags&post=106993"}],"curies":[{"name":"wp","href":"https:\/\/api.w.org\/{rel}","templated":true}]}}