{"id":107017,"date":"2019-12-13T12:44:54","date_gmt":"2019-12-13T09:44:54","guid":{"rendered":"http:\/\/arantv.az\/?p=107017"},"modified":"2019-12-13T12:44:54","modified_gmt":"2019-12-13T09:44:54","slug":"bu-s%c9%99xsl%c9%99r-ucun-xidm%c9%99t-haqqi-vergil%c9%99rd%c9%99n-azad-edilsin-t%c9%99klif","status":"publish","type":"post","link":"https:\/\/arantv.az\/?p=107017","title":{"rendered":"Bu \u015f\u0259xsl\u0259r \u00fc\u00e7\u00fcn xidm\u0259t haqq\u0131 vergil\u0259rd\u0259n azad edilsin &#8211; T\u018fKL\u0130F"},"content":{"rendered":"<p>Az\u0259rbaycanda d\u00f6vl\u0259t hesab\u0131na v\u0259killik xidm\u0259ti g\u00f6st\u0259r\u0259n v\u0259kill\u0259r\u0259 \u00f6d\u0259nil\u0259n xidm\u0259t haqq\u0131n\u0131n vergil\u0259rd\u0259n azad edilm\u0259si \u00e7ox yax\u015f\u0131 olar.<\/p>\n<p><strong>ARANTV.AZ<\/strong>\u00a0\u00a0<a href=\"https:\/\/az.trend.az\/\" target=\"_blank\" rel=\"noopener\">Trend<\/a>-\u0259 istinad\u0259n x\u0259b\u0259r verir ki, V\u0259kill\u0259r Kollegiyas\u0131n\u0131n R\u0259yas\u0259t hey\u0259tinin s\u0259dri Anar Ba\u011f\u0131rov jurnalistl\u0259r\u0259 a\u00e7\u0131qlamas\u0131nda deyib. Onun s\u00f6zl\u0259rin\u0259 g\u00f6r\u0259, \u00f6t\u0259n ilin fevral\u0131na q\u0259d\u0259r v\u0259kill\u0259r\u0259 d\u00f6vl\u0259t t\u0259r\u0259find\u0259n bir saatl\u0131q v\u0259killik f\u0259aliyy\u0259ti \u00fc\u00e7\u00fcn 2 manat \u00f6d\u0259nilirdi. Lakin \u00f6t\u0259n ilin fevral ay\u0131ndan Prezident \u0130lham \u018fliyevin s\u0259r\u0259ncam\u0131 il\u0259 bu xidm\u0259t haqq\u0131na g\u00f6r\u0259 \u00f6d\u0259ni\u015fin m\u0259bl\u0259\u011fi 3 d\u0259f\u0259 art\u0131r\u0131ld\u0131. Haz\u0131rda v\u0259kill\u0259r\u0259 bir saatl\u0131q f\u0259aliyy\u0259ti \u00fc\u00e7\u00fcn 6 manat \u00f6d\u0259nilir.<\/p>\n<p>A.Ba\u011f\u0131rov hesab edir ki, dig\u0259r region \u00f6lk\u0259l\u0259ri il\u0259 m\u00fcqayis\u0259d\u0259 bu, normal m\u0259bl\u0259\u011fdir:<\/p>\n<p>&#8220;\u018fg\u0259r v\u0259kil 8 saat \u0259rzind\u0259 d\u00f6vl\u0259t hesab\u0131na h\u00fcquqi yard\u0131m g\u00f6st\u0259r\u0259rs\u0259, bu, g\u00fcn \u0259rzind\u0259 48 manat \u00f6d\u0259ni\u015f edir. Bu, he\u00e7 d\u0259 az m\u0259bl\u0259\u011f deyil. Lakin orada bir m\u0259qam var. Hesab edir\u0259m ki, bu m\u0259s\u0259l\u0259 g\u0259l\u0259c\u0259kd\u0259 m\u00fczakir\u0259 obyekti olmal\u0131d\u0131r. Bu m\u0259bl\u0259\u011f\u0259 \u018fDV v\u0259 dig\u0259r vergil\u0259r d\u0259 daxildir. V\u0259killik xidm\u0259ti d\u00f6vl\u0259t hesab\u0131na olduqda bu v\u0259sait vergil\u0259r\u0259 c\u0259lb olunmasa, daha yax\u015f\u0131 olar. N\u0259z\u0259r\u0259 almaq laz\u0131md\u0131r ki, bu, g\u00fcz\u0259\u015ftli m\u0259bl\u0259\u011fdir. M\u0259nc\u0259, 6 manat vergid\u0259n azad edils\u0259, daha yax\u015f\u0131 olar&#8221;.<\/p>\n","protected":false},"excerpt":{"rendered":"<p>Az\u0259rbaycanda d\u00f6vl\u0259t hesab\u0131na v\u0259killik xidm\u0259ti g\u00f6st\u0259r\u0259n v\u0259kill\u0259r\u0259 \u00f6d\u0259nil\u0259n xidm\u0259t haqq\u0131n\u0131n vergil\u0259rd\u0259n azad edilm\u0259si \u00e7ox yax\u015f\u0131 olar. ARANTV.AZ\u00a0\u00a0Trend-\u0259 istinad\u0259n x\u0259b\u0259r verir ki, V\u0259kill\u0259r Kollegiyas\u0131n\u0131n R\u0259yas\u0259t hey\u0259tinin s\u0259dri Anar Ba\u011f\u0131rov jurnalistl\u0259r\u0259 a\u00e7\u0131qlamas\u0131nda deyib. Onun s\u00f6zl\u0259rin\u0259 g\u00f6r\u0259, \u00f6t\u0259n ilin fevral\u0131na q\u0259d\u0259r v\u0259kill\u0259r\u0259 d\u00f6vl\u0259t t\u0259r\u0259find\u0259n bir saatl\u0131q v\u0259killik f\u0259aliyy\u0259ti \u00fc\u00e7\u00fcn 2 manat \u00f6d\u0259nilirdi. Lakin \u00f6t\u0259n ilin fevral ay\u0131ndan Prezident \u0130lham \u018fliyevin s\u0259r\u0259ncam\u0131 il\u0259 bu xidm\u0259t haqq\u0131na g\u00f6r\u0259 \u00f6d\u0259ni\u015fin m\u0259bl\u0259\u011fi 3 d\u0259f\u0259 art\u0131r\u0131ld\u0131. Haz\u0131rda v\u0259kill\u0259r\u0259 bir saatl\u0131q f\u0259aliyy\u0259ti \u00fc\u00e7\u00fcn 6 manat \u00f6d\u0259nilir. A.Ba\u011f\u0131rov hesab edir ki, dig\u0259r region \u00f6lk\u0259l\u0259ri il\u0259 m\u00fcqayis\u0259d\u0259 bu, normal m\u0259bl\u0259\u011fdir: &#8220;\u018fg\u0259r&hellip;<\/p>\n","protected":false},"author":2,"featured_media":107018,"comment_status":"closed","ping_status":"closed","sticky":false,"template":"","format":"standard","meta":{"om_disable_all_campaigns":false,"_monsterinsights_skip_tracking":false,"_monsterinsights_sitenote_active":false,"_monsterinsights_sitenote_note":"","_monsterinsights_sitenote_category":0},"categories":[1],"tags":[],"aioseo_notices":[],"gutentor_comment":0,"rttpg_featured_image_url":{"full":["https:\/\/arantv.az\/wp-content\/uploads\/2019\/12\/810196.jpg",800,600,false],"landscape":["https:\/\/arantv.az\/wp-content\/uploads\/2019\/12\/810196.jpg",800,600,false],"portraits":["https:\/\/arantv.az\/wp-content\/uploads\/2019\/12\/810196.jpg",800,600,false],"thumbnail":["https:\/\/arantv.az\/wp-content\/uploads\/2019\/12\/810196-150x150.jpg",150,150,true],"medium":["https:\/\/arantv.az\/wp-content\/uploads\/2019\/12\/810196-300x225.jpg",300,225,true],"large":["https:\/\/arantv.az\/wp-content\/uploads\/2019\/12\/810196.jpg",640,480,false],"1536x1536":["https:\/\/arantv.az\/wp-content\/uploads\/2019\/12\/810196.jpg",800,600,false],"2048x2048":["https:\/\/arantv.az\/wp-content\/uploads\/2019\/12\/810196.jpg",800,600,false],"post-thumbnail":["https:\/\/arantv.az\/wp-content\/uploads\/2019\/12\/810196-240x172.jpg",240,172,true],"advps-thumb-one":["https:\/\/arantv.az\/wp-content\/uploads\/2019\/12\/810196.jpg",800,600,false]},"rttpg_author":{"display_name":"V\u00fcsal Rafiqo\u011flu","author_link":"https:\/\/arantv.az\/?author=2"},"rttpg_comment":0,"rttpg_category":"<a href=\"https:\/\/arantv.az\/?cat=1\" rel=\"category\">C\u0259miyy\u0259t<\/a>","rttpg_excerpt":"Az\u0259rbaycanda d\u00f6vl\u0259t hesab\u0131na v\u0259killik xidm\u0259ti g\u00f6st\u0259r\u0259n v\u0259kill\u0259r\u0259 \u00f6d\u0259nil\u0259n xidm\u0259t haqq\u0131n\u0131n vergil\u0259rd\u0259n azad edilm\u0259si \u00e7ox yax\u015f\u0131 olar. ARANTV.AZ\u00a0\u00a0Trend-\u0259 istinad\u0259n x\u0259b\u0259r verir ki, V\u0259kill\u0259r Kollegiyas\u0131n\u0131n R\u0259yas\u0259t hey\u0259tinin s\u0259dri Anar Ba\u011f\u0131rov jurnalistl\u0259r\u0259 a\u00e7\u0131qlamas\u0131nda deyib. Onun s\u00f6zl\u0259rin\u0259 g\u00f6r\u0259, \u00f6t\u0259n ilin fevral\u0131na q\u0259d\u0259r v\u0259kill\u0259r\u0259 d\u00f6vl\u0259t t\u0259r\u0259find\u0259n bir saatl\u0131q v\u0259killik f\u0259aliyy\u0259ti \u00fc\u00e7\u00fcn 2 manat \u00f6d\u0259nilirdi. Lakin \u00f6t\u0259n ilin fevral ay\u0131ndan Prezident&hellip;","_links":{"self":[{"href":"https:\/\/arantv.az\/index.php?rest_route=\/wp\/v2\/posts\/107017"}],"collection":[{"href":"https:\/\/arantv.az\/index.php?rest_route=\/wp\/v2\/posts"}],"about":[{"href":"https:\/\/arantv.az\/index.php?rest_route=\/wp\/v2\/types\/post"}],"author":[{"embeddable":true,"href":"https:\/\/arantv.az\/index.php?rest_route=\/wp\/v2\/users\/2"}],"replies":[{"embeddable":true,"href":"https:\/\/arantv.az\/index.php?rest_route=%2Fwp%2Fv2%2Fcomments&post=107017"}],"version-history":[{"count":0,"href":"https:\/\/arantv.az\/index.php?rest_route=\/wp\/v2\/posts\/107017\/revisions"}],"wp:featuredmedia":[{"embeddable":true,"href":"https:\/\/arantv.az\/index.php?rest_route=\/wp\/v2\/media\/107018"}],"wp:attachment":[{"href":"https:\/\/arantv.az\/index.php?rest_route=%2Fwp%2Fv2%2Fmedia&parent=107017"}],"wp:term":[{"taxonomy":"category","embeddable":true,"href":"https:\/\/arantv.az\/index.php?rest_route=%2Fwp%2Fv2%2Fcategories&post=107017"},{"taxonomy":"post_tag","embeddable":true,"href":"https:\/\/arantv.az\/index.php?rest_route=%2Fwp%2Fv2%2Ftags&post=107017"}],"curies":[{"name":"wp","href":"https:\/\/api.w.org\/{rel}","templated":true}]}}