{"id":107034,"date":"2019-12-13T13:09:16","date_gmt":"2019-12-13T10:09:16","guid":{"rendered":"http:\/\/arantv.az\/?p=107034"},"modified":"2019-12-13T13:09:16","modified_gmt":"2019-12-13T10:09:16","slug":"affa-q%c9%99b%c9%99l%c9%99-il%c9%99-bagli-q%c9%99rari-aciqladi","status":"publish","type":"post","link":"https:\/\/arantv.az\/?p=107034","title":{"rendered":"AFFA \u201cQ\u0259b\u0259l\u0259\u201d il\u0259 ba\u011fl\u0131 q\u0259rar\u0131 a\u00e7\u0131qlad\u0131"},"content":{"rendered":"<p>AFFA-n\u0131n \u0130craiyy\u0259 Komit\u0259sinin iclas\u0131 ke\u00e7irilib.<\/p>\n<p>Qurumun r\u0259smi sayt\u0131nda yer alan m\u0259lumata g\u00f6r\u0259, y\u0131\u011f\u0131ncaq AFFA-n\u0131n inzibati binas\u0131nda ba\u015f tutub.<\/p>\n<p>Apar\u0131lm\u0131\u015f m\u00fczakir\u0259l\u0259rd\u0259n sonra a\u015fa\u011f\u0131dak\u0131 q\u0259rarlar q\u0259bul olunub:<\/p>\n<p>1. 17 ya\u015fad\u0259k futbol\u00e7ulardan ibar\u0259t Az\u0259rbaycan milli komandas\u0131n\u0131n ba\u015f m\u0259\u015fq\u00e7isi V\u00fcqar M\u0259mm\u0259dl\u0259 m\u00fcqavil\u0259y\u0259 xitam verilsin. Komandan\u0131n ba\u015f m\u0259\u015fq\u00e7isi v\u0259zif\u0259sin\u0259 namiz\u0259dl\u0259rin m\u00fc\u0259yy\u0259nl\u0259\u015fdirilm\u0259si \u00fc\u00e7\u00fcn t\u0259klifl\u0259rin haz\u0131rlanmas\u0131 AFFA-n\u0131n M\u0259\u015fq\u00e7il\u0259r Komit\u0259sin\u0259 v\u0259 Texniki departament\u0259 h\u0259val\u0259 olunsun.<\/p>\n<p>2. Az\u0259rbaycan milli komandas\u0131n\u0131n ba\u015f m\u0259\u015fq\u00e7isi Nikola Yur\u00e7evi\u00e7l\u0259 m\u00fcqavil\u0259 dayand\u0131r\u0131ls\u0131n. Qar\u015f\u0131l\u0131ql\u0131 raz\u0131l\u0131q \u0259sas\u0131nda AFFA milli komandaya yeni ba\u015f m\u0259\u015fq\u00e7i axtar\u0131\u015f\u0131na ba\u015flamaq, Nikola Yur\u00e7evi\u00e7 is\u0259 yeni i\u015f yeri axtar\u0131\u015f\u0131na ba\u015flamaq h\u00fcququna malikdir.<\/p>\n<p>3. \u201cKlublar\u0131n lisenziyala\u015fd\u0131rmas\u0131 \u00fczr\u0259 v\u0259sait\u201din n\u00f6vb\u0259ti burax\u0131l\u0131\u015f\u0131 \u00fc\u00e7\u00fcn \u0259lav\u0259 v\u0259 d\u0259yi\u015fiklikl\u0259r q\u0259bul olunsun.<\/p>\n<p>4. AFFA-n\u0131n Fair Play m\u00fckafat\u0131 t\u0259sis olunsun v\u0259 \u018fsasnam\u0259sinin haz\u0131rlanmas\u0131 Ba\u015f katibliy\u0259 h\u0259val\u0259 olunsun.<\/p>\n<p>5. \u201cAz\u0259rbaycan Futbolunun Etik Kodeksi&#8221;nin haz\u0131rlanmas\u0131 Ba\u015f katibliy\u0259 h\u0259val\u0259 olunsun.<\/p>\n<p>6. 2020-ci il yanvar\u0131n 8-d\u0259 AFFA-n\u0131n n\u00f6vb\u0259d\u0259nk\u0259nar Konfrans\u0131 \u00e7a\u011f\u0131r\u0131ls\u0131n.<\/p>\n<p>6.1. AFFA-n\u0131n Nizamnam\u0259sin\u0259 \u0259lav\u0259 v\u0259 d\u0259yi\u015fiklikl\u0259rl\u0259 ba\u011fl\u0131 t\u0259klifl\u0259r haz\u0131rlanaraq AFFA-n\u0131n n\u00f6vb\u0259d\u0259nk\u0259nar Konfrans\u0131na t\u0259qdim olunsun.<\/p>\n<p>7. \u201cQ\u0259b\u0259l\u0259\u201d klubunun sponsorlar\u0131 klubu maliyy\u0259l\u0259\u015fdirm\u0259k\u0259n imtina ed\u0259c\u0259yi t\u0259qdird\u0259, lisenziyala\u015fd\u0131rma qaydalar\u0131na uy\u011fun olaraq klubun t\u0259qdim etdiyi bank z\u0259man\u0259ti aktivl\u0259\u015fdirilsin v\u0259 m\u0259s\u0259l\u0259 \u0130craiyy\u0259 Komit\u0259sinin n\u00f6vb\u0259ti iclas\u0131nda m\u00fczakir\u0259y\u0259 \u00e7\u0131xar\u0131ls\u0131n.<\/p>\n<p>8. AFFA-n\u0131n Futbol Veteranlar\u0131 Fondunun \u018fsanam\u0259sin\u0259 uy\u011fun olaraq a\u015fa\u011f\u0131da ad\u0131 g\u00f6st\u0259rilmi\u015f \u015f\u0259xsl\u0259r\u0259 m\u00fcvafiq t\u0259qa\u00fcd verilsin:<\/p>\n<p>Elbrus Abbasov<br \/>\nRafiq \u018flizad\u0259<br \/>\nS\u0259m\u0259da\u011fa \u015e\u0131xlarov<br \/>\nNovil \u0130smay\u0131lov<br \/>\nVahid Abbasov<br \/>\n\u00c7ingiz Ha\u015f\u0131mov<br \/>\n\u018fbd\u00fclq\u0259ni Nurm\u0259mm\u0259dov<br \/>\nTahir \u018fmiraslanov<br \/>\n\u015eakir Q\u0259ribov<br \/>\nOqtay Abdullayev<br \/>\nS\u0259m\u0259d Qurbanov \u2013 x\u00fcsusi t\u0259qa\u00fcd<br \/>\n\u0130sg\u0259nd\u0259r Cavadov \u2013 x\u00fcsusi t\u0259qa\u00fcd<\/p>\n<p>\u0130clasda \u201cElit M\u0259\u015fq\u201d kitab\u0131, G\u0259nc\u0259 \u015f\u0259h\u0259r stadionunun \u0259razisind\u0259 in\u015fa olunmu\u015f s\u00fcni \u00f6rt\u00fckl\u00fc yeni m\u0259\u015fq meydan\u0131 bar\u0259d\u0259 v\u0259 AVRO-2020-nin Bak\u0131da ke\u00e7iril\u0259c\u0259k oyunlar\u0131na haz\u0131rl\u0131q prosesi il\u0259 ba\u011fl\u0131 q\u0131sa m\u0259lumat verilib, Premyer Liqa klublar\u0131na u\u015faq futbolu \u00fc\u00e7\u00fcn UEFA-dan ayr\u0131lm\u0131\u015f maliyy\u0259 v\u0259saiti il\u0259 \u0259laq\u0259dar hesabat t\u0259qdim olunub.<\/p>\n<p>N\u0259tic\u0259si \u015f\u00fcbh\u0259 do\u011furan, \u201cdan\u0131\u015f\u0131lm\u0131\u015f\u201d oyunlarla ba\u011fl\u0131 x\u00fcsusi komissiyan\u0131n haz\u0131rlad\u0131\u011f\u0131 hesabat \u0130craiyy\u0259 Komit\u0259sin\u0259 t\u0259qdim olunub v\u0259 hesabata \u0259sas\u0259n, \u0130craiyy\u0259 Komit\u0259si bu g\u00fcn m\u00fcvafiq q\u0259rarlar\u0131n q\u0259bul olunmas\u0131 \u00fc\u00e7\u00fcn \u0130ntizam Komit\u0259sin\u0259 m\u00fcraci\u0259t edib.<\/p>\n","protected":false},"excerpt":{"rendered":"<p>AFFA-n\u0131n \u0130craiyy\u0259 Komit\u0259sinin iclas\u0131 ke\u00e7irilib. Qurumun r\u0259smi sayt\u0131nda yer alan m\u0259lumata g\u00f6r\u0259, y\u0131\u011f\u0131ncaq AFFA-n\u0131n inzibati binas\u0131nda ba\u015f tutub. Apar\u0131lm\u0131\u015f m\u00fczakir\u0259l\u0259rd\u0259n sonra a\u015fa\u011f\u0131dak\u0131 q\u0259rarlar q\u0259bul olunub: 1. 17 ya\u015fad\u0259k futbol\u00e7ulardan ibar\u0259t Az\u0259rbaycan milli komandas\u0131n\u0131n ba\u015f m\u0259\u015fq\u00e7isi V\u00fcqar M\u0259mm\u0259dl\u0259 m\u00fcqavil\u0259y\u0259 xitam verilsin. Komandan\u0131n ba\u015f m\u0259\u015fq\u00e7isi v\u0259zif\u0259sin\u0259 namiz\u0259dl\u0259rin m\u00fc\u0259yy\u0259nl\u0259\u015fdirilm\u0259si \u00fc\u00e7\u00fcn t\u0259klifl\u0259rin haz\u0131rlanmas\u0131 AFFA-n\u0131n M\u0259\u015fq\u00e7il\u0259r Komit\u0259sin\u0259 v\u0259 Texniki departament\u0259 h\u0259val\u0259 olunsun. 2. Az\u0259rbaycan milli komandas\u0131n\u0131n ba\u015f m\u0259\u015fq\u00e7isi Nikola Yur\u00e7evi\u00e7l\u0259 m\u00fcqavil\u0259 dayand\u0131r\u0131ls\u0131n. Qar\u015f\u0131l\u0131ql\u0131 raz\u0131l\u0131q \u0259sas\u0131nda AFFA milli komandaya yeni ba\u015f m\u0259\u015fq\u00e7i axtar\u0131\u015f\u0131na ba\u015flamaq, Nikola Yur\u00e7evi\u00e7 is\u0259 yeni i\u015f yeri axtar\u0131\u015f\u0131na ba\u015flamaq h\u00fcququna malikdir. 3. \u201cKlublar\u0131n&hellip;<\/p>\n","protected":false},"author":2,"featured_media":107035,"comment_status":"closed","ping_status":"closed","sticky":false,"template":"","format":"standard","meta":{"om_disable_all_campaigns":false,"_monsterinsights_skip_tracking":false,"_monsterinsights_sitenote_active":false,"_monsterinsights_sitenote_note":"","_monsterinsights_sitenote_category":0},"categories":[6],"tags":[],"aioseo_notices":[],"gutentor_comment":0,"rttpg_featured_image_url":{"full":["https:\/\/arantv.az\/wp-content\/uploads\/2019\/12\/photo.jpg",620,465,false],"landscape":["https:\/\/arantv.az\/wp-content\/uploads\/2019\/12\/photo.jpg",620,465,false],"portraits":["https:\/\/arantv.az\/wp-content\/uploads\/2019\/12\/photo.jpg",620,465,false],"thumbnail":["https:\/\/arantv.az\/wp-content\/uploads\/2019\/12\/photo-150x150.jpg",150,150,true],"medium":["https:\/\/arantv.az\/wp-content\/uploads\/2019\/12\/photo-300x225.jpg",300,225,true],"large":["https:\/\/arantv.az\/wp-content\/uploads\/2019\/12\/photo.jpg",620,465,false],"1536x1536":["https:\/\/arantv.az\/wp-content\/uploads\/2019\/12\/photo.jpg",620,465,false],"2048x2048":["https:\/\/arantv.az\/wp-content\/uploads\/2019\/12\/photo.jpg",620,465,false],"post-thumbnail":["https:\/\/arantv.az\/wp-content\/uploads\/2019\/12\/photo-240x172.jpg",240,172,true],"advps-thumb-one":["https:\/\/arantv.az\/wp-content\/uploads\/2019\/12\/photo.jpg",620,465,false]},"rttpg_author":{"display_name":"V\u00fcsal Rafiqo\u011flu","author_link":"https:\/\/arantv.az\/?author=2"},"rttpg_comment":0,"rttpg_category":"<a href=\"https:\/\/arantv.az\/?cat=6\" rel=\"category\">\u0130dman<\/a>","rttpg_excerpt":"AFFA-n\u0131n \u0130craiyy\u0259 Komit\u0259sinin iclas\u0131 ke\u00e7irilib. Qurumun r\u0259smi sayt\u0131nda yer alan m\u0259lumata g\u00f6r\u0259, y\u0131\u011f\u0131ncaq AFFA-n\u0131n inzibati binas\u0131nda ba\u015f tutub. Apar\u0131lm\u0131\u015f m\u00fczakir\u0259l\u0259rd\u0259n sonra a\u015fa\u011f\u0131dak\u0131 q\u0259rarlar q\u0259bul olunub: 1. 17 ya\u015fad\u0259k futbol\u00e7ulardan ibar\u0259t Az\u0259rbaycan milli komandas\u0131n\u0131n ba\u015f m\u0259\u015fq\u00e7isi V\u00fcqar M\u0259mm\u0259dl\u0259 m\u00fcqavil\u0259y\u0259 xitam verilsin. Komandan\u0131n ba\u015f m\u0259\u015fq\u00e7isi v\u0259zif\u0259sin\u0259 namiz\u0259dl\u0259rin m\u00fc\u0259yy\u0259nl\u0259\u015fdirilm\u0259si \u00fc\u00e7\u00fcn t\u0259klifl\u0259rin haz\u0131rlanmas\u0131 AFFA-n\u0131n M\u0259\u015fq\u00e7il\u0259r Komit\u0259sin\u0259 v\u0259 Texniki departament\u0259&hellip;","_links":{"self":[{"href":"https:\/\/arantv.az\/index.php?rest_route=\/wp\/v2\/posts\/107034"}],"collection":[{"href":"https:\/\/arantv.az\/index.php?rest_route=\/wp\/v2\/posts"}],"about":[{"href":"https:\/\/arantv.az\/index.php?rest_route=\/wp\/v2\/types\/post"}],"author":[{"embeddable":true,"href":"https:\/\/arantv.az\/index.php?rest_route=\/wp\/v2\/users\/2"}],"replies":[{"embeddable":true,"href":"https:\/\/arantv.az\/index.php?rest_route=%2Fwp%2Fv2%2Fcomments&post=107034"}],"version-history":[{"count":0,"href":"https:\/\/arantv.az\/index.php?rest_route=\/wp\/v2\/posts\/107034\/revisions"}],"wp:featuredmedia":[{"embeddable":true,"href":"https:\/\/arantv.az\/index.php?rest_route=\/wp\/v2\/media\/107035"}],"wp:attachment":[{"href":"https:\/\/arantv.az\/index.php?rest_route=%2Fwp%2Fv2%2Fmedia&parent=107034"}],"wp:term":[{"taxonomy":"category","embeddable":true,"href":"https:\/\/arantv.az\/index.php?rest_route=%2Fwp%2Fv2%2Fcategories&post=107034"},{"taxonomy":"post_tag","embeddable":true,"href":"https:\/\/arantv.az\/index.php?rest_route=%2Fwp%2Fv2%2Ftags&post=107034"}],"curies":[{"name":"wp","href":"https:\/\/api.w.org\/{rel}","templated":true}]}}