{"id":107062,"date":"2019-12-13T13:38:24","date_gmt":"2019-12-13T10:38:24","guid":{"rendered":"http:\/\/arantv.az\/?p=107062"},"modified":"2019-12-13T13:38:24","modified_gmt":"2019-12-13T10:38:24","slug":"heyd%c9%99r-%c9%99liyev-prospektind%c9%99-d%c9%99hs%c9%99tli-q%c9%99za-ol%c9%99n-v%c9%99-yaralananlar-var","status":"publish","type":"post","link":"https:\/\/arantv.az\/?p=107062","title":{"rendered":"Heyd\u0259r \u018fliyev prospektind\u0259 d\u0259h\u015f\u0259tli q\u0259za &#8211; \u00d6l\u0259n v\u0259 yaralananlar var"},"content":{"rendered":"<p>Dekabr\u0131n 12-d\u0259 saat 20 rad\u0259l\u0259rind\u0259 \u0130mi\u015fli \u015f\u0259h\u0259rind\u0259 a\u011f\u0131r yol q\u0259zas\u0131 ba\u015f verib.<\/p>\n<p><strong>ARANTV.AZ\u00a0<\/strong> x\u0259b\u0259r verir ki, \u0130mi\u015fli \u015f\u0259h\u0259ri Heyd\u0259r \u018fliyev prospektind\u0259 K.Mirz\u0259zad\u0259nin idar\u0259 etdiyi &#8220;QAZ-33021&#8221; v\u0259 Beyl\u0259qan rayon sakini Emin Quliyevin idar\u0259 etdiyi &#8220;VAZ-2106&#8221; markal\u0131 avtomobill\u0259r toqqu\u015fub. N\u0259tic\u0259d\u0259 E.Quliyev hadis\u0259 yerind\u0259 \u00f6l\u00fcb, s\u0259rni\u015fini v\u0259 dig\u0259r s\u00fcr\u00fcc\u00fc x\u0259st\u0259xanaya yerl\u0259\u015fdirilibl\u0259r.<\/p>\n<div id=\"AdviadNativeVideo0\" class=\"AdviadNativeVideo\"><\/div>\n<p>\u0130mi\u015fli RP\u015e t\u0259r\u0259find\u0259n ara\u015fd\u0131rma apar\u0131l\u0131r.Sonxeber.az<\/p>\n","protected":false},"excerpt":{"rendered":"<p>Dekabr\u0131n 12-d\u0259 saat 20 rad\u0259l\u0259rind\u0259 \u0130mi\u015fli \u015f\u0259h\u0259rind\u0259 a\u011f\u0131r yol q\u0259zas\u0131 ba\u015f verib. ARANTV.AZ\u00a0 x\u0259b\u0259r verir ki, \u0130mi\u015fli \u015f\u0259h\u0259ri Heyd\u0259r \u018fliyev prospektind\u0259 K.Mirz\u0259zad\u0259nin idar\u0259 etdiyi &#8220;QAZ-33021&#8221; v\u0259 Beyl\u0259qan rayon sakini Emin Quliyevin idar\u0259 etdiyi &#8220;VAZ-2106&#8221; markal\u0131 avtomobill\u0259r toqqu\u015fub. N\u0259tic\u0259d\u0259 E.Quliyev hadis\u0259 yerind\u0259 \u00f6l\u00fcb, s\u0259rni\u015fini v\u0259 dig\u0259r s\u00fcr\u00fcc\u00fc x\u0259st\u0259xanaya yerl\u0259\u015fdirilibl\u0259r. \u0130mi\u015fli RP\u015e t\u0259r\u0259find\u0259n ara\u015fd\u0131rma apar\u0131l\u0131r.Sonxeber.az<\/p>\n","protected":false},"author":2,"featured_media":107063,"comment_status":"closed","ping_status":"closed","sticky":false,"template":"","format":"standard","meta":{"om_disable_all_campaigns":false,"_monsterinsights_skip_tracking":false,"_monsterinsights_sitenote_active":false,"_monsterinsights_sitenote_note":"","_monsterinsights_sitenote_category":0},"categories":[5],"tags":[],"aioseo_notices":[],"gutentor_comment":0,"rttpg_featured_image_url":{"full":["https:\/\/arantv.az\/wp-content\/uploads\/2019\/12\/1576233047qeza_vaz_21015.jpg",549,309,false],"landscape":["https:\/\/arantv.az\/wp-content\/uploads\/2019\/12\/1576233047qeza_vaz_21015.jpg",549,309,false],"portraits":["https:\/\/arantv.az\/wp-content\/uploads\/2019\/12\/1576233047qeza_vaz_21015.jpg",549,309,false],"thumbnail":["https:\/\/arantv.az\/wp-content\/uploads\/2019\/12\/1576233047qeza_vaz_21015-150x150.jpg",150,150,true],"medium":["https:\/\/arantv.az\/wp-content\/uploads\/2019\/12\/1576233047qeza_vaz_21015-300x169.jpg",300,169,true],"large":["https:\/\/arantv.az\/wp-content\/uploads\/2019\/12\/1576233047qeza_vaz_21015.jpg",549,309,false],"1536x1536":["https:\/\/arantv.az\/wp-content\/uploads\/2019\/12\/1576233047qeza_vaz_21015.jpg",549,309,false],"2048x2048":["https:\/\/arantv.az\/wp-content\/uploads\/2019\/12\/1576233047qeza_vaz_21015.jpg",549,309,false],"post-thumbnail":["https:\/\/arantv.az\/wp-content\/uploads\/2019\/12\/1576233047qeza_vaz_21015-240x172.jpg",240,172,true],"advps-thumb-one":["https:\/\/arantv.az\/wp-content\/uploads\/2019\/12\/1576233047qeza_vaz_21015.jpg",549,309,false]},"rttpg_author":{"display_name":"V\u00fcsal Rafiqo\u011flu","author_link":"https:\/\/arantv.az\/?author=2"},"rttpg_comment":0,"rttpg_category":"<a href=\"https:\/\/arantv.az\/?cat=5\" rel=\"category\">Hadis\u0259<\/a>","rttpg_excerpt":"Dekabr\u0131n 12-d\u0259 saat 20 rad\u0259l\u0259rind\u0259 \u0130mi\u015fli \u015f\u0259h\u0259rind\u0259 a\u011f\u0131r yol q\u0259zas\u0131 ba\u015f verib. ARANTV.AZ\u00a0 x\u0259b\u0259r verir ki, \u0130mi\u015fli \u015f\u0259h\u0259ri Heyd\u0259r \u018fliyev prospektind\u0259 K.Mirz\u0259zad\u0259nin idar\u0259 etdiyi &#8220;QAZ-33021&#8221; v\u0259 Beyl\u0259qan rayon sakini Emin Quliyevin idar\u0259 etdiyi &#8220;VAZ-2106&#8221; markal\u0131 avtomobill\u0259r toqqu\u015fub. N\u0259tic\u0259d\u0259 E.Quliyev hadis\u0259 yerind\u0259 \u00f6l\u00fcb, s\u0259rni\u015fini v\u0259 dig\u0259r s\u00fcr\u00fcc\u00fc x\u0259st\u0259xanaya yerl\u0259\u015fdirilibl\u0259r. \u0130mi\u015fli RP\u015e t\u0259r\u0259find\u0259n ara\u015fd\u0131rma apar\u0131l\u0131r.Sonxeber.az","_links":{"self":[{"href":"https:\/\/arantv.az\/index.php?rest_route=\/wp\/v2\/posts\/107062"}],"collection":[{"href":"https:\/\/arantv.az\/index.php?rest_route=\/wp\/v2\/posts"}],"about":[{"href":"https:\/\/arantv.az\/index.php?rest_route=\/wp\/v2\/types\/post"}],"author":[{"embeddable":true,"href":"https:\/\/arantv.az\/index.php?rest_route=\/wp\/v2\/users\/2"}],"replies":[{"embeddable":true,"href":"https:\/\/arantv.az\/index.php?rest_route=%2Fwp%2Fv2%2Fcomments&post=107062"}],"version-history":[{"count":0,"href":"https:\/\/arantv.az\/index.php?rest_route=\/wp\/v2\/posts\/107062\/revisions"}],"wp:featuredmedia":[{"embeddable":true,"href":"https:\/\/arantv.az\/index.php?rest_route=\/wp\/v2\/media\/107063"}],"wp:attachment":[{"href":"https:\/\/arantv.az\/index.php?rest_route=%2Fwp%2Fv2%2Fmedia&parent=107062"}],"wp:term":[{"taxonomy":"category","embeddable":true,"href":"https:\/\/arantv.az\/index.php?rest_route=%2Fwp%2Fv2%2Fcategories&post=107062"},{"taxonomy":"post_tag","embeddable":true,"href":"https:\/\/arantv.az\/index.php?rest_route=%2Fwp%2Fv2%2Ftags&post=107062"}],"curies":[{"name":"wp","href":"https:\/\/api.w.org\/{rel}","templated":true}]}}