{"id":107070,"date":"2019-12-13T13:43:37","date_gmt":"2019-12-13T10:43:37","guid":{"rendered":"http:\/\/arantv.az\/?p=107070"},"modified":"2019-12-13T13:43:37","modified_gmt":"2019-12-13T10:43:37","slug":"ilham-%c9%99liyev-h%c9%99st%c9%99rxan-vilay%c9%99tinin-qubernatorunu-q%c9%99bul-etdi-yenil%c9%99nib-foto","status":"publish","type":"post","link":"https:\/\/arantv.az\/?p=107070","title":{"rendered":"\u0130lham \u018fliyev H\u0259\u015ft\u0259rxan vilay\u0259tinin qubernatorunu q\u0259bul etdi &#8211; YEN\u0130L\u018fN\u0130B + FOTO"},"content":{"rendered":"<p>Az\u0259rbaycan Respublikas\u0131n\u0131n Prezidenti \u0130lham \u018fliyev dekabr\u0131n 13-d\u0259 Rusiya Federasiyas\u0131 H\u0259\u015ft\u0259rxan vilay\u0259tinin qubernatoru \u0130qor Babu\u015fkinin ba\u015f\u00e7\u0131l\u0131q etdiyi n\u00fcmay\u0259nd\u0259 hey\u0259tini q\u0259bul edib.<\/p>\n<p><strong>ARANTV.AZ<\/strong> x\u0259b\u0259r verir ki, qonaqlar\u0131 salamlayan\u00a0<strong>Prezident \u0130lham \u018fliyev<\/strong>\u00a0deyib:<\/p>\n<p>\u201cXo\u015f g\u0259lmisiniz, sizi g\u00f6rm\u0259yim\u0259 \u015fadam.<\/p>\n<div id=\"AdviadNativeVideo0\" class=\"AdviadNativeVideo\"><\/div>\n<p>\u00c7ox \u015fadam ki, siz H\u0259\u015ft\u0259rxan vilay\u0259tinin r\u0259hb\u0259ri t\u0259yin edil\u0259nd\u0259n az sonra Az\u0259rbaycana g\u0259lmisiniz. Bu, \u00e7ox yax\u015f\u0131 \u0259lam\u0259tdir, bizim t\u0259r\u0259fda\u015fl\u0131\u011f\u0131m\u0131z\u0131n, dostlu\u011fumuzun \u0259lam\u0259tidir. H\u0259\u015ft\u0259rxan il\u0259 Bak\u0131n\u0131 uzun qar\u015f\u0131l\u0131ql\u0131 f\u0259aliyy\u0259t, t\u0259r\u0259fda\u015fl\u0131q v\u0259 \u0259m\u0259kda\u015fl\u0131q tarixi ba\u011flay\u0131r. Biz X\u0259z\u0259rin sahilind\u0259 yerl\u0259\u015firik, ona g\u00f6r\u0259 d\u0259 m\u00fcnasib\u0259tl\u0259rimizin tarixi ke\u00e7mi\u015f \u0259srl\u0259rin d\u0259rinlikl\u0259rin\u0259 gedir. M\u0259n d\u0259 H\u0259\u015ft\u0259rxana s\u0259f\u0259rim zaman\u0131 bu \u015f\u0259h\u0259rl\u0259 tan\u0131\u015f olmaq imkan\u0131 \u0259ld\u0259 etdim. O c\u00fcml\u0259d\u0259n m\u0259n\u0259 \u0259m\u0259kda\u015fl\u0131\u011f\u0131m\u0131z\u0131n tarixi bar\u0259d\u0259 m\u0259lumat verildi. Bu \u0259m\u0259kda\u015fl\u0131q h\u0259qiq\u0259t\u0259n h\u0259mi\u015f\u0259 \u00e7ox m\u00fcsb\u0259t olub. Bu g\u00fcn d\u0259 biz \u00e7ox f\u0259al qar\u0131\u015fl\u0131ql\u0131 f\u0259aliyy\u0259t g\u00f6st\u0259ririk. Rusiya regionlar\u0131 aras\u0131nda H\u0259\u015ft\u0259rxan vilay\u0259ti il\u0259 Az\u0259rbaycan\u0131n x\u00fcsusi m\u00fcnasib\u0259tl\u0259ri var. Bu, bir daha bizim tariximiz\u0259 v\u0259 son vaxtlar \u00e7oxlu m\u00fc\u015ft\u0259r\u0259k layih\u0259l\u0259rimiz\u0259 \u0259saslan\u0131r.<\/p>\n<p>Bildiyiniz kimi, H\u0259\u015ft\u0259rxanda Az\u0259rbaycan \u0130\u015fg\u00fczar M\u0259rk\u0259zi yarad\u0131l\u0131b, ke\u00e7\u0259n il h\u0259min m\u0259rk\u0259zin a\u00e7\u0131l\u0131\u015f\u0131 olub. M\u0259n\u0259 veril\u0259n m\u0259lumata g\u00f6r\u0259, Bak\u0131da H\u0259\u015ft\u0259rxan \u0130\u015fg\u00fczar M\u0259rk\u0259zi d\u0259 a\u00e7\u0131l\u0131\u015f \u00fc\u00e7\u00fcn haz\u0131rd\u0131r v\u0259 onun tikintisi dem\u0259k olar ki, ba\u015fa \u00e7atd\u0131r\u0131l\u0131b. Bu, \u00e7ox m\u00fch\u00fcm hadis\u0259dir, \u00e7\u00fcnki biz bu i\u015fg\u00fczar m\u0259rk\u0259zl\u0259r vasit\u0259sil\u0259 qar\u015f\u0131l\u0131ql\u0131 ticar\u0259ti inki\u015faf etdir\u0259c\u0259yik. Bu g\u00fcn m\u0259n cari ilin 9 ay\u0131n\u0131n m\u0259lumatlar\u0131na baxm\u0131\u015fam. Bizd\u0259 \u0259mt\u0259\u0259 d\u00f6vriyy\u0259si art\u0131m\u0131n\u0131n o q\u0259d\u0259r d\u0259 \u00e7ox olmamas\u0131 m\u00fc\u015fahid\u0259 edilir, amma h\u0259r halda burada da m\u00fcsb\u0259t dinamika var.<\/p>\n<p>H\u0259\u015ft\u0259rxan il\u0259 Bak\u0131n\u0131 ba\u011flayan amill\u0259r \u00e7oxdur. \u018flb\u0259tt\u0259, g\u0259l\u0259c\u0259kd\u0259 birg\u0259 f\u0259aliyy\u0259timizi el\u0259 planla\u015fd\u0131rmal\u0131y\u0131q ki, qar\u015f\u0131l\u0131ql\u0131 \u0259laq\u0259l\u0259rimiz daha s\u0131x olsun. Biz art\u0131q birba\u015fa aviasiya \u0259laq\u0259sin\u0259 malikik. Bu da \u00e7ox m\u00fcsb\u0259t m\u0259qamd\u0131r. Hesab edirik ki, h\u0259m bizim turistl\u0259r, h\u0259m d\u0259 H\u0259\u015ft\u0259rxandan olan turistl\u0259r daha \u00e7ox qar\u0131\u015fl\u0131ql\u0131 s\u0259f\u0259rl\u0259r ed\u0259c\u0259kl\u0259r. \u00dcmumiyy\u0259tl\u0259, Az\u0259rbaycana g\u0259l\u0259n rusiyal\u0131 turistl\u0259rin say\u0131 art\u0131r. Fikrimc\u0259, bu il h\u0259min r\u0259q\u0259m bir milyon n\u0259f\u0259r\u0259 yax\u0131n olacaq. Bel\u0259likl\u0259, bu da \u0259m\u0259kda\u015fl\u0131\u011f\u0131n, dostlu\u011fun yax\u015f\u0131 g\u00f6st\u0259ricisidir v\u0259 bizim v\u0259t\u0259nda\u015flar\u0131m\u0131z bir-birin\u0259 ba\u015f \u00e7\u0259k\u0259nd\u0259 \u00f6zl\u0259rini rahat hiss edirl\u0259r.<\/p>\n<p>B\u00fct\u00f6vl\u00fckd\u0259 bu il Rusiya-Az\u0259rbaycan m\u00fcnasib\u0259tl\u0259ri \u00fc\u00e7\u00fcn \u00e7ox u\u011furlu olub. Y\u00fcks\u0259k s\u0259viyy\u0259d\u0259, nazirl\u0259r, qanunverici hakimiyy\u0259tin r\u0259hb\u0259rl\u0259ri s\u0259viyy\u0259sind\u0259 \u0259laq\u0259l\u0259r, biznes forumlar xeyli \u00e7ox olub. Bu yax\u0131nlarda Moskvada regional forum ke\u00e7irilib. Buna g\u00f6r\u0259 biz ili siyasi sah\u0259d\u0259 yax\u015f\u0131 n\u0259tic\u0259l\u0259rl\u0259, \u0259mt\u0259\u0259 d\u00f6vriyy\u0259sinin xeyli artmas\u0131 il\u0259 ba\u015fa vururuq v\u0259 g\u0259l\u0259n il\u0259 b\u00f6y\u00fck nikbinlikl\u0259 bax\u0131r\u0131q. \u00c7\u00fcnki \u0259min\u0259m ki, Rusiya-Az\u0259rbaycan m\u00fcnasib\u0259tl\u0259ri \u00f6lk\u0259l\u0259rimizin, xalqlar\u0131m\u0131z\u0131n rifah\u0131 namin\u0259 durmadan inki\u015faf ed\u0259c\u0259k v\u0259 biz, \u0259lb\u0259tt\u0259, \u00f6z t\u0259r\u0259fda\u015flar\u0131m\u0131zla \u0259n\u0259n\u0259vi \u0259laq\u0259l\u0259ri m\u00f6hk\u0259ml\u0259d\u0259c\u0259yik. Bir daha xo\u015f g\u0259lmisiniz. Bak\u0131da vaxt\u0131n\u0131z\u0131n xo\u015f ke\u00e7m\u0259sini arzu edir\u0259m\u201d.<\/p>\n<p>Rusiyan\u0131n H\u0259\u015ft\u0259rxan vilay\u0259tinin qubernatoru\u00a0<strong>\u0130qor Babu\u015fkin<\/strong>\u00a0deyib:<\/p>\n<p>\u201c\u00c7ox sa\u011f olun, h\u00f6rm\u0259tli \u0130lham Heyd\u0259r o\u011flu. \u0130caz\u0259 verin, ilk n\u00f6vb\u0259d\u0259, Siz\u0259 d\u0259rin ehtiram\u0131m\u0131 v\u0259 \u015f\u0259xs\u0259n g\u00f6r\u00fc\u015fm\u0259k imkan\u0131na g\u00f6r\u0259 t\u0259\u015f\u0259kk\u00fcr\u00fcm\u00fc bildirim. H\u0259qiq\u0259t\u0259n, Az\u0259rbaycan Respublikas\u0131 H\u0259\u015ft\u0259rxan vilay\u0259ti \u00fc\u00e7\u00fcn X\u0259z\u0259ryan\u0131 regionda \u0259sas t\u0259r\u0259fda\u015flardan biridir. Uzun m\u00fcdd\u0259t \u0259rzind\u0259 \u0259mt\u0259\u0259 d\u00f6vriyy\u0259si, turizm sah\u0259sind\u0259 bu c\u00fcr s\u0131x m\u00fcnasib\u0259tl\u0259r, i\u015fg\u00fczar \u0259laq\u0259l\u0259r yaran\u0131b. M\u00fcasir m\u0259rh\u0259l\u0259d\u0259 bizim iqtisadi \u0259laq\u0259l\u0259rimizin flaqman\u0131, he\u00e7 \u015f\u00fcbh\u0259siz, xarici ticar\u0259t d\u00f6vriyy\u0259sidir. Siz dediyiniz kimi, 10 ay \u0259rzind\u0259 xarici ticar\u0259tin h\u0259cmi kifay\u0259t q\u0259d\u0259r b\u00f6y\u00fckd\u00fcr v\u0259 faiz nisb\u0259tind\u0259 art\u0131m m\u00fc\u015fahid\u0259 edirik.<\/p>\n<p>Biz ticari \u0259laq\u0259l\u0259rimizin geni\u015fl\u0259nm\u0259si perspektivini ke\u00e7\u0259n il H\u0259\u015ft\u0259rxanda a\u00e7\u0131lm\u0131\u015f Az\u0259rbaycan \u0130\u015fg\u00fczar M\u0259rk\u0259zinin i\u015fi il\u0259 ba\u011flay\u0131r\u0131q. D\u00fcn\u0259n biz H\u0259\u015ft\u0259rxan \u0130\u015fg\u00fczar M\u0259rk\u0259zinin tikintisinin gedi\u015fi il\u0259 tan\u0131\u015f olmaq imkan\u0131 \u0259ld\u0259 etdik. Dem\u0259k ist\u0259yir\u0259m ki, i\u015fin gedi\u015find\u0259n \u00e7ox raz\u0131y\u0131q v\u0259 hesab edirik ki, iyunun \u0259vv\u0259lind\u0259 biz bu m\u0259rk\u0259zi t\u0259nt\u0259n\u0259li \u015f\u0259kild\u0259 a\u00e7a bil\u0259c\u0259yik. Siz dediyiniz kimi, H\u0259\u015ft\u0259rxanda v\u0259 Bak\u0131da bu c\u00fcr m\u0259rk\u0259zl\u0259r h\u0259qiq\u0259t\u0259n bizim ticari v\u0259 m\u0259d\u0259ni \u0259laq\u0259l\u0259rimizin inki\u015faf\u0131 \u00fc\u00e7\u00fcn yax\u015f\u0131 vasit\u0259 olacaq.<\/p>\n<p>Fikrimizc\u0259, n\u0259qliyyat sah\u0259sind\u0259 u\u011furlu \u0259m\u0259kda\u015fl\u0131\u011f\u0131 n\u00fcmun\u0259 g\u00f6st\u0259rm\u0259k olar\u201d.<\/p>\n<p><em><strong>11:58<\/strong><\/em><\/p>\n<p>Az\u0259rbaycan Respublikas\u0131n\u0131n Prezidenti \u0130lham \u018fliyev dekabr\u0131n 13-d\u0259 Rusiya Federasiyas\u0131 H\u0259\u015ft\u0259rxan vilay\u0259tinin qubernatoru \u0130qor Babu\u015fkinin ba\u015f\u00e7\u0131l\u0131q etdiyi n\u00fcmay\u0259nd\u0259 hey\u0259tini q\u0259bul edib.<\/p>\n<p>Bununla ba\u011fl\u0131\u00a0<a href=\"https:\/\/azertag.az\/xeber\/Prezident_Ilham_Aliyev_Rusiyanin_Hesterxan_vilayetinin_qubernatorunun_baschiliq_etdiyi_numayende_heyetini_qebul_edib_YENILANACAK-1366786\" target=\"_blank\" rel=\"noopener\">AZ\u018fRTAC<\/a>\u00a0m\u0259lumat yay\u0131b.<\/p>\n<div class=\"gallery\">\n<div class=\"gallery-i\"><img src=\"https:\/\/assets.oxu.az\/uploads\/W1siZiIsIjIwMTkvMTIvMTMvMTEvNTkvMzQvNDFhMjdlOGYtYmRmYy00NGNkLThlZDEtZjc0YjlmNTMxNzdlLzE1NzYyMjM1NTgyNTI4NTMzMDc1XzEwMDB4NjY5LmpwZyJdLFsicCIsImVuY29kZSIsImpwZyIsIi1xdWFsaXR5IDgwIl0sWyJwIiwidGh1bWIiLCI1OTB4NTkwXHUwMDNlIl1d?sha=36697a46d5fc98d6\" alt=\"\" \/><\/p>\n<div class=\"gallery-i-caption\"><\/div>\n<\/div>\n<div class=\"gallery-i\"><img src=\"https:\/\/assets.oxu.az\/uploads\/W1siZiIsIjIwMTkvMTIvMTMvMTEvNTkvNDAvZTlkZDdlNmYtNDY4ZS00ZDQ3LWI1MTEtYjFjZjcwM2NmZWZlLzE1NzYyMjM1NTg0MTQ3MTQyNTkxXzEwMDB4NjY5LmpwZyJdLFsicCIsImVuY29kZSIsImpwZyIsIi1xdWFsaXR5IDgwIl0sWyJwIiwidGh1bWIiLCI1OTB4NTkwXHUwMDNlIl1d?sha=02a575ea49ef6ce5\" alt=\"\" \/><\/div>\n<\/div>\n","protected":false},"excerpt":{"rendered":"<p>Az\u0259rbaycan Respublikas\u0131n\u0131n Prezidenti \u0130lham \u018fliyev dekabr\u0131n 13-d\u0259 Rusiya Federasiyas\u0131 H\u0259\u015ft\u0259rxan vilay\u0259tinin qubernatoru \u0130qor Babu\u015fkinin ba\u015f\u00e7\u0131l\u0131q etdiyi n\u00fcmay\u0259nd\u0259 hey\u0259tini q\u0259bul edib. ARANTV.AZ x\u0259b\u0259r verir ki, qonaqlar\u0131 salamlayan\u00a0Prezident \u0130lham \u018fliyev\u00a0deyib: \u201cXo\u015f g\u0259lmisiniz, sizi g\u00f6rm\u0259yim\u0259 \u015fadam. \u00c7ox \u015fadam ki, siz H\u0259\u015ft\u0259rxan vilay\u0259tinin r\u0259hb\u0259ri t\u0259yin edil\u0259nd\u0259n az sonra Az\u0259rbaycana g\u0259lmisiniz. Bu, \u00e7ox yax\u015f\u0131 \u0259lam\u0259tdir, bizim t\u0259r\u0259fda\u015fl\u0131\u011f\u0131m\u0131z\u0131n, dostlu\u011fumuzun \u0259lam\u0259tidir. H\u0259\u015ft\u0259rxan il\u0259 Bak\u0131n\u0131 uzun qar\u015f\u0131l\u0131ql\u0131 f\u0259aliyy\u0259t, t\u0259r\u0259fda\u015fl\u0131q v\u0259 \u0259m\u0259kda\u015fl\u0131q tarixi ba\u011flay\u0131r. Biz X\u0259z\u0259rin sahilind\u0259 yerl\u0259\u015firik, ona g\u00f6r\u0259 d\u0259 m\u00fcnasib\u0259tl\u0259rimizin tarixi ke\u00e7mi\u015f \u0259srl\u0259rin d\u0259rinlikl\u0259rin\u0259 gedir. M\u0259n d\u0259 H\u0259\u015ft\u0259rxana s\u0259f\u0259rim zaman\u0131 bu \u015f\u0259h\u0259rl\u0259 tan\u0131\u015f olmaq imkan\u0131 \u0259ld\u0259 etdim.&hellip;<\/p>\n","protected":false},"author":2,"featured_media":107071,"comment_status":"closed","ping_status":"closed","sticky":false,"template":"","format":"standard","meta":{"om_disable_all_campaigns":false,"_monsterinsights_skip_tracking":false,"_monsterinsights_sitenote_active":false,"_monsterinsights_sitenote_note":"","_monsterinsights_sitenote_category":0},"categories":[4],"tags":[],"aioseo_notices":[],"gutentor_comment":0,"rttpg_featured_image_url":{"full":["https:\/\/arantv.az\/wp-content\/uploads\/2019\/12\/15762235582207629734_1000x669.jpg",620,447,false],"landscape":["https:\/\/arantv.az\/wp-content\/uploads\/2019\/12\/15762235582207629734_1000x669.jpg",620,447,false],"portraits":["https:\/\/arantv.az\/wp-content\/uploads\/2019\/12\/15762235582207629734_1000x669.jpg",620,447,false],"thumbnail":["https:\/\/arantv.az\/wp-content\/uploads\/2019\/12\/15762235582207629734_1000x669-150x150.jpg",150,150,true],"medium":["https:\/\/arantv.az\/wp-content\/uploads\/2019\/12\/15762235582207629734_1000x669-300x216.jpg",300,216,true],"large":["https:\/\/arantv.az\/wp-content\/uploads\/2019\/12\/15762235582207629734_1000x669.jpg",620,447,false],"1536x1536":["https:\/\/arantv.az\/wp-content\/uploads\/2019\/12\/15762235582207629734_1000x669.jpg",620,447,false],"2048x2048":["https:\/\/arantv.az\/wp-content\/uploads\/2019\/12\/15762235582207629734_1000x669.jpg",620,447,false],"post-thumbnail":["https:\/\/arantv.az\/wp-content\/uploads\/2019\/12\/15762235582207629734_1000x669-240x172.jpg",240,172,true],"advps-thumb-one":["https:\/\/arantv.az\/wp-content\/uploads\/2019\/12\/15762235582207629734_1000x669.jpg",620,447,false]},"rttpg_author":{"display_name":"V\u00fcsal Rafiqo\u011flu","author_link":"https:\/\/arantv.az\/?author=2"},"rttpg_comment":0,"rttpg_category":"<a href=\"https:\/\/arantv.az\/?cat=4\" rel=\"category\">Siyas\u0259t<\/a>","rttpg_excerpt":"Az\u0259rbaycan Respublikas\u0131n\u0131n Prezidenti \u0130lham \u018fliyev dekabr\u0131n 13-d\u0259 Rusiya Federasiyas\u0131 H\u0259\u015ft\u0259rxan vilay\u0259tinin qubernatoru \u0130qor Babu\u015fkinin ba\u015f\u00e7\u0131l\u0131q etdiyi n\u00fcmay\u0259nd\u0259 hey\u0259tini q\u0259bul edib. ARANTV.AZ x\u0259b\u0259r verir ki, qonaqlar\u0131 salamlayan\u00a0Prezident \u0130lham \u018fliyev\u00a0deyib: \u201cXo\u015f g\u0259lmisiniz, sizi g\u00f6rm\u0259yim\u0259 \u015fadam. \u00c7ox \u015fadam ki, siz H\u0259\u015ft\u0259rxan vilay\u0259tinin r\u0259hb\u0259ri t\u0259yin edil\u0259nd\u0259n az sonra Az\u0259rbaycana g\u0259lmisiniz. Bu, \u00e7ox yax\u015f\u0131 \u0259lam\u0259tdir, bizim t\u0259r\u0259fda\u015fl\u0131\u011f\u0131m\u0131z\u0131n, dostlu\u011fumuzun \u0259lam\u0259tidir. H\u0259\u015ft\u0259rxan&hellip;","_links":{"self":[{"href":"https:\/\/arantv.az\/index.php?rest_route=\/wp\/v2\/posts\/107070"}],"collection":[{"href":"https:\/\/arantv.az\/index.php?rest_route=\/wp\/v2\/posts"}],"about":[{"href":"https:\/\/arantv.az\/index.php?rest_route=\/wp\/v2\/types\/post"}],"author":[{"embeddable":true,"href":"https:\/\/arantv.az\/index.php?rest_route=\/wp\/v2\/users\/2"}],"replies":[{"embeddable":true,"href":"https:\/\/arantv.az\/index.php?rest_route=%2Fwp%2Fv2%2Fcomments&post=107070"}],"version-history":[{"count":0,"href":"https:\/\/arantv.az\/index.php?rest_route=\/wp\/v2\/posts\/107070\/revisions"}],"wp:featuredmedia":[{"embeddable":true,"href":"https:\/\/arantv.az\/index.php?rest_route=\/wp\/v2\/media\/107071"}],"wp:attachment":[{"href":"https:\/\/arantv.az\/index.php?rest_route=%2Fwp%2Fv2%2Fmedia&parent=107070"}],"wp:term":[{"taxonomy":"category","embeddable":true,"href":"https:\/\/arantv.az\/index.php?rest_route=%2Fwp%2Fv2%2Fcategories&post=107070"},{"taxonomy":"post_tag","embeddable":true,"href":"https:\/\/arantv.az\/index.php?rest_route=%2Fwp%2Fv2%2Ftags&post=107070"}],"curies":[{"name":"wp","href":"https:\/\/api.w.org\/{rel}","templated":true}]}}