{"id":107090,"date":"2019-12-13T14:09:22","date_gmt":"2019-12-13T11:09:22","guid":{"rendered":"http:\/\/arantv.az\/?p=107090"},"modified":"2019-12-13T14:09:22","modified_gmt":"2019-12-13T11:09:22","slug":"abs-in-rusiyadaki-yeni-s%c9%99firi-o-az%c9%99rbaycanla","status":"publish","type":"post","link":"https:\/\/arantv.az\/?p=107090","title":{"rendered":"AB\u015e-\u0131n Rusiyadak\u0131 yeni s\u0259firi \u2013 O, Az\u0259rbaycanla&#8230;"},"content":{"rendered":"<p>AB\u015e-\u0131n Rusiyadak\u0131 yeni s\u0259firi Con Sallivan vaxt\u0131 il\u0259 Az\u0259rbaycanla apar\u0131lan dan\u0131\u015f\u0131qlarda i\u015ftirak edib.<\/p>\n<p><strong>ARANTV.AZ<\/strong>\u00a0 x\u0259b\u0259r verir ki, C.Sallivan 2007-2009-cu ill\u0259rd\u0259 Ticar\u0259t nazirinin m\u00fcavini olub.<\/p>\n<p>O, bu v\u0259zif\u0259d\u0259 \u00c7in, \u0130srail, G\u00fcrc\u00fcstan, Az\u0259rbaycan v\u0259 dig\u0259r \u00f6lk\u0259l\u0259rd\u0259 apar\u0131lan dan\u0131\u015f\u0131qlar zaman\u0131 n\u00fcmay\u0259nd\u0259 hey\u0259tl\u0259rin\u0259 r\u0259hb\u0259rlik edib.<\/p>\n<p>O, 2010-2016-c\u0131 ill\u0259rd\u0259 Ticar\u0259t Departamentind\u0259 AB\u015e v\u0259 \u0130raq aras\u0131nda iqtisadi \u0259laq\u0259l\u0259r \u00fczr\u0259 h\u00f6kum\u0259t komissiyas\u0131n\u0131n s\u0259dri olub.<\/p>\n<p>C.Sallivan 2017-ci ilin may ay\u0131nda D\u00f6vl\u0259t katibinin m\u00fcavini v\u0259zif\u0259sin\u0259 t\u0259sdiql\u0259nib.<\/p>\n<p>O, AB\u015e-\u0131n \u0130randak\u0131 sonuncu s\u0259firi Vilyam Sallivan\u0131n (1977-1977) qarda\u015f\u0131 o\u011fludur.Oxu.Az<\/p>\n","protected":false},"excerpt":{"rendered":"<p>AB\u015e-\u0131n Rusiyadak\u0131 yeni s\u0259firi Con Sallivan vaxt\u0131 il\u0259 Az\u0259rbaycanla apar\u0131lan dan\u0131\u015f\u0131qlarda i\u015ftirak edib. ARANTV.AZ\u00a0 x\u0259b\u0259r verir ki, C.Sallivan 2007-2009-cu ill\u0259rd\u0259 Ticar\u0259t nazirinin m\u00fcavini olub. O, bu v\u0259zif\u0259d\u0259 \u00c7in, \u0130srail, G\u00fcrc\u00fcstan, Az\u0259rbaycan v\u0259 dig\u0259r \u00f6lk\u0259l\u0259rd\u0259 apar\u0131lan dan\u0131\u015f\u0131qlar zaman\u0131 n\u00fcmay\u0259nd\u0259 hey\u0259tl\u0259rin\u0259 r\u0259hb\u0259rlik edib. O, 2010-2016-c\u0131 ill\u0259rd\u0259 Ticar\u0259t Departamentind\u0259 AB\u015e v\u0259 \u0130raq aras\u0131nda iqtisadi \u0259laq\u0259l\u0259r \u00fczr\u0259 h\u00f6kum\u0259t komissiyas\u0131n\u0131n s\u0259dri olub. C.Sallivan 2017-ci ilin may ay\u0131nda D\u00f6vl\u0259t katibinin m\u00fcavini v\u0259zif\u0259sin\u0259 t\u0259sdiql\u0259nib. O, AB\u015e-\u0131n \u0130randak\u0131 sonuncu s\u0259firi Vilyam Sallivan\u0131n (1977-1977) qarda\u015f\u0131 o\u011fludur.Oxu.Az<\/p>\n","protected":false},"author":2,"featured_media":107091,"comment_status":"closed","ping_status":"closed","sticky":false,"template":"","format":"standard","meta":{"om_disable_all_campaigns":false,"_monsterinsights_skip_tracking":false,"_monsterinsights_sitenote_active":false,"_monsterinsights_sitenote_note":"","_monsterinsights_sitenote_category":0},"categories":[7],"tags":[],"aioseo_notices":[],"gutentor_comment":0,"rttpg_featured_image_url":{"full":["https:\/\/arantv.az\/wp-content\/uploads\/2019\/12\/5277311.jpg",620,394,false],"landscape":["https:\/\/arantv.az\/wp-content\/uploads\/2019\/12\/5277311.jpg",620,394,false],"portraits":["https:\/\/arantv.az\/wp-content\/uploads\/2019\/12\/5277311.jpg",620,394,false],"thumbnail":["https:\/\/arantv.az\/wp-content\/uploads\/2019\/12\/5277311-150x150.jpg",150,150,true],"medium":["https:\/\/arantv.az\/wp-content\/uploads\/2019\/12\/5277311-300x191.jpg",300,191,true],"large":["https:\/\/arantv.az\/wp-content\/uploads\/2019\/12\/5277311.jpg",620,394,false],"1536x1536":["https:\/\/arantv.az\/wp-content\/uploads\/2019\/12\/5277311.jpg",620,394,false],"2048x2048":["https:\/\/arantv.az\/wp-content\/uploads\/2019\/12\/5277311.jpg",620,394,false],"post-thumbnail":["https:\/\/arantv.az\/wp-content\/uploads\/2019\/12\/5277311-240x172.jpg",240,172,true],"advps-thumb-one":["https:\/\/arantv.az\/wp-content\/uploads\/2019\/12\/5277311.jpg",620,394,false]},"rttpg_author":{"display_name":"V\u00fcsal Rafiqo\u011flu","author_link":"https:\/\/arantv.az\/?author=2"},"rttpg_comment":0,"rttpg_category":"<a href=\"https:\/\/arantv.az\/?cat=7\" rel=\"category\">D\u00fcnya<\/a>","rttpg_excerpt":"AB\u015e-\u0131n Rusiyadak\u0131 yeni s\u0259firi Con Sallivan vaxt\u0131 il\u0259 Az\u0259rbaycanla apar\u0131lan dan\u0131\u015f\u0131qlarda i\u015ftirak edib. ARANTV.AZ\u00a0 x\u0259b\u0259r verir ki, C.Sallivan 2007-2009-cu ill\u0259rd\u0259 Ticar\u0259t nazirinin m\u00fcavini olub. O, bu v\u0259zif\u0259d\u0259 \u00c7in, \u0130srail, G\u00fcrc\u00fcstan, Az\u0259rbaycan v\u0259 dig\u0259r \u00f6lk\u0259l\u0259rd\u0259 apar\u0131lan dan\u0131\u015f\u0131qlar zaman\u0131 n\u00fcmay\u0259nd\u0259 hey\u0259tl\u0259rin\u0259 r\u0259hb\u0259rlik edib. O, 2010-2016-c\u0131 ill\u0259rd\u0259 Ticar\u0259t Departamentind\u0259 AB\u015e v\u0259 \u0130raq aras\u0131nda iqtisadi \u0259laq\u0259l\u0259r \u00fczr\u0259 h\u00f6kum\u0259t komissiyas\u0131n\u0131n&hellip;","_links":{"self":[{"href":"https:\/\/arantv.az\/index.php?rest_route=\/wp\/v2\/posts\/107090"}],"collection":[{"href":"https:\/\/arantv.az\/index.php?rest_route=\/wp\/v2\/posts"}],"about":[{"href":"https:\/\/arantv.az\/index.php?rest_route=\/wp\/v2\/types\/post"}],"author":[{"embeddable":true,"href":"https:\/\/arantv.az\/index.php?rest_route=\/wp\/v2\/users\/2"}],"replies":[{"embeddable":true,"href":"https:\/\/arantv.az\/index.php?rest_route=%2Fwp%2Fv2%2Fcomments&post=107090"}],"version-history":[{"count":0,"href":"https:\/\/arantv.az\/index.php?rest_route=\/wp\/v2\/posts\/107090\/revisions"}],"wp:featuredmedia":[{"embeddable":true,"href":"https:\/\/arantv.az\/index.php?rest_route=\/wp\/v2\/media\/107091"}],"wp:attachment":[{"href":"https:\/\/arantv.az\/index.php?rest_route=%2Fwp%2Fv2%2Fmedia&parent=107090"}],"wp:term":[{"taxonomy":"category","embeddable":true,"href":"https:\/\/arantv.az\/index.php?rest_route=%2Fwp%2Fv2%2Fcategories&post=107090"},{"taxonomy":"post_tag","embeddable":true,"href":"https:\/\/arantv.az\/index.php?rest_route=%2Fwp%2Fv2%2Ftags&post=107090"}],"curies":[{"name":"wp","href":"https:\/\/api.w.org\/{rel}","templated":true}]}}