{"id":107179,"date":"2019-12-13T15:30:16","date_gmt":"2019-12-13T12:30:16","guid":{"rendered":"http:\/\/arantv.az\/?p=107179"},"modified":"2019-12-13T15:30:16","modified_gmt":"2019-12-13T12:30:16","slug":"vilay%c9%99t-eyvazovdan-yeni-t%c9%99yinat-19","status":"publish","type":"post","link":"https:\/\/arantv.az\/?p=107179","title":{"rendered":"Vilay\u0259t Eyvazovdan yeni &#8211; T\u018fY\u0130NAT"},"content":{"rendered":"<p>Daxili i\u015fl\u0259r orqanlar\u0131nda yeni kadr t\u0259yinat\u0131 olub.<\/p>\n<div id=\"AdviadNativeVideo0\" class=\"AdviadNativeVideo\"><\/div>\n<p><b>ARANTV.AZ\u00a0\u00a0<\/b>azvision.az-a istinad\u0259n x\u0259b\u0259r verir ki, Daxili \u0130\u015fl\u0259r naziri, general-polkovnik Vilay\u0259t Eyvazovun \u0259mri il\u0259 polis mayoru Tural Hac\u0131yev S\u0259bail Rayon Polis \u0130dar\u0259sinin \u0130stintaq \u015f\u00f6b\u0259sin\u0259 r\u0259is t\u0259yin olunub.<\/p>\n<p>Qeyd ed\u0259k ki, Tural Hac\u0131yev bundan \u0259vv\u0259l Bak\u0131 \u015f\u0259h\u0259r Ba\u015f Polis \u0130dar\u0259sind\u0259 m\u00fcst\u0259ntiq v\u0259zif\u0259sind\u0259 i\u015fl\u0259yib.<\/p>\n","protected":false},"excerpt":{"rendered":"<p>Daxili i\u015fl\u0259r orqanlar\u0131nda yeni kadr t\u0259yinat\u0131 olub. ARANTV.AZ\u00a0\u00a0azvision.az-a istinad\u0259n x\u0259b\u0259r verir ki, Daxili \u0130\u015fl\u0259r naziri, general-polkovnik Vilay\u0259t Eyvazovun \u0259mri il\u0259 polis mayoru Tural Hac\u0131yev S\u0259bail Rayon Polis \u0130dar\u0259sinin \u0130stintaq \u015f\u00f6b\u0259sin\u0259 r\u0259is t\u0259yin olunub. Qeyd ed\u0259k ki, Tural Hac\u0131yev bundan \u0259vv\u0259l Bak\u0131 \u015f\u0259h\u0259r Ba\u015f Polis \u0130dar\u0259sind\u0259 m\u00fcst\u0259ntiq v\u0259zif\u0259sind\u0259 i\u015fl\u0259yib.<\/p>\n","protected":false},"author":2,"featured_media":107180,"comment_status":"closed","ping_status":"closed","sticky":false,"template":"","format":"standard","meta":{"om_disable_all_campaigns":false,"_monsterinsights_skip_tracking":false,"_monsterinsights_sitenote_active":false,"_monsterinsights_sitenote_note":"","_monsterinsights_sitenote_category":0},"categories":[1],"tags":[],"aioseo_notices":[],"gutentor_comment":0,"rttpg_featured_image_url":{"full":["https:\/\/arantv.az\/wp-content\/uploads\/2019\/12\/157623967512648533405df3823be8dd0.jpg",620,375,false],"landscape":["https:\/\/arantv.az\/wp-content\/uploads\/2019\/12\/157623967512648533405df3823be8dd0.jpg",620,375,false],"portraits":["https:\/\/arantv.az\/wp-content\/uploads\/2019\/12\/157623967512648533405df3823be8dd0.jpg",620,375,false],"thumbnail":["https:\/\/arantv.az\/wp-content\/uploads\/2019\/12\/157623967512648533405df3823be8dd0-150x150.jpg",150,150,true],"medium":["https:\/\/arantv.az\/wp-content\/uploads\/2019\/12\/157623967512648533405df3823be8dd0-300x181.jpg",300,181,true],"large":["https:\/\/arantv.az\/wp-content\/uploads\/2019\/12\/157623967512648533405df3823be8dd0.jpg",620,375,false],"1536x1536":["https:\/\/arantv.az\/wp-content\/uploads\/2019\/12\/157623967512648533405df3823be8dd0.jpg",620,375,false],"2048x2048":["https:\/\/arantv.az\/wp-content\/uploads\/2019\/12\/157623967512648533405df3823be8dd0.jpg",620,375,false],"post-thumbnail":["https:\/\/arantv.az\/wp-content\/uploads\/2019\/12\/157623967512648533405df3823be8dd0-240x172.jpg",240,172,true],"advps-thumb-one":["https:\/\/arantv.az\/wp-content\/uploads\/2019\/12\/157623967512648533405df3823be8dd0.jpg",620,375,false]},"rttpg_author":{"display_name":"V\u00fcsal Rafiqo\u011flu","author_link":"https:\/\/arantv.az\/?author=2"},"rttpg_comment":0,"rttpg_category":"<a href=\"https:\/\/arantv.az\/?cat=1\" rel=\"category\">C\u0259miyy\u0259t<\/a>","rttpg_excerpt":"Daxili i\u015fl\u0259r orqanlar\u0131nda yeni kadr t\u0259yinat\u0131 olub. ARANTV.AZ\u00a0\u00a0azvision.az-a istinad\u0259n x\u0259b\u0259r verir ki, Daxili \u0130\u015fl\u0259r naziri, general-polkovnik Vilay\u0259t Eyvazovun \u0259mri il\u0259 polis mayoru Tural Hac\u0131yev S\u0259bail Rayon Polis \u0130dar\u0259sinin \u0130stintaq \u015f\u00f6b\u0259sin\u0259 r\u0259is t\u0259yin olunub. Qeyd ed\u0259k ki, Tural Hac\u0131yev bundan \u0259vv\u0259l Bak\u0131 \u015f\u0259h\u0259r Ba\u015f Polis \u0130dar\u0259sind\u0259 m\u00fcst\u0259ntiq v\u0259zif\u0259sind\u0259 i\u015fl\u0259yib.","_links":{"self":[{"href":"https:\/\/arantv.az\/index.php?rest_route=\/wp\/v2\/posts\/107179"}],"collection":[{"href":"https:\/\/arantv.az\/index.php?rest_route=\/wp\/v2\/posts"}],"about":[{"href":"https:\/\/arantv.az\/index.php?rest_route=\/wp\/v2\/types\/post"}],"author":[{"embeddable":true,"href":"https:\/\/arantv.az\/index.php?rest_route=\/wp\/v2\/users\/2"}],"replies":[{"embeddable":true,"href":"https:\/\/arantv.az\/index.php?rest_route=%2Fwp%2Fv2%2Fcomments&post=107179"}],"version-history":[{"count":0,"href":"https:\/\/arantv.az\/index.php?rest_route=\/wp\/v2\/posts\/107179\/revisions"}],"wp:featuredmedia":[{"embeddable":true,"href":"https:\/\/arantv.az\/index.php?rest_route=\/wp\/v2\/media\/107180"}],"wp:attachment":[{"href":"https:\/\/arantv.az\/index.php?rest_route=%2Fwp%2Fv2%2Fmedia&parent=107179"}],"wp:term":[{"taxonomy":"category","embeddable":true,"href":"https:\/\/arantv.az\/index.php?rest_route=%2Fwp%2Fv2%2Fcategories&post=107179"},{"taxonomy":"post_tag","embeddable":true,"href":"https:\/\/arantv.az\/index.php?rest_route=%2Fwp%2Fv2%2Ftags&post=107179"}],"curies":[{"name":"wp","href":"https:\/\/api.w.org\/{rel}","templated":true}]}}