{"id":107210,"date":"2019-12-13T16:05:39","date_gmt":"2019-12-13T13:05:39","guid":{"rendered":"http:\/\/arantv.az\/?p=107210"},"modified":"2019-12-13T16:05:39","modified_gmt":"2019-12-13T13:05:39","slug":"erm%c9%99nistanla-s%c9%99rh%c9%99dd%c9%99-doyus-movqel%c9%99ri-15-17-kilometr-ir%c9%99li-c%c9%99kilib-r%c9%99smi","status":"publish","type":"post","link":"https:\/\/arantv.az\/?p=107210","title":{"rendered":"Erm\u0259nistanla s\u0259rh\u0259dd\u0259 d\u00f6y\u00fc\u015f m\u00f6vqel\u0259ri 1,5-1,7 kilometr ir\u0259li \u00e7\u0259kilib &#8211; R\u018fSM\u0130"},"content":{"rendered":"<p>Az\u0259rbay\u00adcan Respublikas\u0131n\u0131n Prezidenti Silahl\u0131 Q\u00fcvv\u0259l\u0259rin Ali Ba\u015f Ko\u00admandan\u0131 \u0130lham \u018fliyevin tap\u015f\u0131r\u0131\u011f\u0131 \u0259sas\u0131nda Erm\u0259nistan il\u0259 d\u00f6vl\u0259t s\u0259r\u00adh\u0259dinin Qazax v\u0259 A\u011fstafa rayonlar\u0131 \u0259razisind\u0259n ke\u00e7\u0259n hiss\u0259sind\u0259, t\u0259mas x\u0259t\u00adtind\u0259 t\u0259hvil al\u0131nan d\u00f6y\u00fc\u015f postlar\u0131nda b\u00f6y\u00fck miqyasl\u0131 i\u015fl\u0259r g\u00f6r\u00fcl\u00fcb.<\/p>\n<p><b>ARANTV.AZ\u00a0<\/b>x\u0259b\u0259r verir ki, bu bar\u0259d\u0259 D\u00f6vl\u0259t S\u0259rh\u0259d Xidm\u0259tinin 2019-cu ild\u0259 xidm\u0259ti-d\u00f6y\u00fc\u015f f\u0259aliyy\u0259tinin yekunlar\u0131na h\u0259sr olunan hesabat m\u00fc\u015favir\u0259sind\u0259 bildirilib.<\/p>\n<p>Hesabatda qeyd olunub ki,\u00a0 Az\u0259rbaycan Respublikas\u0131n\u0131n Prezidenti Silahl\u0131 Q\u00fcvv\u0259l\u0259rin Ali Ba\u015f Komandan\u0131 c\u0259nab \u0130lham \u018fliyevin tap\u015f\u0131r\u0131\u011f\u0131 \u0259sas\u0131nda Erm\u0259nistan il\u0259 d\u00f6vl\u0259t s\u0259rh\u0259dinin Qazax v\u0259 A\u011fstafa rayonlar\u0131 \u0259razisind\u0259n ke\u00e7\u0259n hiss\u0259sind\u0259, t\u0259mas x\u0259ttind\u0259 t\u0259hvil al\u0131nm\u0131\u015f d\u00f6y\u00fc\u015f postlar\u0131nda b\u00f6y\u00fck miqyasl\u0131 i\u015fl\u0259r g\u00f6r\u00fcl\u00fcb.<\/p>\n<p>Qeyd olunub ki, mart v\u0259 iyun-iyul aylar\u0131nda d\u00fc\u015fm\u0259nin Qazax rayonunun Babakar da\u011f\u0131 istiqa\u00adm\u0259tind\u0259 \u00f6z m\u00f6vqel\u0259rini Az\u0259rbaycan \u0259razisin\u0259 do\u011fru ir\u0259li \u00e7\u0259km\u0259k c\u0259hdl\u0259ri vaxt\u0131nda a\u015fkarlan\u0131b, qabaqlay\u0131c\u0131 t\u0259dbirl\u0259r n\u0259tic\u0259sind\u0259 s\u0259rh\u0259d d\u00f6y\u00fc\u015f m\u0259nt\u0259\u00adq\u0259l\u0259rinin d\u00f6y\u00fc\u015f m\u00f6vqel\u0259rinin 1,5-1,7 km ir\u0259li \u00e7\u0259kilm\u0259sin\u0259, n\u0259tic\u0259d\u0259 m\u00fcqabil \u0259razid\u0259ki G\u00fcrc\u00fcstandan Erm\u0259nistana ged\u0259n qaz x\u0259ttinin v\u0259 qaz-kompressor stansiyas\u0131n\u0131n tam n\u0259zar\u0259td\u0259 saxlan\u0131lmas\u0131na nail olunub.\u00a0Oxu.Az<\/p>\n","protected":false},"excerpt":{"rendered":"<p>Az\u0259rbay\u00adcan Respublikas\u0131n\u0131n Prezidenti Silahl\u0131 Q\u00fcvv\u0259l\u0259rin Ali Ba\u015f Ko\u00admandan\u0131 \u0130lham \u018fliyevin tap\u015f\u0131r\u0131\u011f\u0131 \u0259sas\u0131nda Erm\u0259nistan il\u0259 d\u00f6vl\u0259t s\u0259r\u00adh\u0259dinin Qazax v\u0259 A\u011fstafa rayonlar\u0131 \u0259razisind\u0259n ke\u00e7\u0259n hiss\u0259sind\u0259, t\u0259mas x\u0259t\u00adtind\u0259 t\u0259hvil al\u0131nan d\u00f6y\u00fc\u015f postlar\u0131nda b\u00f6y\u00fck miqyasl\u0131 i\u015fl\u0259r g\u00f6r\u00fcl\u00fcb. ARANTV.AZ\u00a0x\u0259b\u0259r verir ki, bu bar\u0259d\u0259 D\u00f6vl\u0259t S\u0259rh\u0259d Xidm\u0259tinin 2019-cu ild\u0259 xidm\u0259ti-d\u00f6y\u00fc\u015f f\u0259aliyy\u0259tinin yekunlar\u0131na h\u0259sr olunan hesabat m\u00fc\u015favir\u0259sind\u0259 bildirilib. Hesabatda qeyd olunub ki,\u00a0 Az\u0259rbaycan Respublikas\u0131n\u0131n Prezidenti Silahl\u0131 Q\u00fcvv\u0259l\u0259rin Ali Ba\u015f Komandan\u0131 c\u0259nab \u0130lham \u018fliyevin tap\u015f\u0131r\u0131\u011f\u0131 \u0259sas\u0131nda Erm\u0259nistan il\u0259 d\u00f6vl\u0259t s\u0259rh\u0259dinin Qazax v\u0259 A\u011fstafa rayonlar\u0131 \u0259razisind\u0259n ke\u00e7\u0259n hiss\u0259sind\u0259, t\u0259mas x\u0259ttind\u0259 t\u0259hvil al\u0131nm\u0131\u015f d\u00f6y\u00fc\u015f postlar\u0131nda b\u00f6y\u00fck miqyasl\u0131 i\u015fl\u0259r g\u00f6r\u00fcl\u00fcb. Qeyd&hellip;<\/p>\n","protected":false},"author":2,"featured_media":107211,"comment_status":"closed","ping_status":"closed","sticky":false,"template":"","format":"standard","meta":{"om_disable_all_campaigns":false,"_monsterinsights_skip_tracking":false,"_monsterinsights_sitenote_active":false,"_monsterinsights_sitenote_note":"","_monsterinsights_sitenote_category":0},"categories":[1],"tags":[],"aioseo_notices":[],"gutentor_comment":0,"rttpg_featured_image_url":{"full":["https:\/\/arantv.az\/wp-content\/uploads\/2019\/12\/s\u00c9_rh\u00c9_d.jpg",620,349,false],"landscape":["https:\/\/arantv.az\/wp-content\/uploads\/2019\/12\/s\u00c9_rh\u00c9_d.jpg",620,349,false],"portraits":["https:\/\/arantv.az\/wp-content\/uploads\/2019\/12\/s\u00c9_rh\u00c9_d.jpg",620,349,false],"thumbnail":["https:\/\/arantv.az\/wp-content\/uploads\/2019\/12\/s\u00c9_rh\u00c9_d-150x150.jpg",150,150,true],"medium":["https:\/\/arantv.az\/wp-content\/uploads\/2019\/12\/s\u00c9_rh\u00c9_d-300x169.jpg",300,169,true],"large":["https:\/\/arantv.az\/wp-content\/uploads\/2019\/12\/s\u00c9_rh\u00c9_d.jpg",620,349,false],"1536x1536":["https:\/\/arantv.az\/wp-content\/uploads\/2019\/12\/s\u00c9_rh\u00c9_d.jpg",620,349,false],"2048x2048":["https:\/\/arantv.az\/wp-content\/uploads\/2019\/12\/s\u00c9_rh\u00c9_d.jpg",620,349,false],"post-thumbnail":["https:\/\/arantv.az\/wp-content\/uploads\/2019\/12\/s\u00c9_rh\u00c9_d-240x172.jpg",240,172,true],"advps-thumb-one":["https:\/\/arantv.az\/wp-content\/uploads\/2019\/12\/s\u00c9_rh\u00c9_d.jpg",620,349,false]},"rttpg_author":{"display_name":"V\u00fcsal Rafiqo\u011flu","author_link":"https:\/\/arantv.az\/?author=2"},"rttpg_comment":0,"rttpg_category":"<a href=\"https:\/\/arantv.az\/?cat=1\" rel=\"category\">C\u0259miyy\u0259t<\/a>","rttpg_excerpt":"Az\u0259rbay\u00adcan Respublikas\u0131n\u0131n Prezidenti Silahl\u0131 Q\u00fcvv\u0259l\u0259rin Ali Ba\u015f Ko\u00admandan\u0131 \u0130lham \u018fliyevin tap\u015f\u0131r\u0131\u011f\u0131 \u0259sas\u0131nda Erm\u0259nistan il\u0259 d\u00f6vl\u0259t s\u0259r\u00adh\u0259dinin Qazax v\u0259 A\u011fstafa rayonlar\u0131 \u0259razisind\u0259n ke\u00e7\u0259n hiss\u0259sind\u0259, t\u0259mas x\u0259t\u00adtind\u0259 t\u0259hvil al\u0131nan d\u00f6y\u00fc\u015f postlar\u0131nda b\u00f6y\u00fck miqyasl\u0131 i\u015fl\u0259r g\u00f6r\u00fcl\u00fcb. ARANTV.AZ\u00a0x\u0259b\u0259r verir ki, bu bar\u0259d\u0259 D\u00f6vl\u0259t S\u0259rh\u0259d Xidm\u0259tinin 2019-cu ild\u0259 xidm\u0259ti-d\u00f6y\u00fc\u015f f\u0259aliyy\u0259tinin yekunlar\u0131na h\u0259sr olunan hesabat m\u00fc\u015favir\u0259sind\u0259 bildirilib. Hesabatda qeyd olunub ki,\u00a0&hellip;","_links":{"self":[{"href":"https:\/\/arantv.az\/index.php?rest_route=\/wp\/v2\/posts\/107210"}],"collection":[{"href":"https:\/\/arantv.az\/index.php?rest_route=\/wp\/v2\/posts"}],"about":[{"href":"https:\/\/arantv.az\/index.php?rest_route=\/wp\/v2\/types\/post"}],"author":[{"embeddable":true,"href":"https:\/\/arantv.az\/index.php?rest_route=\/wp\/v2\/users\/2"}],"replies":[{"embeddable":true,"href":"https:\/\/arantv.az\/index.php?rest_route=%2Fwp%2Fv2%2Fcomments&post=107210"}],"version-history":[{"count":0,"href":"https:\/\/arantv.az\/index.php?rest_route=\/wp\/v2\/posts\/107210\/revisions"}],"wp:featuredmedia":[{"embeddable":true,"href":"https:\/\/arantv.az\/index.php?rest_route=\/wp\/v2\/media\/107211"}],"wp:attachment":[{"href":"https:\/\/arantv.az\/index.php?rest_route=%2Fwp%2Fv2%2Fmedia&parent=107210"}],"wp:term":[{"taxonomy":"category","embeddable":true,"href":"https:\/\/arantv.az\/index.php?rest_route=%2Fwp%2Fv2%2Fcategories&post=107210"},{"taxonomy":"post_tag","embeddable":true,"href":"https:\/\/arantv.az\/index.php?rest_route=%2Fwp%2Fv2%2Ftags&post=107210"}],"curies":[{"name":"wp","href":"https:\/\/api.w.org\/{rel}","templated":true}]}}