{"id":107222,"date":"2019-12-13T16:08:22","date_gmt":"2019-12-13T13:08:22","guid":{"rendered":"http:\/\/arantv.az\/?p=107222"},"modified":"2019-12-13T16:08:22","modified_gmt":"2019-12-13T13:08:22","slug":"c%c9%99nub-qaz-d%c9%99hlizi-il%c9%99-bagli-dovl%c9%99t-komissiyasinin-t%c9%99rkibi-d%c9%99yisdirilib","status":"publish","type":"post","link":"https:\/\/arantv.az\/?p=107222","title":{"rendered":"C\u0259nub Qaz D\u0259hlizi il\u0259 ba\u011fl\u0131 D\u00f6vl\u0259t Komissiyas\u0131n\u0131n t\u0259rkibi d\u0259yi\u015fdirilib"},"content":{"rendered":"<p>Prezident \u0130lham \u018fliyev &#8220;Az\u0259rbaycan t\u0259bii qaz\u0131n\u0131n d\u00fcnya bazar\u0131na C\u0259nub Qaz D\u0259hlizi vasit\u0259sil\u0259 n\u0259qli il\u0259 \u0259laq\u0259dar t\u0259dbirl\u0259r haqq\u0131nda&#8221; Az\u0259rbaycan Respublikas\u0131 Prezidentinin 2013-c\u00fc il 29 oktyabr tarixli 15 n\u00f6mr\u0259li S\u0259r\u0259ncam\u0131nda d\u0259yi\u015fiklik edilm\u0259si bar\u0259d\u0259 s\u0259r\u0259ncam imzalay\u0131b.<\/p>\n<p><strong>ARANTV.AZ<\/strong>\u00a0\u00a0<a href=\"https:\/\/azertag.az\/\" target=\"_blank\" rel=\"noopener\">AZ\u018fRTAC<\/a>-a istinad\u0259n x\u0259b\u0259r verir ki, S\u0259r\u0259ncama \u0259sas\u0259n, &#8220;Az\u0259rbaycan t\u0259bii qaz\u0131n\u0131n d\u00fcnya bazar\u0131na C\u0259nub Qaz D\u0259hlizi vasit\u0259sil\u0259 n\u0259qli il\u0259 \u0259laq\u0259dar t\u0259dbirl\u0259r haqq\u0131nda&#8221; Az\u0259rbaycan Respublikas\u0131 Prezidentinin 2013-c\u00fc il 29 oktyabr tarixli 15 n\u00f6mr\u0259li S\u0259r\u0259ncam\u0131n\u0131n (Az\u0259rbaycan Respublikas\u0131n\u0131n Qanunvericilik Toplusu, 2013, \u2116 10, madd\u0259 1188; 2016, \u2116 8, madd\u0259 1384; 2018, \u2116 6, madd\u0259 1297) 1-ci hiss\u0259si il\u0259 t\u0259sdiq edilmi\u015f D\u00f6vl\u0259t Komissiyas\u0131n\u0131n t\u0259rkibi a\u015fa\u011f\u0131dak\u0131 redaksiyada verilir:<\/p>\n<p><strong>&#8220;Komissiyan\u0131n s\u0259dri<\/strong><\/p>\n<p>Az\u0259rbaycan Respublikas\u0131 Ba\u015f nazirinin birinci m\u00fcavini<\/p>\n<p><strong>Komissiyan\u0131n \u00fczvl\u0259ri<\/strong><\/p>\n<p>Az\u0259rbaycan Respublikas\u0131 Prezidentinin k\u00f6m\u0259k\u00e7isi &#8211; Az\u0259rbaycan Respublikas\u0131 Prezidentinin Administrasiyas\u0131n\u0131n \u0130qtisadi m\u0259s\u0259l\u0259l\u0259r v\u0259 innovativ inki\u015faf siyas\u0259ti \u015f\u00f6b\u0259sinin m\u00fcdiri<\/p>\n<p>Az\u0259rbaycan Respublikas\u0131n\u0131n energetika naziri<\/p>\n<p>Az\u0259rbaycan Respublikas\u0131n\u0131n iqtisadiyyat naziri<\/p>\n<p>Az\u0259rbaycan Respublikas\u0131n\u0131n maliyy\u0259 naziri<\/p>\n<p>Az\u0259rbaycan Respublikas\u0131n\u0131n ekologiya v\u0259 t\u0259bii s\u0259rv\u0259tl\u0259r naziri<\/p>\n<p>Az\u0259rbaycan Respublikas\u0131 D\u00f6vl\u0259t Neft \u015eirk\u0259tinin prezidenti<\/p>\n<p>Az\u0259rbaycan Respublikas\u0131 D\u00f6vl\u0259t Neft Fondunun icra\u00e7\u0131 direktoru.&#8221;.<\/p>\n<p>D\u00f6vl\u0259t Komissiyas\u0131na tap\u015f\u0131r\u0131ls\u0131n ki, bu S\u0259r\u0259ncamdan ir\u0259li g\u0259l\u0259n m\u0259s\u0259l\u0259l\u0259ri h\u0259ll ed\u0259c\u0259k.<\/p>\n","protected":false},"excerpt":{"rendered":"<p>Prezident \u0130lham \u018fliyev &#8220;Az\u0259rbaycan t\u0259bii qaz\u0131n\u0131n d\u00fcnya bazar\u0131na C\u0259nub Qaz D\u0259hlizi vasit\u0259sil\u0259 n\u0259qli il\u0259 \u0259laq\u0259dar t\u0259dbirl\u0259r haqq\u0131nda&#8221; Az\u0259rbaycan Respublikas\u0131 Prezidentinin 2013-c\u00fc il 29 oktyabr tarixli 15 n\u00f6mr\u0259li S\u0259r\u0259ncam\u0131nda d\u0259yi\u015fiklik edilm\u0259si bar\u0259d\u0259 s\u0259r\u0259ncam imzalay\u0131b. ARANTV.AZ\u00a0\u00a0AZ\u018fRTAC-a istinad\u0259n x\u0259b\u0259r verir ki, S\u0259r\u0259ncama \u0259sas\u0259n, &#8220;Az\u0259rbaycan t\u0259bii qaz\u0131n\u0131n d\u00fcnya bazar\u0131na C\u0259nub Qaz D\u0259hlizi vasit\u0259sil\u0259 n\u0259qli il\u0259 \u0259laq\u0259dar t\u0259dbirl\u0259r haqq\u0131nda&#8221; Az\u0259rbaycan Respublikas\u0131 Prezidentinin 2013-c\u00fc il 29 oktyabr tarixli 15 n\u00f6mr\u0259li S\u0259r\u0259ncam\u0131n\u0131n (Az\u0259rbaycan Respublikas\u0131n\u0131n Qanunvericilik Toplusu, 2013, \u2116 10, madd\u0259 1188; 2016, \u2116 8, madd\u0259 1384; 2018, \u2116 6, madd\u0259 1297) 1-ci hiss\u0259si il\u0259 t\u0259sdiq edilmi\u015f D\u00f6vl\u0259t&hellip;<\/p>\n","protected":false},"author":2,"featured_media":107223,"comment_status":"closed","ping_status":"closed","sticky":false,"template":"","format":"standard","meta":{"om_disable_all_campaigns":false,"_monsterinsights_skip_tracking":false,"_monsterinsights_sitenote_active":false,"_monsterinsights_sitenote_note":"","_monsterinsights_sitenote_category":0},"categories":[4],"tags":[],"aioseo_notices":[],"gutentor_comment":0,"rttpg_featured_image_url":{"full":["https:\/\/arantv.az\/wp-content\/uploads\/2019\/12\/2018_ilham_aliyev_01-3.jpg",1200,900,false],"landscape":["https:\/\/arantv.az\/wp-content\/uploads\/2019\/12\/2018_ilham_aliyev_01-3.jpg",1200,900,false],"portraits":["https:\/\/arantv.az\/wp-content\/uploads\/2019\/12\/2018_ilham_aliyev_01-3.jpg",1200,900,false],"thumbnail":["https:\/\/arantv.az\/wp-content\/uploads\/2019\/12\/2018_ilham_aliyev_01-3-150x150.jpg",150,150,true],"medium":["https:\/\/arantv.az\/wp-content\/uploads\/2019\/12\/2018_ilham_aliyev_01-3-300x225.jpg",300,225,true],"large":["https:\/\/arantv.az\/wp-content\/uploads\/2019\/12\/2018_ilham_aliyev_01-3-1024x768.jpg",640,480,true],"1536x1536":["https:\/\/arantv.az\/wp-content\/uploads\/2019\/12\/2018_ilham_aliyev_01-3.jpg",1200,900,false],"2048x2048":["https:\/\/arantv.az\/wp-content\/uploads\/2019\/12\/2018_ilham_aliyev_01-3.jpg",1200,900,false],"post-thumbnail":["https:\/\/arantv.az\/wp-content\/uploads\/2019\/12\/2018_ilham_aliyev_01-3-240x172.jpg",240,172,true],"advps-thumb-one":["https:\/\/arantv.az\/wp-content\/uploads\/2019\/12\/2018_ilham_aliyev_01-3-1200x620.jpg",1200,620,true]},"rttpg_author":{"display_name":"V\u00fcsal Rafiqo\u011flu","author_link":"https:\/\/arantv.az\/?author=2"},"rttpg_comment":0,"rttpg_category":"<a href=\"https:\/\/arantv.az\/?cat=4\" rel=\"category\">Siyas\u0259t<\/a>","rttpg_excerpt":"Prezident \u0130lham \u018fliyev &#8220;Az\u0259rbaycan t\u0259bii qaz\u0131n\u0131n d\u00fcnya bazar\u0131na C\u0259nub Qaz D\u0259hlizi vasit\u0259sil\u0259 n\u0259qli il\u0259 \u0259laq\u0259dar t\u0259dbirl\u0259r haqq\u0131nda&#8221; Az\u0259rbaycan Respublikas\u0131 Prezidentinin 2013-c\u00fc il 29 oktyabr tarixli 15 n\u00f6mr\u0259li S\u0259r\u0259ncam\u0131nda d\u0259yi\u015fiklik edilm\u0259si bar\u0259d\u0259 s\u0259r\u0259ncam imzalay\u0131b. ARANTV.AZ\u00a0\u00a0AZ\u018fRTAC-a istinad\u0259n x\u0259b\u0259r verir ki, S\u0259r\u0259ncama \u0259sas\u0259n, &#8220;Az\u0259rbaycan t\u0259bii qaz\u0131n\u0131n d\u00fcnya bazar\u0131na C\u0259nub Qaz D\u0259hlizi vasit\u0259sil\u0259 n\u0259qli il\u0259 \u0259laq\u0259dar t\u0259dbirl\u0259r haqq\u0131nda&#8221; Az\u0259rbaycan&hellip;","_links":{"self":[{"href":"https:\/\/arantv.az\/index.php?rest_route=\/wp\/v2\/posts\/107222"}],"collection":[{"href":"https:\/\/arantv.az\/index.php?rest_route=\/wp\/v2\/posts"}],"about":[{"href":"https:\/\/arantv.az\/index.php?rest_route=\/wp\/v2\/types\/post"}],"author":[{"embeddable":true,"href":"https:\/\/arantv.az\/index.php?rest_route=\/wp\/v2\/users\/2"}],"replies":[{"embeddable":true,"href":"https:\/\/arantv.az\/index.php?rest_route=%2Fwp%2Fv2%2Fcomments&post=107222"}],"version-history":[{"count":0,"href":"https:\/\/arantv.az\/index.php?rest_route=\/wp\/v2\/posts\/107222\/revisions"}],"wp:featuredmedia":[{"embeddable":true,"href":"https:\/\/arantv.az\/index.php?rest_route=\/wp\/v2\/media\/107223"}],"wp:attachment":[{"href":"https:\/\/arantv.az\/index.php?rest_route=%2Fwp%2Fv2%2Fmedia&parent=107222"}],"wp:term":[{"taxonomy":"category","embeddable":true,"href":"https:\/\/arantv.az\/index.php?rest_route=%2Fwp%2Fv2%2Fcategories&post=107222"},{"taxonomy":"post_tag","embeddable":true,"href":"https:\/\/arantv.az\/index.php?rest_route=%2Fwp%2Fv2%2Ftags&post=107222"}],"curies":[{"name":"wp","href":"https:\/\/api.w.org\/{rel}","templated":true}]}}