{"id":107226,"date":"2019-12-13T16:37:38","date_gmt":"2019-12-13T13:37:38","guid":{"rendered":"http:\/\/arantv.az\/?p=107226"},"modified":"2019-12-13T16:37:38","modified_gmt":"2019-12-13T13:37:38","slug":"ming%c9%99cevird%c9%99-bu-s%c9%99raitd%c9%99-cor%c9%99k-bisirib-satiblar-fotolar","status":"publish","type":"post","link":"https:\/\/arantv.az\/?p=107226","title":{"rendered":"Ming\u0259\u00e7evird\u0259 bu \u015f\u0259raitd\u0259 \u00e7\u00f6r\u0259k bi\u015firib sat\u0131blar &#8211; FOTOLAR"},"content":{"rendered":"<p>Az\u0259rbaycan Respublikas\u0131n\u0131n Qida T\u0259hl\u00fck\u0259sizliyi Agentliyi (AQTA) istehlak\u00e7\u0131 h\u00fcquqlar\u0131n\u0131n qorunmas\u0131, h\u0259m\u00e7inin qida t\u0259hl\u00fck\u0259sizliyinin t\u0259min edilm\u0259si istiqam\u0259tind\u0259 t\u0259dbirl\u0259ri davam etdirir.<\/p>\n<p>AQTA-dan\u00a0BiG.AZ-a veril\u0259n m\u0259lumata g\u00f6r\u0259, agentliyin 1003 \u00c7a\u011fr\u0131 M\u0259rk\u0259zin\u0259 daxil olan m\u00fcraci\u0259t \u0259sas\u0131nda AQTA \u0259m\u0259kda\u015flar\u0131 Ming\u0259\u00e7evir \u015f\u0259h\u0259ri, M.P.Vaqif k\u00fc\u00e7\u0259si 31 \u00fcnvan\u0131nda f\u0259aliyy\u0259t g\u00f6st\u0259r\u0259n fiziki \u015f\u0259xs \u0130smay\u0131lova Xalid\u0259 M\u00fcz\u0259ff\u0259r q\u0131z\u0131na m\u0259xsus \u00e7\u00f6r\u0259k istehsal\u0131 m\u00fc\u0259ssis\u0259sind\u0259 reyd ke\u00e7iribl\u0259r.<\/p>\n<p>Reyd zaman\u0131 m\u00fc\u0259ssis\u0259nin qida t\u0259hl\u00fck\u0259sizliyi qeydiyyat\u0131ndan ke\u00e7irilm\u0259diyi, sanitar-texniki v\u0259 sanitar-gigiyenik v\u0259ziyy\u0259tinin q\u00fcvv\u0259d\u0259 olan normativl\u0259r\u0259 cavab verm\u0259diyi, xammal\u0131n saxlanma rejimin\u0259, el\u0259c\u0259 d\u0259, temperatur v\u0259 r\u00fctub\u0259t rejimin\u0259 d\u00fczg\u00fcn \u0259m\u0259l olunmad\u0131\u011f\u0131 a\u015fkarlan\u0131b.<\/p>\n<p>M\u00fc\u0259ssis\u0259d\u0259 istifad\u0259 olunan soban\u0131n, i\u015f\u00e7i masalar\u0131n, t\u0259n\u0259k\u0259 altl\u0131qlar\u0131n, qablar\u0131n, al\u0259t v\u0259 l\u0259vazimatlar\u0131n v\u0259 \u00e7\u00f6r\u0259k y\u0131\u011f\u0131lan r\u0259fin istismar m\u00fcdd\u0259tinin bitdiyi v\u0259 onlar\u0131n t\u0259mizl\u0259nm\u0259sinin, dezinfeksiyas\u0131n\u0131n normalara uy\u011fun olaraq apar\u0131lmad\u0131\u011f\u0131, deratizasiya v\u0259 dezinseksiya t\u0259dbirl\u0259rinin vaxta\u015f\u0131r\u0131 h\u0259yata ke\u00e7irilm\u0259diyi a\u015fkar edilib.<\/p>\n<div id=\"AdviadNativeVideo0\" class=\"AdviadNativeVideo\"><\/div>\n<p>A\u015fkarlanan pozuntulara uy\u011fun olaraq qanunvericiliyin t\u0259l\u0259bl\u0259ri \u00e7\u0259r\u00e7iv\u0259sind\u0259 m\u00fc\u0259ssis\u0259nin f\u0259aliyy\u0259ti m\u0259hdudla\u015fd\u0131r\u0131l\u0131b. Faktla ba\u011fl\u0131 ara\u015fd\u0131rmalar davam etdirilir.<\/p>\n<p>AQTA \u0259halinin sa\u011flaml\u0131\u011f\u0131n\u0131n qorunmas\u0131 v\u0259 t\u0259hl\u00fck\u0259siz qida m\u0259hsullar\u0131 il\u0259 t\u0259min edilm\u0259si istiqam\u0259tind\u0259 ard\u0131c\u0131l t\u0259dbirl\u0259rini bundan sonra da davam etdir\u0259c\u0259k v\u0259 istehlak\u00e7\u0131 h\u00fcquqlar\u0131n\u0131n pozulmas\u0131na y\u00f6n\u0259lmi\u015f qanunsuz hallar\u0131n qar\u015f\u0131s\u0131n\u0131n al\u0131nmas\u0131 istiqam\u0259tind\u0259 daim \u0259n s\u0259rt t\u0259dbirl\u0259r h\u0259yata ke\u00e7ir\u0259c\u0259kdir.<\/p>\n<p><img class=\"imgbcodecent\" src=\"https:\/\/upload.az\/foto\/arxiv\/1_51576243689.jpg\" alt=\"Ming\u0259\u00e7evird\u0259 bu \u015f\u0259raitd\u0259 \u00e7\u00f6r\u0259k bi\u015firib sat\u0131blar - FOTOLAR\" \/><br \/>\n<img class=\"imgbcodecent\" src=\"https:\/\/upload.az\/foto\/arxiv\/2_21576243689.jpg\" alt=\"Ming\u0259\u00e7evird\u0259 bu \u015f\u0259raitd\u0259 \u00e7\u00f6r\u0259k bi\u015firib sat\u0131blar - FOTOLAR\" \/><br \/>\n<img class=\"imgbcodecent\" src=\"https:\/\/upload.az\/foto\/arxiv\/3_11576243689.jpg\" alt=\"Ming\u0259\u00e7evird\u0259 bu \u015f\u0259raitd\u0259 \u00e7\u00f6r\u0259k bi\u015firib sat\u0131blar - FOTOLAR\" \/><br \/>\n<img class=\"imgbcodecent\" src=\"https:\/\/upload.az\/foto\/arxiv\/4_61576243689.jpg\" alt=\"Ming\u0259\u00e7evird\u0259 bu \u015f\u0259raitd\u0259 \u00e7\u00f6r\u0259k bi\u015firib sat\u0131blar - FOTOLAR\" \/><\/p>\n","protected":false},"excerpt":{"rendered":"<p>Az\u0259rbaycan Respublikas\u0131n\u0131n Qida T\u0259hl\u00fck\u0259sizliyi Agentliyi (AQTA) istehlak\u00e7\u0131 h\u00fcquqlar\u0131n\u0131n qorunmas\u0131, h\u0259m\u00e7inin qida t\u0259hl\u00fck\u0259sizliyinin t\u0259min edilm\u0259si istiqam\u0259tind\u0259 t\u0259dbirl\u0259ri davam etdirir. AQTA-dan\u00a0BiG.AZ-a veril\u0259n m\u0259lumata g\u00f6r\u0259, agentliyin 1003 \u00c7a\u011fr\u0131 M\u0259rk\u0259zin\u0259 daxil olan m\u00fcraci\u0259t \u0259sas\u0131nda AQTA \u0259m\u0259kda\u015flar\u0131 Ming\u0259\u00e7evir \u015f\u0259h\u0259ri, M.P.Vaqif k\u00fc\u00e7\u0259si 31 \u00fcnvan\u0131nda f\u0259aliyy\u0259t g\u00f6st\u0259r\u0259n fiziki \u015f\u0259xs \u0130smay\u0131lova Xalid\u0259 M\u00fcz\u0259ff\u0259r q\u0131z\u0131na m\u0259xsus \u00e7\u00f6r\u0259k istehsal\u0131 m\u00fc\u0259ssis\u0259sind\u0259 reyd ke\u00e7iribl\u0259r. Reyd zaman\u0131 m\u00fc\u0259ssis\u0259nin qida t\u0259hl\u00fck\u0259sizliyi qeydiyyat\u0131ndan ke\u00e7irilm\u0259diyi, sanitar-texniki v\u0259 sanitar-gigiyenik v\u0259ziyy\u0259tinin q\u00fcvv\u0259d\u0259 olan normativl\u0259r\u0259 cavab verm\u0259diyi, xammal\u0131n saxlanma rejimin\u0259, el\u0259c\u0259 d\u0259, temperatur v\u0259 r\u00fctub\u0259t rejimin\u0259 d\u00fczg\u00fcn \u0259m\u0259l olunmad\u0131\u011f\u0131 a\u015fkarlan\u0131b. M\u00fc\u0259ssis\u0259d\u0259 istifad\u0259 olunan soban\u0131n, i\u015f\u00e7i masalar\u0131n, t\u0259n\u0259k\u0259 altl\u0131qlar\u0131n, qablar\u0131n,&hellip;<\/p>\n","protected":false},"author":2,"featured_media":107227,"comment_status":"closed","ping_status":"closed","sticky":false,"template":"","format":"standard","meta":{"om_disable_all_campaigns":false,"_monsterinsights_skip_tracking":false,"_monsterinsights_sitenote_active":false,"_monsterinsights_sitenote_note":"","_monsterinsights_sitenote_category":0},"categories":[1],"tags":[],"aioseo_notices":[],"gutentor_comment":0,"rttpg_featured_image_url":{"full":["https:\/\/arantv.az\/wp-content\/uploads\/2019\/12\/2_71576243707.jpg",649,487,false],"landscape":["https:\/\/arantv.az\/wp-content\/uploads\/2019\/12\/2_71576243707.jpg",649,487,false],"portraits":["https:\/\/arantv.az\/wp-content\/uploads\/2019\/12\/2_71576243707.jpg",649,487,false],"thumbnail":["https:\/\/arantv.az\/wp-content\/uploads\/2019\/12\/2_71576243707-150x150.jpg",150,150,true],"medium":["https:\/\/arantv.az\/wp-content\/uploads\/2019\/12\/2_71576243707-300x225.jpg",300,225,true],"large":["https:\/\/arantv.az\/wp-content\/uploads\/2019\/12\/2_71576243707.jpg",640,480,false],"1536x1536":["https:\/\/arantv.az\/wp-content\/uploads\/2019\/12\/2_71576243707.jpg",649,487,false],"2048x2048":["https:\/\/arantv.az\/wp-content\/uploads\/2019\/12\/2_71576243707.jpg",649,487,false],"post-thumbnail":["https:\/\/arantv.az\/wp-content\/uploads\/2019\/12\/2_71576243707-240x172.jpg",240,172,true],"advps-thumb-one":["https:\/\/arantv.az\/wp-content\/uploads\/2019\/12\/2_71576243707.jpg",649,487,false]},"rttpg_author":{"display_name":"V\u00fcsal Rafiqo\u011flu","author_link":"https:\/\/arantv.az\/?author=2"},"rttpg_comment":0,"rttpg_category":"<a href=\"https:\/\/arantv.az\/?cat=1\" rel=\"category\">C\u0259miyy\u0259t<\/a>","rttpg_excerpt":"Az\u0259rbaycan Respublikas\u0131n\u0131n Qida T\u0259hl\u00fck\u0259sizliyi Agentliyi (AQTA) istehlak\u00e7\u0131 h\u00fcquqlar\u0131n\u0131n qorunmas\u0131, h\u0259m\u00e7inin qida t\u0259hl\u00fck\u0259sizliyinin t\u0259min edilm\u0259si istiqam\u0259tind\u0259 t\u0259dbirl\u0259ri davam etdirir. AQTA-dan\u00a0BiG.AZ-a veril\u0259n m\u0259lumata g\u00f6r\u0259, agentliyin 1003 \u00c7a\u011fr\u0131 M\u0259rk\u0259zin\u0259 daxil olan m\u00fcraci\u0259t \u0259sas\u0131nda AQTA \u0259m\u0259kda\u015flar\u0131 Ming\u0259\u00e7evir \u015f\u0259h\u0259ri, M.P.Vaqif k\u00fc\u00e7\u0259si 31 \u00fcnvan\u0131nda f\u0259aliyy\u0259t g\u00f6st\u0259r\u0259n fiziki \u015f\u0259xs \u0130smay\u0131lova Xalid\u0259 M\u00fcz\u0259ff\u0259r q\u0131z\u0131na m\u0259xsus \u00e7\u00f6r\u0259k istehsal\u0131 m\u00fc\u0259ssis\u0259sind\u0259 reyd ke\u00e7iribl\u0259r. Reyd zaman\u0131 m\u00fc\u0259ssis\u0259nin&hellip;","_links":{"self":[{"href":"https:\/\/arantv.az\/index.php?rest_route=\/wp\/v2\/posts\/107226"}],"collection":[{"href":"https:\/\/arantv.az\/index.php?rest_route=\/wp\/v2\/posts"}],"about":[{"href":"https:\/\/arantv.az\/index.php?rest_route=\/wp\/v2\/types\/post"}],"author":[{"embeddable":true,"href":"https:\/\/arantv.az\/index.php?rest_route=\/wp\/v2\/users\/2"}],"replies":[{"embeddable":true,"href":"https:\/\/arantv.az\/index.php?rest_route=%2Fwp%2Fv2%2Fcomments&post=107226"}],"version-history":[{"count":0,"href":"https:\/\/arantv.az\/index.php?rest_route=\/wp\/v2\/posts\/107226\/revisions"}],"wp:featuredmedia":[{"embeddable":true,"href":"https:\/\/arantv.az\/index.php?rest_route=\/wp\/v2\/media\/107227"}],"wp:attachment":[{"href":"https:\/\/arantv.az\/index.php?rest_route=%2Fwp%2Fv2%2Fmedia&parent=107226"}],"wp:term":[{"taxonomy":"category","embeddable":true,"href":"https:\/\/arantv.az\/index.php?rest_route=%2Fwp%2Fv2%2Fcategories&post=107226"},{"taxonomy":"post_tag","embeddable":true,"href":"https:\/\/arantv.az\/index.php?rest_route=%2Fwp%2Fv2%2Ftags&post=107226"}],"curies":[{"name":"wp","href":"https:\/\/api.w.org\/{rel}","templated":true}]}}