{"id":107244,"date":"2019-12-13T16:45:22","date_gmt":"2019-12-13T13:45:22","guid":{"rendered":"http:\/\/arantv.az\/?p=107244"},"modified":"2019-12-13T16:45:22","modified_gmt":"2019-12-13T13:45:22","slug":"t%c9%99rt%c9%99rd%c9%99-17-yasli-g%c9%99lin-evd%c9%99n-qacdi","status":"publish","type":"post","link":"https:\/\/arantv.az\/?p=107244","title":{"rendered":"T\u0259rt\u0259rd\u0259 17 ya\u015fl\u0131 g\u0259lin evd\u0259n qa\u00e7d\u0131"},"content":{"rendered":"<p>T\u0259rt\u0259rd\u0259 yetkinlik ya\u015f\u0131na \u00e7atmayan g\u0259lin evd\u0259n qa\u00e7\u0131b.<\/p>\n<p><strong>ARANTV.AZ<\/strong>\u00a0\u00a0<a href=\"https:\/\/az.trend.az\/\" target=\"_blank\" rel=\"noopener\">Trend<\/a>-\u0259 istinad\u0259n x\u0259b\u0259r verir ki, bu bar\u0259d\u0259 polis\u0259 qad\u0131n\u0131n h\u0259yat yolda\u015f\u0131 A\u011fani Mahir Azad o\u011flu m\u0259lumat verib.<\/p>\n<p>O bildirib ki, T\u0259rt\u0259r \u015f\u0259h\u0259ri, M.F.Axundov k\u00fc\u00e7\u0259si 31 sayl\u0131 evd\u0259 onunla birlikd\u0259 qeyri-r\u0259smi nigahda ya\u015fayan h\u0259yat yolda\u015f\u0131, 2002-ci il t\u0259v\u0259ll\u00fcdl\u00fc M\u0259mm\u0259dova Fatma Murtuz q\u0131z\u0131 noyabr\u0131n 29-dan 30-na ke\u00e7\u0259n gec\u0259 \u0259\u015fyalar\u0131n\u0131 y\u0131\u011faraq ya\u015fad\u0131qlar\u0131 evd\u0259n \u00e7\u0131x\u0131b v\u0259 bir daha geri qay\u0131tmay\u0131b.<\/p>\n<p>Faktla ba\u011fl\u0131 ara\u015fd\u0131rma apar\u0131l\u0131r.<\/p>\n","protected":false},"excerpt":{"rendered":"<p>T\u0259rt\u0259rd\u0259 yetkinlik ya\u015f\u0131na \u00e7atmayan g\u0259lin evd\u0259n qa\u00e7\u0131b. ARANTV.AZ\u00a0\u00a0Trend-\u0259 istinad\u0259n x\u0259b\u0259r verir ki, bu bar\u0259d\u0259 polis\u0259 qad\u0131n\u0131n h\u0259yat yolda\u015f\u0131 A\u011fani Mahir Azad o\u011flu m\u0259lumat verib. O bildirib ki, T\u0259rt\u0259r \u015f\u0259h\u0259ri, M.F.Axundov k\u00fc\u00e7\u0259si 31 sayl\u0131 evd\u0259 onunla birlikd\u0259 qeyri-r\u0259smi nigahda ya\u015fayan h\u0259yat yolda\u015f\u0131, 2002-ci il t\u0259v\u0259ll\u00fcdl\u00fc M\u0259mm\u0259dova Fatma Murtuz q\u0131z\u0131 noyabr\u0131n 29-dan 30-na ke\u00e7\u0259n gec\u0259 \u0259\u015fyalar\u0131n\u0131 y\u0131\u011faraq ya\u015fad\u0131qlar\u0131 evd\u0259n \u00e7\u0131x\u0131b v\u0259 bir daha geri qay\u0131tmay\u0131b. Faktla ba\u011fl\u0131 ara\u015fd\u0131rma apar\u0131l\u0131r.<\/p>\n","protected":false},"author":2,"featured_media":107245,"comment_status":"closed","ping_status":"closed","sticky":false,"template":"","format":"standard","meta":{"om_disable_all_campaigns":false,"_monsterinsights_skip_tracking":false,"_monsterinsights_sitenote_active":false,"_monsterinsights_sitenote_note":"","_monsterinsights_sitenote_category":0},"categories":[1],"tags":[],"aioseo_notices":[],"gutentor_comment":0,"rttpg_featured_image_url":{"full":["https:\/\/arantv.az\/wp-content\/uploads\/2019\/12\/itkin_qiz_0256.jpg",800,600,false],"landscape":["https:\/\/arantv.az\/wp-content\/uploads\/2019\/12\/itkin_qiz_0256.jpg",800,600,false],"portraits":["https:\/\/arantv.az\/wp-content\/uploads\/2019\/12\/itkin_qiz_0256.jpg",800,600,false],"thumbnail":["https:\/\/arantv.az\/wp-content\/uploads\/2019\/12\/itkin_qiz_0256-150x150.jpg",150,150,true],"medium":["https:\/\/arantv.az\/wp-content\/uploads\/2019\/12\/itkin_qiz_0256-300x225.jpg",300,225,true],"large":["https:\/\/arantv.az\/wp-content\/uploads\/2019\/12\/itkin_qiz_0256.jpg",640,480,false],"1536x1536":["https:\/\/arantv.az\/wp-content\/uploads\/2019\/12\/itkin_qiz_0256.jpg",800,600,false],"2048x2048":["https:\/\/arantv.az\/wp-content\/uploads\/2019\/12\/itkin_qiz_0256.jpg",800,600,false],"post-thumbnail":["https:\/\/arantv.az\/wp-content\/uploads\/2019\/12\/itkin_qiz_0256-240x172.jpg",240,172,true],"advps-thumb-one":["https:\/\/arantv.az\/wp-content\/uploads\/2019\/12\/itkin_qiz_0256.jpg",800,600,false]},"rttpg_author":{"display_name":"V\u00fcsal Rafiqo\u011flu","author_link":"https:\/\/arantv.az\/?author=2"},"rttpg_comment":0,"rttpg_category":"<a href=\"https:\/\/arantv.az\/?cat=1\" rel=\"category\">C\u0259miyy\u0259t<\/a>","rttpg_excerpt":"T\u0259rt\u0259rd\u0259 yetkinlik ya\u015f\u0131na \u00e7atmayan g\u0259lin evd\u0259n qa\u00e7\u0131b. ARANTV.AZ\u00a0\u00a0Trend-\u0259 istinad\u0259n x\u0259b\u0259r verir ki, bu bar\u0259d\u0259 polis\u0259 qad\u0131n\u0131n h\u0259yat yolda\u015f\u0131 A\u011fani Mahir Azad o\u011flu m\u0259lumat verib. O bildirib ki, T\u0259rt\u0259r \u015f\u0259h\u0259ri, M.F.Axundov k\u00fc\u00e7\u0259si 31 sayl\u0131 evd\u0259 onunla birlikd\u0259 qeyri-r\u0259smi nigahda ya\u015fayan h\u0259yat yolda\u015f\u0131, 2002-ci il t\u0259v\u0259ll\u00fcdl\u00fc M\u0259mm\u0259dova Fatma Murtuz q\u0131z\u0131 noyabr\u0131n 29-dan 30-na ke\u00e7\u0259n gec\u0259 \u0259\u015fyalar\u0131n\u0131 y\u0131\u011faraq&hellip;","_links":{"self":[{"href":"https:\/\/arantv.az\/index.php?rest_route=\/wp\/v2\/posts\/107244"}],"collection":[{"href":"https:\/\/arantv.az\/index.php?rest_route=\/wp\/v2\/posts"}],"about":[{"href":"https:\/\/arantv.az\/index.php?rest_route=\/wp\/v2\/types\/post"}],"author":[{"embeddable":true,"href":"https:\/\/arantv.az\/index.php?rest_route=\/wp\/v2\/users\/2"}],"replies":[{"embeddable":true,"href":"https:\/\/arantv.az\/index.php?rest_route=%2Fwp%2Fv2%2Fcomments&post=107244"}],"version-history":[{"count":0,"href":"https:\/\/arantv.az\/index.php?rest_route=\/wp\/v2\/posts\/107244\/revisions"}],"wp:featuredmedia":[{"embeddable":true,"href":"https:\/\/arantv.az\/index.php?rest_route=\/wp\/v2\/media\/107245"}],"wp:attachment":[{"href":"https:\/\/arantv.az\/index.php?rest_route=%2Fwp%2Fv2%2Fmedia&parent=107244"}],"wp:term":[{"taxonomy":"category","embeddable":true,"href":"https:\/\/arantv.az\/index.php?rest_route=%2Fwp%2Fv2%2Fcategories&post=107244"},{"taxonomy":"post_tag","embeddable":true,"href":"https:\/\/arantv.az\/index.php?rest_route=%2Fwp%2Fv2%2Ftags&post=107244"}],"curies":[{"name":"wp","href":"https:\/\/api.w.org\/{rel}","templated":true}]}}