{"id":107393,"date":"2019-12-14T10:58:01","date_gmt":"2019-12-14T07:58:01","guid":{"rendered":"http:\/\/arantv.az\/?p=107393"},"modified":"2019-12-14T10:58:01","modified_gmt":"2019-12-14T07:58:01","slug":"aqrar-sigorta-fondunun-nizamnam%c9%99si-t%c9%99sdiql%c9%99ndi-izah","status":"publish","type":"post","link":"https:\/\/arantv.az\/?p=107393","title":{"rendered":"\u201cAqrar S\u0131\u011forta Fondu\u201dnun Nizamnam\u0259si t\u0259sdiql\u0259ndi &#8211; \u0130ZAH"},"content":{"rendered":"<p><strong>Nazirl\u0259r Kabineti &#8220;Aqrar S\u0131\u011forta Fondu&#8221;nun Nizamnam\u0259sini t\u0259sdiql\u0259yib.<\/strong><\/p>\n<p><strong>ARANTV.AZ<\/strong> x\u0259b\u0259r verir ki, Nazirl\u0259r Kabinetind\u0259n\u00a0<a href=\"https:\/\/az.trend.az\/\" target=\"_blank\" rel=\"noopener\">Trend<\/a>-\u0259 veril\u0259n m\u0259lumata g\u00f6r\u0259, Ba\u015f Nazir \u018fli \u018fs\u0259dov bununla ba\u011fl\u0131 q\u0259rar\u0131 imzalay\u0131b.<\/p>\n<p>Aqrar S\u0131\u011forta Fondunun Nizamnam\u0259si 11 m\u00fcdd\u0259adan ibar\u0259tdir. Nizamnam\u0259d\u0259 Aqrar S\u0131\u011forta Fondunun f\u0259aliyy\u0259tinin m\u0259qs\u0259di, v\u0259zif\u0259l\u0259ri v\u0259 h\u00fcquqlar\u0131, onun idar\u0259 edilm\u0259si, nizamnam\u0259 kapital\u0131, \u0259mlak\u0131 v\u0259 maliyy\u0259 f\u0259aliyy\u0259tinin \u0259saslar\u0131, audit, u\u00e7ot v\u0259 hesabatlar\u0131n t\u0259rtibi v\u0259 t\u0259qdim qaydalar\u0131 v\u0259 dig\u0259r m\u0259s\u0259l\u0259l\u0259r \u00f6z \u0259ksini tap\u0131b.<\/p>\n<p>Nizamnam\u0259y\u0259 \u0259sas\u0259n, Aqrar S\u0131\u011forta Fondu Az\u0259rbaycan Respublikas\u0131nda aqrar s\u0131\u011forta sisteminin t\u0259\u015fkilini, inki\u015faf\u0131n\u0131 v\u0259 dayan\u0131ql\u0131l\u0131\u011f\u0131n\u0131, habel\u0259 idar\u0259edici qurumun formala\u015fd\u0131r\u0131lmas\u0131n\u0131 t\u0259min etm\u0259k v\u0259 onun f\u0259aliyy\u0259tin\u0259 n\u0259zar\u0259t etm\u0259k m\u0259qs\u0259di il\u0259 yarad\u0131lm\u0131\u015f qeyri-kommersiya h\u00fcquqi \u015f\u0259xsidir.<\/p>\n<p>Fond q\u0259bul etdiyi s\u0131\u011forta \u00f6hd\u0259likl\u0259rinin idar\u0259edilm\u0259sini t\u0259min etm\u0259k m\u0259q\u0259s\u0259di il\u0259 s\u0131\u011forta v\u0259 t\u0259krars\u0131\u011forta siyas\u0259tini m\u00fc\u0259yy\u0259n etm\u0259k, effektiv f\u0259aliyy\u0259tini t\u0259min etm\u0259k \u00fc\u00e7\u00fcn aktivl\u0259rin investisiyaya y\u00f6n\u0259ldilm\u0259si bar\u0259d\u0259 investisiya siyas\u0259tini q\u0259bul etm\u0259k, s\u0131\u011forta vasit\u0259\u00e7iliyi f\u0259aliyy\u0259ti \u00fc\u00e7\u00fcn vasit\u0259\u00e7i aqrar s\u0131\u011forta\u00e7\u0131larla m\u00fcqavil\u0259 ba\u011flamaq, habel\u0259 aqrar s\u0131\u011forta sisteminin dayan\u0131ql\u0131 olmas\u0131 istiqam\u0259tind\u0259 siyas\u0259t v\u0259 qaydalar\u0131n q\u0259bul edilm\u0259si kimi s\u0259lahiyy\u0259tl\u0259r\u0259 malikdir.<\/p>\n<p>Aqrar S\u0131\u011forta Fondunun nizamnam\u0259 kapital\u0131n\u0131n formala\u015fmas\u0131 \u00fc\u00e7\u00fcn 2019-cu ilin d\u00f6vl\u0259t b\u00fcdc\u0259sind\u0259n 1 milyon manat, 2020-ci ilin d\u00f6vl\u0259t b\u00fcdc\u0259sind\u0259n 5 milyon, 2021-ci ilin d\u00f6vl\u0259t b\u00fcdc\u0259sind\u0259n is\u0259 3 milyon manat ayr\u0131lacaq.<\/p>\n<p>Nizamnam\u0259y\u0259 \u0259sas\u0259n, Fondda ictimai \u0259saslarla f\u0259aliyy\u0259t g\u00f6st\u0259r\u0259n v\u0259 5 \u00fczvd\u0259n ibar\u0259t Himay\u0259\u00e7ilik \u015euras\u0131 yarad\u0131l\u0131r. Fondun Himay\u0259\u00e7ilik \u015euras\u0131 Az\u0259rbaycan Respublikas\u0131 K\u0259nd T\u0259s\u0259rr\u00fcfat\u0131 Nazirliyind\u0259n 2 n\u0259f\u0259r, Az\u0259rbaycan Respublikas\u0131 Maliyy\u0259 Nazirliyind\u0259n 1 n\u0259f\u0259r, M\u0259rk\u0259zi Bankdan 1 n\u0259f\u0259r v\u0259 fermerl\u0259r assosiasiyalar\u0131ndan 1 n\u0259f\u0259r olmaqla formala\u015fd\u0131r\u0131l\u0131r.<\/p>\n<p>Fondun Himay\u0259\u00e7ilik \u015euras\u0131n\u0131n s\u0259dri Az\u0259rbaycan Respublikas\u0131 K\u0259nd T\u0259s\u0259rr\u00fcfat\u0131 Nazirliyinin n\u00fcmay\u0259nd\u0259sidir.<\/p>\n<p>&#8220;Aqrar S\u0131\u011forta haqq\u0131nda&#8221; Az\u0259rbaycan Respublikas\u0131n\u0131n Qanunu 2020-ci il yanvar\u0131n 1-d\u0259n q\u00fcvv\u0259y\u0259 minir.<\/p>\n<p>Qeyd ed\u0259k ki, Fond Az\u0259rbaycan Respublikas\u0131 Prezidenti \u0130lham \u018fliyevin avqustun 19-da imzalad\u0131\u011f\u0131 &#8220;Aqrar s\u0131\u011forta haqq\u0131nda&#8221; Qanunun t\u0259tbiqi v\u0259 Aqrar S\u0131\u011forta Fondunun yarad\u0131lmas\u0131 bar\u0259d\u0259&#8221; F\u0259rmana \u0259sas\u0259n yarad\u0131l\u0131b.<\/p>\n","protected":false},"excerpt":{"rendered":"<p>Nazirl\u0259r Kabineti &#8220;Aqrar S\u0131\u011forta Fondu&#8221;nun Nizamnam\u0259sini t\u0259sdiql\u0259yib. ARANTV.AZ x\u0259b\u0259r verir ki, Nazirl\u0259r Kabinetind\u0259n\u00a0Trend-\u0259 veril\u0259n m\u0259lumata g\u00f6r\u0259, Ba\u015f Nazir \u018fli \u018fs\u0259dov bununla ba\u011fl\u0131 q\u0259rar\u0131 imzalay\u0131b. Aqrar S\u0131\u011forta Fondunun Nizamnam\u0259si 11 m\u00fcdd\u0259adan ibar\u0259tdir. Nizamnam\u0259d\u0259 Aqrar S\u0131\u011forta Fondunun f\u0259aliyy\u0259tinin m\u0259qs\u0259di, v\u0259zif\u0259l\u0259ri v\u0259 h\u00fcquqlar\u0131, onun idar\u0259 edilm\u0259si, nizamnam\u0259 kapital\u0131, \u0259mlak\u0131 v\u0259 maliyy\u0259 f\u0259aliyy\u0259tinin \u0259saslar\u0131, audit, u\u00e7ot v\u0259 hesabatlar\u0131n t\u0259rtibi v\u0259 t\u0259qdim qaydalar\u0131 v\u0259 dig\u0259r m\u0259s\u0259l\u0259l\u0259r \u00f6z \u0259ksini tap\u0131b. Nizamnam\u0259y\u0259 \u0259sas\u0259n, Aqrar S\u0131\u011forta Fondu Az\u0259rbaycan Respublikas\u0131nda aqrar s\u0131\u011forta sisteminin t\u0259\u015fkilini, inki\u015faf\u0131n\u0131 v\u0259 dayan\u0131ql\u0131l\u0131\u011f\u0131n\u0131, habel\u0259 idar\u0259edici qurumun formala\u015fd\u0131r\u0131lmas\u0131n\u0131 t\u0259min etm\u0259k v\u0259 onun f\u0259aliyy\u0259tin\u0259 n\u0259zar\u0259t etm\u0259k m\u0259qs\u0259di&hellip;<\/p>\n","protected":false},"author":2,"featured_media":107394,"comment_status":"closed","ping_status":"closed","sticky":false,"template":"","format":"standard","meta":{"om_disable_all_campaigns":false,"_monsterinsights_skip_tracking":false,"_monsterinsights_sitenote_active":false,"_monsterinsights_sitenote_note":"","_monsterinsights_sitenote_category":0},"categories":[1],"tags":[],"aioseo_notices":[],"gutentor_comment":0,"rttpg_featured_image_url":{"full":["https:\/\/arantv.az\/wp-content\/uploads\/2019\/12\/sened_0188.jpg",482,361,false],"landscape":["https:\/\/arantv.az\/wp-content\/uploads\/2019\/12\/sened_0188.jpg",482,361,false],"portraits":["https:\/\/arantv.az\/wp-content\/uploads\/2019\/12\/sened_0188.jpg",482,361,false],"thumbnail":["https:\/\/arantv.az\/wp-content\/uploads\/2019\/12\/sened_0188-150x150.jpg",150,150,true],"medium":["https:\/\/arantv.az\/wp-content\/uploads\/2019\/12\/sened_0188-300x225.jpg",300,225,true],"large":["https:\/\/arantv.az\/wp-content\/uploads\/2019\/12\/sened_0188.jpg",482,361,false],"1536x1536":["https:\/\/arantv.az\/wp-content\/uploads\/2019\/12\/sened_0188.jpg",482,361,false],"2048x2048":["https:\/\/arantv.az\/wp-content\/uploads\/2019\/12\/sened_0188.jpg",482,361,false],"post-thumbnail":["https:\/\/arantv.az\/wp-content\/uploads\/2019\/12\/sened_0188-240x172.jpg",240,172,true],"advps-thumb-one":["https:\/\/arantv.az\/wp-content\/uploads\/2019\/12\/sened_0188.jpg",482,361,false]},"rttpg_author":{"display_name":"V\u00fcsal Rafiqo\u011flu","author_link":"https:\/\/arantv.az\/?author=2"},"rttpg_comment":0,"rttpg_category":"<a href=\"https:\/\/arantv.az\/?cat=1\" rel=\"category\">C\u0259miyy\u0259t<\/a>","rttpg_excerpt":"Nazirl\u0259r Kabineti &#8220;Aqrar S\u0131\u011forta Fondu&#8221;nun Nizamnam\u0259sini t\u0259sdiql\u0259yib. ARANTV.AZ x\u0259b\u0259r verir ki, Nazirl\u0259r Kabinetind\u0259n\u00a0Trend-\u0259 veril\u0259n m\u0259lumata g\u00f6r\u0259, Ba\u015f Nazir \u018fli \u018fs\u0259dov bununla ba\u011fl\u0131 q\u0259rar\u0131 imzalay\u0131b. Aqrar S\u0131\u011forta Fondunun Nizamnam\u0259si 11 m\u00fcdd\u0259adan ibar\u0259tdir. Nizamnam\u0259d\u0259 Aqrar S\u0131\u011forta Fondunun f\u0259aliyy\u0259tinin m\u0259qs\u0259di, v\u0259zif\u0259l\u0259ri v\u0259 h\u00fcquqlar\u0131, onun idar\u0259 edilm\u0259si, nizamnam\u0259 kapital\u0131, \u0259mlak\u0131 v\u0259 maliyy\u0259 f\u0259aliyy\u0259tinin \u0259saslar\u0131, audit, u\u00e7ot v\u0259 hesabatlar\u0131n t\u0259rtibi&hellip;","_links":{"self":[{"href":"https:\/\/arantv.az\/index.php?rest_route=\/wp\/v2\/posts\/107393"}],"collection":[{"href":"https:\/\/arantv.az\/index.php?rest_route=\/wp\/v2\/posts"}],"about":[{"href":"https:\/\/arantv.az\/index.php?rest_route=\/wp\/v2\/types\/post"}],"author":[{"embeddable":true,"href":"https:\/\/arantv.az\/index.php?rest_route=\/wp\/v2\/users\/2"}],"replies":[{"embeddable":true,"href":"https:\/\/arantv.az\/index.php?rest_route=%2Fwp%2Fv2%2Fcomments&post=107393"}],"version-history":[{"count":0,"href":"https:\/\/arantv.az\/index.php?rest_route=\/wp\/v2\/posts\/107393\/revisions"}],"wp:featuredmedia":[{"embeddable":true,"href":"https:\/\/arantv.az\/index.php?rest_route=\/wp\/v2\/media\/107394"}],"wp:attachment":[{"href":"https:\/\/arantv.az\/index.php?rest_route=%2Fwp%2Fv2%2Fmedia&parent=107393"}],"wp:term":[{"taxonomy":"category","embeddable":true,"href":"https:\/\/arantv.az\/index.php?rest_route=%2Fwp%2Fv2%2Fcategories&post=107393"},{"taxonomy":"post_tag","embeddable":true,"href":"https:\/\/arantv.az\/index.php?rest_route=%2Fwp%2Fv2%2Ftags&post=107393"}],"curies":[{"name":"wp","href":"https:\/\/api.w.org\/{rel}","templated":true}]}}