{"id":107466,"date":"2019-12-14T12:31:41","date_gmt":"2019-12-14T09:31:41","guid":{"rendered":"http:\/\/arantv.az\/?p=107466"},"modified":"2019-12-14T12:31:41","modified_gmt":"2019-12-14T09:31:41","slug":"nazir-muavinind%c9%99n-yeni-ill%c9%99-bagli-x%c9%99b%c9%99rdarliq","status":"publish","type":"post","link":"https:\/\/arantv.az\/?p=107466","title":{"rendered":"Nazir m\u00fcavinind\u0259n Yeni ill\u0259 ba\u011fl\u0131 &#8211; X\u018fB\u018fRDARLIQ"},"content":{"rendered":"<p>F\u00f6vq\u0259lad\u0259 Hallar nazirinin m\u00fcavini, general-leytenant Etibar Mirz\u0259yev\u00a0Yeni il bayram\u0131 il\u0259 ba\u011fl\u0131 tap\u015f\u0131r\u0131q verib.<\/p>\n<p><b>ARANTV.AZ<\/b>-\u0131n m\u0259lumat\u0131na g\u00f6r\u0259, E.Mirz\u0259yev bu bar\u0259d\u0259 F\u00f6vq\u0259lad\u0259 Hallar Nazirliyind\u0259 ke\u00e7iril\u0259n \u0259m\u0259liyyat m\u00fc\u015favir\u0259sind\u0259 bildirib.<\/p>\n<p>O, Yeni il bayram\u0131 il\u0259 \u0259laq\u0259dar yan\u011f\u0131n t\u0259hl\u00fck\u0259sizliyi t\u0259dbirl\u0259rinin g\u00fccl\u0259ndirilm\u0259sinin v\u0259 yan\u011f\u0131ndan m\u00fchafiz\u0259 i\u015finin s\u0259m\u0259r\u0259liliyinin daha da art\u0131r\u0131lmas\u0131n\u0131n vacibliyini vur\u011fulay\u0131b.Oxu.Az<\/p>\n","protected":false},"excerpt":{"rendered":"<p>F\u00f6vq\u0259lad\u0259 Hallar nazirinin m\u00fcavini, general-leytenant Etibar Mirz\u0259yev\u00a0Yeni il bayram\u0131 il\u0259 ba\u011fl\u0131 tap\u015f\u0131r\u0131q verib. ARANTV.AZ-\u0131n m\u0259lumat\u0131na g\u00f6r\u0259, E.Mirz\u0259yev bu bar\u0259d\u0259 F\u00f6vq\u0259lad\u0259 Hallar Nazirliyind\u0259 ke\u00e7iril\u0259n \u0259m\u0259liyyat m\u00fc\u015favir\u0259sind\u0259 bildirib. O, Yeni il bayram\u0131 il\u0259 \u0259laq\u0259dar yan\u011f\u0131n t\u0259hl\u00fck\u0259sizliyi t\u0259dbirl\u0259rinin g\u00fccl\u0259ndirilm\u0259sinin v\u0259 yan\u011f\u0131ndan m\u00fchafiz\u0259 i\u015finin s\u0259m\u0259r\u0259liliyinin daha da art\u0131r\u0131lmas\u0131n\u0131n vacibliyini vur\u011fulay\u0131b.Oxu.Az<\/p>\n","protected":false},"author":2,"featured_media":107467,"comment_status":"closed","ping_status":"closed","sticky":false,"template":"","format":"standard","meta":{"om_disable_all_campaigns":false,"_monsterinsights_skip_tracking":false,"_monsterinsights_sitenote_active":false,"_monsterinsights_sitenote_note":"","_monsterinsights_sitenote_category":0},"categories":[1],"tags":[],"aioseo_notices":[],"gutentor_comment":0,"rttpg_featured_image_url":{"full":["https:\/\/arantv.az\/wp-content\/uploads\/2019\/12\/1000-a38e8b19d492e048540582ed35a1b87a.jpg",620,414,false],"landscape":["https:\/\/arantv.az\/wp-content\/uploads\/2019\/12\/1000-a38e8b19d492e048540582ed35a1b87a.jpg",620,414,false],"portraits":["https:\/\/arantv.az\/wp-content\/uploads\/2019\/12\/1000-a38e8b19d492e048540582ed35a1b87a.jpg",620,414,false],"thumbnail":["https:\/\/arantv.az\/wp-content\/uploads\/2019\/12\/1000-a38e8b19d492e048540582ed35a1b87a-150x150.jpg",150,150,true],"medium":["https:\/\/arantv.az\/wp-content\/uploads\/2019\/12\/1000-a38e8b19d492e048540582ed35a1b87a-300x200.jpg",300,200,true],"large":["https:\/\/arantv.az\/wp-content\/uploads\/2019\/12\/1000-a38e8b19d492e048540582ed35a1b87a.jpg",620,414,false],"1536x1536":["https:\/\/arantv.az\/wp-content\/uploads\/2019\/12\/1000-a38e8b19d492e048540582ed35a1b87a.jpg",620,414,false],"2048x2048":["https:\/\/arantv.az\/wp-content\/uploads\/2019\/12\/1000-a38e8b19d492e048540582ed35a1b87a.jpg",620,414,false],"post-thumbnail":["https:\/\/arantv.az\/wp-content\/uploads\/2019\/12\/1000-a38e8b19d492e048540582ed35a1b87a-240x172.jpg",240,172,true],"advps-thumb-one":["https:\/\/arantv.az\/wp-content\/uploads\/2019\/12\/1000-a38e8b19d492e048540582ed35a1b87a.jpg",620,414,false]},"rttpg_author":{"display_name":"V\u00fcsal Rafiqo\u011flu","author_link":"https:\/\/arantv.az\/?author=2"},"rttpg_comment":0,"rttpg_category":"<a href=\"https:\/\/arantv.az\/?cat=1\" rel=\"category\">C\u0259miyy\u0259t<\/a>","rttpg_excerpt":"F\u00f6vq\u0259lad\u0259 Hallar nazirinin m\u00fcavini, general-leytenant Etibar Mirz\u0259yev\u00a0Yeni il bayram\u0131 il\u0259 ba\u011fl\u0131 tap\u015f\u0131r\u0131q verib. ARANTV.AZ-\u0131n m\u0259lumat\u0131na g\u00f6r\u0259, E.Mirz\u0259yev bu bar\u0259d\u0259 F\u00f6vq\u0259lad\u0259 Hallar Nazirliyind\u0259 ke\u00e7iril\u0259n \u0259m\u0259liyyat m\u00fc\u015favir\u0259sind\u0259 bildirib. O, Yeni il bayram\u0131 il\u0259 \u0259laq\u0259dar yan\u011f\u0131n t\u0259hl\u00fck\u0259sizliyi t\u0259dbirl\u0259rinin g\u00fccl\u0259ndirilm\u0259sinin v\u0259 yan\u011f\u0131ndan m\u00fchafiz\u0259 i\u015finin s\u0259m\u0259r\u0259liliyinin daha da art\u0131r\u0131lmas\u0131n\u0131n vacibliyini vur\u011fulay\u0131b.Oxu.Az","_links":{"self":[{"href":"https:\/\/arantv.az\/index.php?rest_route=\/wp\/v2\/posts\/107466"}],"collection":[{"href":"https:\/\/arantv.az\/index.php?rest_route=\/wp\/v2\/posts"}],"about":[{"href":"https:\/\/arantv.az\/index.php?rest_route=\/wp\/v2\/types\/post"}],"author":[{"embeddable":true,"href":"https:\/\/arantv.az\/index.php?rest_route=\/wp\/v2\/users\/2"}],"replies":[{"embeddable":true,"href":"https:\/\/arantv.az\/index.php?rest_route=%2Fwp%2Fv2%2Fcomments&post=107466"}],"version-history":[{"count":0,"href":"https:\/\/arantv.az\/index.php?rest_route=\/wp\/v2\/posts\/107466\/revisions"}],"wp:featuredmedia":[{"embeddable":true,"href":"https:\/\/arantv.az\/index.php?rest_route=\/wp\/v2\/media\/107467"}],"wp:attachment":[{"href":"https:\/\/arantv.az\/index.php?rest_route=%2Fwp%2Fv2%2Fmedia&parent=107466"}],"wp:term":[{"taxonomy":"category","embeddable":true,"href":"https:\/\/arantv.az\/index.php?rest_route=%2Fwp%2Fv2%2Fcategories&post=107466"},{"taxonomy":"post_tag","embeddable":true,"href":"https:\/\/arantv.az\/index.php?rest_route=%2Fwp%2Fv2%2Ftags&post=107466"}],"curies":[{"name":"wp","href":"https:\/\/api.w.org\/{rel}","templated":true}]}}