{"id":107498,"date":"2019-12-14T13:36:13","date_gmt":"2019-12-14T10:36:13","guid":{"rendered":"http:\/\/arantv.az\/?p=107498"},"modified":"2019-12-14T13:36:13","modified_gmt":"2019-12-14T10:36:13","slug":"birinci-vitse-prezident-mehriban-%c9%99liyevanin-say%c9%99sind%c9%99-bizim-ucun-h%c9%99r-cur-rahatliq-t%c9%99min-edilib-umid-yeri-usaq-siginacagindan-reportaj-video-foto","status":"publish","type":"post","link":"https:\/\/arantv.az\/?p=107498","title":{"rendered":"Birinci vitse-prezident Mehriban \u018fliyevan\u0131n say\u0259sind\u0259 bizim \u00fc\u00e7\u00fcn h\u0259r c\u00fcr rahatl\u0131q t\u0259min edilib &#8211; &#8220;\u00dcmid yeri&#8221; u\u015faq s\u0131\u011f\u0131naca\u011f\u0131ndan reportaj &#8211; V\u0130DEO &#8211; FOTO"},"content":{"rendered":"<div class=\"article_text\">\n<p>\u0130yunun 13-d\u0259 Az\u0259rbaycan\u0131n Birinci vitse-prezidenti, Heyd\u0259r \u018fliyev Fondunun prezidenti Mehriban \u018fliyeva Bak\u0131n\u0131n X\u0259z\u0259r rayonunun Bin\u0259 q\u0259s\u0259b\u0259sind\u0259 &#8220;\u00dcmid yeri&#8221; u\u015faq s\u0131\u011f\u0131naca\u011f\u0131n\u0131n yeni in\u015fa olunan binas\u0131n\u0131n a\u00e7\u0131l\u0131\u015f\u0131nda i\u015ftirak edib. 1997-ci ild\u0259 t\u0259sis olunan u\u015faq s\u0131\u011f\u0131naca\u011f\u0131nda 18 ya\u015f\u0131nad\u0259k u\u015faqlar ya\u015fay\u0131r. S\u0131\u011f\u0131nacaqda qald\u0131qlar\u0131 m\u00fcdd\u0259td\u0259 onlara h\u00fcquqi, sosial v\u0259 tibbi yard\u0131mlar edilir, u\u015faqlar\u0131n c\u0259miyy\u0259t\u0259 adaptasiya olunmalar\u0131 v\u0259 t\u0259hsil almalar\u0131na d\u0259st\u0259k g\u00f6st\u0259rilir.<\/p>\n<p>Yeni binada o\u011flanlar, q\u0131zlar v\u0259 ki\u00e7ik ya\u015fl\u0131 u\u015faqlar \u00fc\u00e7\u00fcn b\u00f6lm\u0259l\u0259r yarad\u0131l\u0131b. B\u00fct\u00fcn otaqlar m\u00fcasir avadanl\u0131qlarla t\u0259chiz edilib. U\u015faq s\u0131\u011f\u0131naca\u011f\u0131nda yataq, sinif otaqlar\u0131, informatika kabinetl\u0259ri, asud\u0259 vaxt\u0131n s\u0259m\u0259r\u0259li ke\u00e7irilm\u0259si \u00fc\u00e7\u00fcn istirah\u0259t v\u0259 \u0259yl\u0259nc\u0259 zonalar\u0131, el\u0259c\u0259 d\u0259 yem\u0259kxana yarad\u0131l\u0131b.<\/p>\n<p><strong>ARANTV.AZ<\/strong>\u00a0 bildirir ki,\u00a0<a href=\"http:\/\/az.trend.az\/\" target=\"_blank\" rel=\"noopener\">Trend<\/a>-in m\u00fcxbirl\u0259ri u\u015faq s\u0131\u011f\u0131naca\u011f\u0131na ba\u015f \u00e7\u0259kibl\u0259r.<\/p>\n<p>&#8220;\u00dcmid yeri&#8221; u\u015faq s\u0131\u011f\u0131naca\u011f\u0131n\u0131n r\u0259hb\u0259ri Nigar M\u0259nsimova Trend-\u0259 bildirib ki, tap\u015f\u0131r\u0131q o q\u0259d\u0259r s\u00fcr\u0259tl\u0259 icra edildi ki, u\u015faq s\u0131\u011f\u0131naca\u011f\u0131n\u0131n miskin g\u00f6rk\u0259mind\u0259n \u0259s\u0259r-\u0259lam\u0259t qalmad\u0131: &#8220;Bizim \u00fc\u00e7\u00fcn yeni korpuslar tikildi, \u00f6z k\u00f6hn\u0259 binam\u0131z yenid\u0259n quruldu. 53 n\u0259f\u0259r u\u015fa\u011f\u0131n rahat ya\u015faya bil\u0259c\u0259yi g\u00f6z\u0259l, m\u00fcasir bir bina bizim istifad\u0259miz\u0259 verildi. Biz h\u0259r g\u00fcn bu evd\u0259 u\u015faql\u0131-b\u00f6y\u00fckl\u00fc Mehriban xan\u0131ma dua edirik. Dua edirik ona g\u00f6r\u0259 ki, biz art\u0131q \u0259vv\u0259lki \u00e7\u0259tinlikl\u0259rl\u0259 ya\u015fam\u0131r\u0131q, qar\u015f\u0131la\u015fm\u0131r\u0131q. \u00c7ox rahat ya\u015fay\u0131r\u0131q. U\u015faqlar\u0131n \u00e7ox rahat v\u0259 isti yataq yerl\u0259ri, g\u00f6z\u0259l mebel t\u0259minat\u0131m\u0131z, m\u0259tb\u0259x \u015f\u0259raitimiz var. \u00c7ox g\u00f6z\u0259l \u0259m\u0259k emalatxanam\u0131z var ki, u\u015faqlar asud\u0259 vaxtlar\u0131n\u0131 orada \u00e7ox s\u0259m\u0259r\u0259li ke\u00e7irirl\u0259r. Xal\u00e7a v\u0259 tiki\u015f d\u0259rn\u0259yimiz f\u0259aliyy\u0259t g\u00f6st\u0259rir. Burada \u00e7ox istedadl\u0131 u\u015faqlar\u0131m\u0131z var. Bu \u015f\u0259rait h\u0259m d\u0259 ona imkan verir ki, biz o istedadl\u0131lar\u0131 k\u0259\u015ff ed\u0259 v\u0259 inki\u015faf etdir\u0259 bil\u0259k. Birinci vitse-prezident Mehriban \u018fliyevan\u0131n say\u0259sind\u0259 bizim \u00fc\u00e7\u00fcn h\u0259r c\u00fcr rahatl\u0131q t\u0259min edilib&#8221;. N.M\u0259nsimova x\u00fcsusi qeyd edib ki, Birinci vitse-prezident Mehriban \u018fliyevan\u0131n binan\u0131n a\u00e7\u0131l\u0131\u015f\u0131nda \u015f\u0259xs\u0259n i\u015ftirak etm\u0259si &#8220;\u00dcmid yeri&#8221; \u00fc\u00e7\u00fcn tarixi bir hadis\u0259dir: &#8220;H\u0259min g\u00fcn bizim \u00fc\u00e7\u00fcn \u00e7ox \u0259lam\u0259tdar, sevincli bir g\u00fcn idi. Bilirsiniz ki, Mehriban xan\u0131m biz\u0259 q\u0259d\u0259r &#8220;Yeni Az\u0259rbaycana yeni m\u0259kt\u0259bl\u0259r&#8221; layih\u0259si \u00e7\u0259r\u00e7iv\u0259sind\u0259 \u00e7oxlu sayda u\u015faq evl\u0259rini, m\u0259kt\u0259bl\u0259ri, internat m\u0259kt\u0259bl\u0259rini yenil\u0259yib. Biz d\u0259 h\u0259mi\u015f\u0259 o m\u0259kt\u0259bl\u0259r\u0259, o u\u015faq evl\u0259rin\u0259 h\u0259s\u0259dl\u0259 bax\u0131rd\u0131q. Deyirdik ki, ka\u015f bir g\u00fcn Mehriban xan\u0131m bura da g\u0259l\u0259ydi, onlar \u00fc\u00e7\u00fcn yarad\u0131lan g\u00f6z\u0259l \u015f\u0259rait bizim \u00fc\u00e7\u00fcn d\u0259 yarad\u0131layd\u0131&#8230;&#8221;.<\/p>\n<p>&#8220;\u00dcmid yeri&#8221; u\u015faq s\u0131\u011f\u0131nacaq m\u0259rk\u0259zinin musiqi m\u00fc\u0259llim\u0259si Samir\u0259 Ta\u011f\u0131yeva istedadl\u0131 u\u015faqlar\u0131n inki\u015faf\u0131 \u00fc\u00e7\u00fcn burada yarad\u0131lan imkanlardan s\u00f6z a\u00e7\u0131b: &#8220;U\u015faqlar\u0131n konsertl\u0259r\u0259, birg\u0259 \u00e7\u0131x\u0131\u015flara, t\u0259dbirl\u0259r\u0259 \u00e7ox ehtiyaclar\u0131 var. Onlar bel\u0259 t\u0259dbirl\u0259rd\u0259 daha \u00e7ox inki\u015faf edirl\u0259r. Bu s\u0131\u011f\u0131nacaq m\u0259rk\u0259zi Birinci vitse-prezident Mehriban \u018fliyevan\u0131n d\u0259st\u0259yi il\u0259 tikil\u0259nd\u0259n sonra burada v\u0259ziyy\u0259t tamamil\u0259 d\u0259yi\u015fdi, u\u015faqlar, i\u015f\u0131ql\u0131, t\u0259miz v\u0259 isti otaqlarda d\u0259rs ke\u00e7irl\u0259r. B\u00fct\u00fcn m\u00fc\u0259liml\u0259rin v\u0259 u\u015faqlar\u0131n ad\u0131ndan Mehriban xan\u0131m \u018fliyevaya b\u00f6y\u00fck t\u0259\u015f\u0259kk\u00fcr\u00fcm\u00fcz\u00fc v\u0259 minn\u0259tdarl\u0131\u011f\u0131m\u0131z\u0131 bildiririk. \u00c7\u00fcnki h\u0259qiq\u0259t\u0259n o, bu binan\u0131 tikm\u0259kl\u0259 biz\u0259 \u00e7ox b\u00f6y\u00fck d\u0259st\u0259k olub, k\u00f6m\u0259k edib&#8221;.<\/p>\n<p>\u0130btidai sinif m\u00fc\u0259llimi Samir\u0259 Na\u011f\u0131yeva deyib ki, &#8220;\u00dcmid yeri&#8221; u\u015faqlar \u00fc\u00e7\u00fcn g\u00f6z\u0259l v\u0259 s\u0259liq\u0259li s\u0131\u011f\u0131naca\u011fa \u00e7evrilib: &#8220;\u015eagirdl\u0259rimiz d\u0259rs sistemin\u0259 haz\u0131rd\u0131rlar. M\u0259nim sinifim qar\u0131\u015f\u0131q sinifdir &#8211; u\u015faqlar\u0131n yar\u0131s\u0131 \u0259vv\u0259ll\u0259r t\u0259hsild\u0259n yay\u0131nanlar, yar\u0131s\u0131 da ibtidai sinif\u0259 haz\u0131rla\u015fanlard\u0131r. D\u0259rsd\u0259n sonra da onlar\u0131n t\u0259drisin\u0259 yard\u0131m etm\u0259y\u0259 \u00e7al\u0131\u015f\u0131ram. S\u0131\u011f\u0131naca\u011f\u0131m\u0131z\u0131n kollektivi ad\u0131ndan \u015f\u0259xs\u0259n Mehriban \u018fliyevaya, Heyd\u0259r \u018fliyev Fonduna d\u0259rin t\u0259\u015f\u0259kk\u00fcr\u00fcm\u00fcz\u00fc bildiririk ki, biz\u0259 bel\u0259 g\u00f6z\u0259l \u015f\u0259rait yarad\u0131b, h\u0259r c\u00fcr l\u0259vazimatlarla t\u0259min edib&#8221;.<\/p>\n<p>&#8220;\u00dcmid yeri&#8221;nin \u0259m\u0259kda\u015f\u0131 F\u0259rid H\u00fcseynzad\u0259 qeyd edib ki, 10 il m\u00fcdd\u0259tind\u0259 bu s\u0131\u011f\u0131nacaqda ya\u015fay\u0131b v\u0259 buran\u0131n m\u0259zunu olub: &#8220;Haz\u0131rda burada i\u015fl\u0259 t\u0259min olunmu\u015fam. M\u00fct\u0259madi olaraq, laz\u0131m olan b\u00fct\u00fcn i\u015fl\u0259rd\u0259 s\u0131\u011f\u0131naca\u011fa k\u00f6m\u0259klik g\u00f6st\u0259rir\u0259m. Burada bel\u0259 g\u00f6z\u0259l bina tikdirdiyi, el\u0259c\u0259 d\u0259 u\u015faqlar\u0131n h\u0259r bir \u015f\u0259raitl\u0259 t\u0259min edildiyin\u0259 g\u00f6r\u0259 Heyd\u0259r \u018fliyev Fondu v\u0259 Birinci vitse-prezidentimiz Mehriban \u018fliyevaya t\u0259\u015f\u0259kk\u00fcr edirik&#8221;.<\/p>\n<p>Sonda is\u0259 s\u0131\u011f\u0131nacaqda ya\u015fayan u\u015faqlardan biri Birinci vitse prezident Mehriban \u018fliyevaya \u0259n s\u0259mimi t\u0259\u015f\u0259kk\u00fcrl\u0259rini ifad\u0259 edib: &#8220;Bu binan\u0131 yaratd\u0131\u011f\u0131na g\u00f6r\u0259, Mehriban xan\u0131ma t\u0259\u015f\u0259kk\u00fcrl\u0259rimi bildirir\u0259m, \u00e7oxlu-\u00e7oxlu \u00f6p\u00fcr\u0259m&#8221;.<\/p>\n<p>&nbsp;<\/p>\n<p><iframe loading=\"lazy\" src=\"https:\/\/www.trend.az\/player.php?f=https:\/\/cdn.trend.az\/media\/pictures\/2019\/12\/12\/video_umud_yeri_121219.mp4\" width=\"100%\" height=\"360\" frameborder=\"0\" allowfullscreen=\"allowfullscreen\" data-mce-fragment=\"1\"><\/iframe><\/p>\n<\/div>\n<div class=\"adv need-money\">\n<h4><\/h4>\n<div class=\"article-gallery\">\n<div class=\"lSSlideOuter \">\n<div class=\"lSSlideWrapper usingCss\">\n<ul class=\"images-list lightSlider lsGrab lSSlide\">\n<li class=\"lslide active\" data-src=\"https:\/\/img.milli.az\/2019\/12\/14\/810525_01.jpg\" data-fancybox=\"810525\"><img src=\"https:\/\/img.milli.az\/2019\/12\/14\/810525_01.jpg\" alt=\"\" \/><\/li>\n<li class=\"lslide\" data-src=\"https:\/\/img.milli.az\/2019\/12\/14\/810525_02.jpg\" data-fancybox=\"810525\"><img src=\"https:\/\/img.milli.az\/2019\/12\/14\/810525_02.jpg\" alt=\"\" \/><\/li>\n<li class=\"lslide\" data-src=\"https:\/\/img.milli.az\/2019\/12\/14\/810525_03.jpg\" data-fancybox=\"810525\"><img src=\"https:\/\/img.milli.az\/2019\/12\/14\/810525_03.jpg\" alt=\"\" \/><\/li>\n<li class=\"lslide\" data-src=\"https:\/\/img.milli.az\/2019\/12\/14\/810525_04.jpg\" data-fancybox=\"810525\"><img src=\"https:\/\/img.milli.az\/2019\/12\/14\/810525_04.jpg\" alt=\"\" \/><\/li>\n<li class=\"lslide\" data-src=\"https:\/\/img.milli.az\/2019\/12\/14\/810525_05.jpg\" data-fancybox=\"810525\"><img src=\"https:\/\/img.milli.az\/2019\/12\/14\/810525_05.jpg\" alt=\"\" \/><\/li>\n<li class=\"lslide\" data-src=\"https:\/\/img.milli.az\/2019\/12\/14\/810525_06.jpg\" data-fancybox=\"810525\"><img src=\"https:\/\/img.milli.az\/2019\/12\/14\/810525_06.jpg\" alt=\"\" \/><\/li>\n<li class=\"lslide\" data-src=\"https:\/\/img.milli.az\/2019\/12\/14\/810525_07.jpg\" data-fancybox=\"810525\"><img src=\"https:\/\/img.milli.az\/2019\/12\/14\/810525_07.jpg\" alt=\"\" \/><\/li>\n<li class=\"lslide\" data-src=\"https:\/\/img.milli.az\/2019\/12\/14\/810525_08.jpg\" data-fancybox=\"810525\"><img src=\"https:\/\/img.milli.az\/2019\/12\/14\/810525_08.jpg\" alt=\"\" \/><\/li>\n<li class=\"lslide\" data-src=\"https:\/\/img.milli.az\/2019\/12\/14\/810525_09.jpg\" data-fancybox=\"810525\"><img src=\"https:\/\/img.milli.az\/2019\/12\/14\/810525_09.jpg\" alt=\"\" \/><\/li>\n<li class=\"lslide\" data-src=\"https:\/\/img.milli.az\/2019\/12\/14\/810525_10.jpg\" data-fancybox=\"810525\"><img src=\"https:\/\/img.milli.az\/2019\/12\/14\/810525_10.jpg\" alt=\"\" \/><\/li>\n<li class=\"lslide\" data-src=\"https:\/\/img.milli.az\/2019\/12\/14\/810525_11.jpg\" data-fancybox=\"810525\"><img src=\"https:\/\/img.milli.az\/2019\/12\/14\/810525_11.jpg\" alt=\"\" \/><\/li>\n<li class=\"lslide\" data-src=\"https:\/\/img.milli.az\/2019\/12\/14\/810525_12.jpg\" data-fancybox=\"810525\"><img src=\"https:\/\/img.milli.az\/2019\/12\/14\/810525_12.jpg\" alt=\"\" \/><\/li>\n<li class=\"lslide\" data-src=\"https:\/\/img.milli.az\/2019\/12\/14\/810525_13.jpg\" data-fancybox=\"810525\"><img src=\"https:\/\/img.milli.az\/2019\/12\/14\/810525_13.jpg\" alt=\"\" \/><\/li>\n<li class=\"lslide\" data-src=\"https:\/\/img.milli.az\/2019\/12\/14\/810525_14.jpg\" data-fancybox=\"810525\"><img src=\"https:\/\/img.milli.az\/2019\/12\/14\/810525_14.jpg\" alt=\"\" \/><\/li>\n<li class=\"lslide\" data-src=\"https:\/\/img.milli.az\/2019\/12\/14\/810525_15.jpg\" data-fancybox=\"810525\"><img src=\"https:\/\/img.milli.az\/2019\/12\/14\/810525_15.jpg\" alt=\"\" \/><\/li>\n<li class=\"lslide\" data-src=\"https:\/\/img.milli.az\/2019\/12\/14\/810525_16.jpg\" data-fancybox=\"810525\"><img src=\"https:\/\/img.milli.az\/2019\/12\/14\/810525_16.jpg\" alt=\"\" \/><\/li>\n<li class=\"lslide\" data-src=\"https:\/\/img.milli.az\/2019\/12\/14\/810525_17.jpg\" data-fancybox=\"810525\"><img src=\"https:\/\/img.milli.az\/2019\/12\/14\/810525_17.jpg\" alt=\"\" \/><\/li>\n<\/ul>\n<div class=\"lSAction\"><\/div>\n<\/div>\n<\/div>\n<div class=\"lSSlideOuter \">\n<div class=\"lSSlideWrapper usingCss\">\n<div class=\"lSAction\"><\/div>\n<\/div>\n<\/div>\n<\/div>\n<\/div>\n","protected":false},"excerpt":{"rendered":"<p>\u0130yunun 13-d\u0259 Az\u0259rbaycan\u0131n Birinci vitse-prezidenti, Heyd\u0259r \u018fliyev Fondunun prezidenti Mehriban \u018fliyeva Bak\u0131n\u0131n X\u0259z\u0259r rayonunun Bin\u0259 q\u0259s\u0259b\u0259sind\u0259 &#8220;\u00dcmid yeri&#8221; u\u015faq s\u0131\u011f\u0131naca\u011f\u0131n\u0131n yeni in\u015fa olunan binas\u0131n\u0131n a\u00e7\u0131l\u0131\u015f\u0131nda i\u015ftirak edib. 1997-ci ild\u0259 t\u0259sis olunan u\u015faq s\u0131\u011f\u0131naca\u011f\u0131nda 18 ya\u015f\u0131nad\u0259k u\u015faqlar ya\u015fay\u0131r. S\u0131\u011f\u0131nacaqda qald\u0131qlar\u0131 m\u00fcdd\u0259td\u0259 onlara h\u00fcquqi, sosial v\u0259 tibbi yard\u0131mlar edilir, u\u015faqlar\u0131n c\u0259miyy\u0259t\u0259 adaptasiya olunmalar\u0131 v\u0259 t\u0259hsil almalar\u0131na d\u0259st\u0259k g\u00f6st\u0259rilir. Yeni binada o\u011flanlar, q\u0131zlar v\u0259 ki\u00e7ik ya\u015fl\u0131 u\u015faqlar \u00fc\u00e7\u00fcn b\u00f6lm\u0259l\u0259r yarad\u0131l\u0131b. B\u00fct\u00fcn otaqlar m\u00fcasir avadanl\u0131qlarla t\u0259chiz edilib. U\u015faq s\u0131\u011f\u0131naca\u011f\u0131nda yataq, sinif otaqlar\u0131, informatika kabinetl\u0259ri, asud\u0259 vaxt\u0131n s\u0259m\u0259r\u0259li ke\u00e7irilm\u0259si \u00fc\u00e7\u00fcn istirah\u0259t v\u0259 \u0259yl\u0259nc\u0259 zonalar\u0131, el\u0259c\u0259&hellip;<\/p>\n","protected":false},"author":2,"featured_media":107499,"comment_status":"closed","ping_status":"closed","sticky":false,"template":"","format":"standard","meta":{"om_disable_all_campaigns":false,"_monsterinsights_skip_tracking":false,"_monsterinsights_sitenote_active":false,"_monsterinsights_sitenote_note":"","_monsterinsights_sitenote_category":0},"categories":[4],"tags":[],"aioseo_notices":[],"gutentor_comment":0,"rttpg_featured_image_url":{"full":["https:\/\/arantv.az\/wp-content\/uploads\/2019\/12\/810525.jpg",800,600,false],"landscape":["https:\/\/arantv.az\/wp-content\/uploads\/2019\/12\/810525.jpg",800,600,false],"portraits":["https:\/\/arantv.az\/wp-content\/uploads\/2019\/12\/810525.jpg",800,600,false],"thumbnail":["https:\/\/arantv.az\/wp-content\/uploads\/2019\/12\/810525-150x150.jpg",150,150,true],"medium":["https:\/\/arantv.az\/wp-content\/uploads\/2019\/12\/810525-300x225.jpg",300,225,true],"large":["https:\/\/arantv.az\/wp-content\/uploads\/2019\/12\/810525.jpg",640,480,false],"1536x1536":["https:\/\/arantv.az\/wp-content\/uploads\/2019\/12\/810525.jpg",800,600,false],"2048x2048":["https:\/\/arantv.az\/wp-content\/uploads\/2019\/12\/810525.jpg",800,600,false],"post-thumbnail":["https:\/\/arantv.az\/wp-content\/uploads\/2019\/12\/810525-240x172.jpg",240,172,true],"advps-thumb-one":["https:\/\/arantv.az\/wp-content\/uploads\/2019\/12\/810525.jpg",800,600,false]},"rttpg_author":{"display_name":"V\u00fcsal Rafiqo\u011flu","author_link":"https:\/\/arantv.az\/?author=2"},"rttpg_comment":0,"rttpg_category":"<a href=\"https:\/\/arantv.az\/?cat=4\" rel=\"category\">Siyas\u0259t<\/a>","rttpg_excerpt":"\u0130yunun 13-d\u0259 Az\u0259rbaycan\u0131n Birinci vitse-prezidenti, Heyd\u0259r \u018fliyev Fondunun prezidenti Mehriban \u018fliyeva Bak\u0131n\u0131n X\u0259z\u0259r rayonunun Bin\u0259 q\u0259s\u0259b\u0259sind\u0259 &#8220;\u00dcmid yeri&#8221; u\u015faq s\u0131\u011f\u0131naca\u011f\u0131n\u0131n yeni in\u015fa olunan binas\u0131n\u0131n a\u00e7\u0131l\u0131\u015f\u0131nda i\u015ftirak edib. 1997-ci ild\u0259 t\u0259sis olunan u\u015faq s\u0131\u011f\u0131naca\u011f\u0131nda 18 ya\u015f\u0131nad\u0259k u\u015faqlar ya\u015fay\u0131r. S\u0131\u011f\u0131nacaqda qald\u0131qlar\u0131 m\u00fcdd\u0259td\u0259 onlara h\u00fcquqi, sosial v\u0259 tibbi yard\u0131mlar edilir, u\u015faqlar\u0131n c\u0259miyy\u0259t\u0259 adaptasiya olunmalar\u0131 v\u0259 t\u0259hsil almalar\u0131na d\u0259st\u0259k&hellip;","_links":{"self":[{"href":"https:\/\/arantv.az\/index.php?rest_route=\/wp\/v2\/posts\/107498"}],"collection":[{"href":"https:\/\/arantv.az\/index.php?rest_route=\/wp\/v2\/posts"}],"about":[{"href":"https:\/\/arantv.az\/index.php?rest_route=\/wp\/v2\/types\/post"}],"author":[{"embeddable":true,"href":"https:\/\/arantv.az\/index.php?rest_route=\/wp\/v2\/users\/2"}],"replies":[{"embeddable":true,"href":"https:\/\/arantv.az\/index.php?rest_route=%2Fwp%2Fv2%2Fcomments&post=107498"}],"version-history":[{"count":0,"href":"https:\/\/arantv.az\/index.php?rest_route=\/wp\/v2\/posts\/107498\/revisions"}],"wp:featuredmedia":[{"embeddable":true,"href":"https:\/\/arantv.az\/index.php?rest_route=\/wp\/v2\/media\/107499"}],"wp:attachment":[{"href":"https:\/\/arantv.az\/index.php?rest_route=%2Fwp%2Fv2%2Fmedia&parent=107498"}],"wp:term":[{"taxonomy":"category","embeddable":true,"href":"https:\/\/arantv.az\/index.php?rest_route=%2Fwp%2Fv2%2Fcategories&post=107498"},{"taxonomy":"post_tag","embeddable":true,"href":"https:\/\/arantv.az\/index.php?rest_route=%2Fwp%2Fv2%2Ftags&post=107498"}],"curies":[{"name":"wp","href":"https:\/\/api.w.org\/{rel}","templated":true}]}}