{"id":107604,"date":"2019-12-14T15:40:25","date_gmt":"2019-12-14T12:40:25","guid":{"rendered":"http:\/\/arantv.az\/?p=107604"},"modified":"2019-12-14T15:40:25","modified_gmt":"2019-12-14T12:40:25","slug":"prezident-ilham-%c9%99liyev-qazaxistan-prezidentini-t%c9%99brik-edib","status":"publish","type":"post","link":"https:\/\/arantv.az\/?p=107604","title":{"rendered":"Prezident \u0130lham \u018fliyev Qazax\u0131stan Prezidentini t\u0259brik edib"},"content":{"rendered":"<p><strong>Prezident \u0130lham \u018fliyev Qazax\u0131stan Prezidenti Kas\u0131m-Jomart Tokayev\u0259 t\u0259brik m\u0259ktubu g\u00f6nd\u0259rib.<\/strong><\/p>\n<p><strong>ARANTV.AZ<\/strong>\u00a0<a href=\"http:\/\/azertag.az\/\" target=\"_blank\" rel=\"noopener\">AZ\u018fRTAC<\/a>-a istinad\u0259n bildirir ki,\u00a0t\u0259brikd\u0259 deyilir:<\/p>\n<p>&#8220;H\u00f6rm\u0259tli Kas\u0131m-Jomart Kemelevi\u00e7, Qazax\u0131stan Respublikas\u0131n\u0131n milli bayram\u0131 &#8211; M\u00fcst\u0259qillik G\u00fcn\u00fc m\u00fcnasib\u0259til\u0259 Sizi v\u0259 xalq\u0131n\u0131z\u0131 \u00f6z ad\u0131mdan v\u0259 Az\u0259rbaycan xalq\u0131 ad\u0131ndan s\u0259mimi q\u0259lbd\u0259n t\u0259brik edir\u0259m.<\/p>\n<p>Qarda\u015f Qazax\u0131stan m\u00fcst\u0259qillik ill\u0259rind\u0259 dinamik v\u0259 h\u0259rt\u0259r\u0259fli inki\u015faf yolu ke\u00e7\u0259r\u0259k h\u0259yat\u0131n b\u00fct\u00fcn sah\u0259l\u0259rind\u0259 m\u00fch\u00fcm nailiyy\u0259tl\u0259r \u0259ld\u0259 etmi\u015f, beyn\u0259lxalq al\u0259md\u0259 y\u00fcks\u0259k n\u00fcfuz qazanm\u0131\u015fd\u0131r.<\/p>\n<p>\u018fmin\u0259m ki, xalqlar\u0131m\u0131z\u0131n irad\u0259sind\u0259n qaynaqlanan d\u00f6vl\u0259tl\u0259raras\u0131 m\u00fcnasib\u0259tl\u0259rimizin haz\u0131rk\u0131 y\u00fcks\u0259k s\u0259viyy\u0259si, strateji t\u0259r\u0259fda\u015fl\u0131\u011f\u0131m\u0131z bundan sonra da \u0259m\u0259kda\u015fl\u0131\u011f\u0131m\u0131z\u0131n b\u00fct\u00fcn sah\u0259l\u0259rd\u0259 m\u00fcv\u0259ff\u0259qiyy\u0259tl\u0259 davam etdirilm\u0259si \u00fc\u00e7\u00fcn geni\u015f imkanlar a\u00e7acaqd\u0131r.<\/p>\n<p>Bu \u0259lam\u0259tdar g\u00fcnd\u0259 Siz\u0259 m\u00f6hk\u0259m cansa\u011fl\u0131\u011f\u0131, i\u015fl\u0259rinizd\u0259 u\u011furlar, qarda\u015f Qazax\u0131stan xalq\u0131na daim \u0259min-amanl\u0131q v\u0259 firavanl\u0131q dil\u0259yir\u0259m&#8221;.<\/p>\n","protected":false},"excerpt":{"rendered":"<p>Prezident \u0130lham \u018fliyev Qazax\u0131stan Prezidenti Kas\u0131m-Jomart Tokayev\u0259 t\u0259brik m\u0259ktubu g\u00f6nd\u0259rib. ARANTV.AZ\u00a0AZ\u018fRTAC-a istinad\u0259n bildirir ki,\u00a0t\u0259brikd\u0259 deyilir: &#8220;H\u00f6rm\u0259tli Kas\u0131m-Jomart Kemelevi\u00e7, Qazax\u0131stan Respublikas\u0131n\u0131n milli bayram\u0131 &#8211; M\u00fcst\u0259qillik G\u00fcn\u00fc m\u00fcnasib\u0259til\u0259 Sizi v\u0259 xalq\u0131n\u0131z\u0131 \u00f6z ad\u0131mdan v\u0259 Az\u0259rbaycan xalq\u0131 ad\u0131ndan s\u0259mimi q\u0259lbd\u0259n t\u0259brik edir\u0259m. Qarda\u015f Qazax\u0131stan m\u00fcst\u0259qillik ill\u0259rind\u0259 dinamik v\u0259 h\u0259rt\u0259r\u0259fli inki\u015faf yolu ke\u00e7\u0259r\u0259k h\u0259yat\u0131n b\u00fct\u00fcn sah\u0259l\u0259rind\u0259 m\u00fch\u00fcm nailiyy\u0259tl\u0259r \u0259ld\u0259 etmi\u015f, beyn\u0259lxalq al\u0259md\u0259 y\u00fcks\u0259k n\u00fcfuz qazanm\u0131\u015fd\u0131r. \u018fmin\u0259m ki, xalqlar\u0131m\u0131z\u0131n irad\u0259sind\u0259n qaynaqlanan d\u00f6vl\u0259tl\u0259raras\u0131 m\u00fcnasib\u0259tl\u0259rimizin haz\u0131rk\u0131 y\u00fcks\u0259k s\u0259viyy\u0259si, strateji t\u0259r\u0259fda\u015fl\u0131\u011f\u0131m\u0131z bundan sonra da \u0259m\u0259kda\u015fl\u0131\u011f\u0131m\u0131z\u0131n b\u00fct\u00fcn sah\u0259l\u0259rd\u0259 m\u00fcv\u0259ff\u0259qiyy\u0259tl\u0259 davam etdirilm\u0259si \u00fc\u00e7\u00fcn geni\u015f imkanlar a\u00e7acaqd\u0131r. Bu \u0259lam\u0259tdar g\u00fcnd\u0259 Siz\u0259&hellip;<\/p>\n","protected":false},"author":2,"featured_media":107605,"comment_status":"closed","ping_status":"closed","sticky":false,"template":"","format":"standard","meta":{"om_disable_all_campaigns":false,"_monsterinsights_skip_tracking":false,"_monsterinsights_sitenote_active":false,"_monsterinsights_sitenote_note":"","_monsterinsights_sitenote_category":0},"categories":[4],"tags":[],"aioseo_notices":[],"gutentor_comment":0,"rttpg_featured_image_url":{"full":["https:\/\/arantv.az\/wp-content\/uploads\/2019\/12\/2018_ilham_aliyev_05-5.jpg",1200,900,false],"landscape":["https:\/\/arantv.az\/wp-content\/uploads\/2019\/12\/2018_ilham_aliyev_05-5.jpg",1200,900,false],"portraits":["https:\/\/arantv.az\/wp-content\/uploads\/2019\/12\/2018_ilham_aliyev_05-5.jpg",1200,900,false],"thumbnail":["https:\/\/arantv.az\/wp-content\/uploads\/2019\/12\/2018_ilham_aliyev_05-5-150x150.jpg",150,150,true],"medium":["https:\/\/arantv.az\/wp-content\/uploads\/2019\/12\/2018_ilham_aliyev_05-5-300x225.jpg",300,225,true],"large":["https:\/\/arantv.az\/wp-content\/uploads\/2019\/12\/2018_ilham_aliyev_05-5-1024x768.jpg",640,480,true],"1536x1536":["https:\/\/arantv.az\/wp-content\/uploads\/2019\/12\/2018_ilham_aliyev_05-5.jpg",1200,900,false],"2048x2048":["https:\/\/arantv.az\/wp-content\/uploads\/2019\/12\/2018_ilham_aliyev_05-5.jpg",1200,900,false],"post-thumbnail":["https:\/\/arantv.az\/wp-content\/uploads\/2019\/12\/2018_ilham_aliyev_05-5-240x172.jpg",240,172,true],"advps-thumb-one":["https:\/\/arantv.az\/wp-content\/uploads\/2019\/12\/2018_ilham_aliyev_05-5-1200x620.jpg",1200,620,true]},"rttpg_author":{"display_name":"V\u00fcsal Rafiqo\u011flu","author_link":"https:\/\/arantv.az\/?author=2"},"rttpg_comment":0,"rttpg_category":"<a href=\"https:\/\/arantv.az\/?cat=4\" rel=\"category\">Siyas\u0259t<\/a>","rttpg_excerpt":"Prezident \u0130lham \u018fliyev Qazax\u0131stan Prezidenti Kas\u0131m-Jomart Tokayev\u0259 t\u0259brik m\u0259ktubu g\u00f6nd\u0259rib. ARANTV.AZ\u00a0AZ\u018fRTAC-a istinad\u0259n bildirir ki,\u00a0t\u0259brikd\u0259 deyilir: &#8220;H\u00f6rm\u0259tli Kas\u0131m-Jomart Kemelevi\u00e7, Qazax\u0131stan Respublikas\u0131n\u0131n milli bayram\u0131 &#8211; M\u00fcst\u0259qillik G\u00fcn\u00fc m\u00fcnasib\u0259til\u0259 Sizi v\u0259 xalq\u0131n\u0131z\u0131 \u00f6z ad\u0131mdan v\u0259 Az\u0259rbaycan xalq\u0131 ad\u0131ndan s\u0259mimi q\u0259lbd\u0259n t\u0259brik edir\u0259m. Qarda\u015f Qazax\u0131stan m\u00fcst\u0259qillik ill\u0259rind\u0259 dinamik v\u0259 h\u0259rt\u0259r\u0259fli inki\u015faf yolu ke\u00e7\u0259r\u0259k h\u0259yat\u0131n b\u00fct\u00fcn sah\u0259l\u0259rind\u0259 m\u00fch\u00fcm nailiyy\u0259tl\u0259r \u0259ld\u0259&hellip;","_links":{"self":[{"href":"https:\/\/arantv.az\/index.php?rest_route=\/wp\/v2\/posts\/107604"}],"collection":[{"href":"https:\/\/arantv.az\/index.php?rest_route=\/wp\/v2\/posts"}],"about":[{"href":"https:\/\/arantv.az\/index.php?rest_route=\/wp\/v2\/types\/post"}],"author":[{"embeddable":true,"href":"https:\/\/arantv.az\/index.php?rest_route=\/wp\/v2\/users\/2"}],"replies":[{"embeddable":true,"href":"https:\/\/arantv.az\/index.php?rest_route=%2Fwp%2Fv2%2Fcomments&post=107604"}],"version-history":[{"count":0,"href":"https:\/\/arantv.az\/index.php?rest_route=\/wp\/v2\/posts\/107604\/revisions"}],"wp:featuredmedia":[{"embeddable":true,"href":"https:\/\/arantv.az\/index.php?rest_route=\/wp\/v2\/media\/107605"}],"wp:attachment":[{"href":"https:\/\/arantv.az\/index.php?rest_route=%2Fwp%2Fv2%2Fmedia&parent=107604"}],"wp:term":[{"taxonomy":"category","embeddable":true,"href":"https:\/\/arantv.az\/index.php?rest_route=%2Fwp%2Fv2%2Fcategories&post=107604"},{"taxonomy":"post_tag","embeddable":true,"href":"https:\/\/arantv.az\/index.php?rest_route=%2Fwp%2Fv2%2Ftags&post=107604"}],"curies":[{"name":"wp","href":"https:\/\/api.w.org\/{rel}","templated":true}]}}