{"id":107609,"date":"2019-12-14T15:42:06","date_gmt":"2019-12-14T12:42:06","guid":{"rendered":"http:\/\/arantv.az\/?p=107609"},"modified":"2019-12-14T15:42:06","modified_gmt":"2019-12-14T12:42:06","slug":"siraq%c9%99ddin-cabbarov-2-ci-d%c9%99r%c9%99c%c9%99li-v%c9%99t%c9%99n%c9%99-xidm%c9%99t%c9%99-gor%c9%99-ordeni-il%c9%99-t%c9%99ltif-edilib","status":"publish","type":"post","link":"https:\/\/arantv.az\/?p=107609","title":{"rendered":"Siraq\u0259ddin Cabbarov 2-ci d\u0259r\u0259c\u0259li \u201cV\u0259t\u0259n\u0259 xidm\u0259t\u0259 g\u00f6r\u0259\u201d ordeni il\u0259 t\u0259ltif edilib"},"content":{"rendered":"<p>Prezident \u0130lham \u018fliyev Siraq\u0259ddin Cabbarovun 2-ci d\u0259r\u0259c\u0259li \u201cV\u0259t\u0259n\u0259 xidm\u0259t\u0259 g\u00f6r\u0259\u201d ordeni il\u0259 t\u0259ltif edilm\u0259si haqq\u0131nda s\u0259r\u0259ncam imzalay\u0131b.<\/p>\n<p>S\u0259r\u0259ncamda qeyd edilir ki, Az\u0259rbaycan Respublikas\u0131n\u0131n ictimai-siyasi h\u0259yat\u0131nda f\u0259al i\u015ftirak\u0131na g\u00f6r\u0259 Siraq\u0259ddin N\u0259c\u0259f o\u011flu Cabbarov 2-ci d\u0259r\u0259c\u0259li \u201cV\u0259t\u0259n\u0259 xidm\u0259t\u0259 g\u00f6r\u0259\u201d ordeni il\u0259 t\u0259ltif edilsin.<\/p>\n","protected":false},"excerpt":{"rendered":"<p>Prezident \u0130lham \u018fliyev Siraq\u0259ddin Cabbarovun 2-ci d\u0259r\u0259c\u0259li \u201cV\u0259t\u0259n\u0259 xidm\u0259t\u0259 g\u00f6r\u0259\u201d ordeni il\u0259 t\u0259ltif edilm\u0259si haqq\u0131nda s\u0259r\u0259ncam imzalay\u0131b. S\u0259r\u0259ncamda qeyd edilir ki, Az\u0259rbaycan Respublikas\u0131n\u0131n ictimai-siyasi h\u0259yat\u0131nda f\u0259al i\u015ftirak\u0131na g\u00f6r\u0259 Siraq\u0259ddin N\u0259c\u0259f o\u011flu Cabbarov 2-ci d\u0259r\u0259c\u0259li \u201cV\u0259t\u0259n\u0259 xidm\u0259t\u0259 g\u00f6r\u0259\u201d ordeni il\u0259 t\u0259ltif edilsin.<\/p>\n","protected":false},"author":2,"featured_media":107610,"comment_status":"closed","ping_status":"closed","sticky":false,"template":"","format":"standard","meta":{"om_disable_all_campaigns":false,"_monsterinsights_skip_tracking":false,"_monsterinsights_sitenote_active":false,"_monsterinsights_sitenote_note":"","_monsterinsights_sitenote_category":0},"categories":[4],"tags":[],"aioseo_notices":[],"gutentor_comment":0,"rttpg_featured_image_url":{"full":["https:\/\/arantv.az\/wp-content\/uploads\/2019\/12\/ilham_aliyev_president_291217_2.jpg",1200,900,false],"landscape":["https:\/\/arantv.az\/wp-content\/uploads\/2019\/12\/ilham_aliyev_president_291217_2.jpg",1200,900,false],"portraits":["https:\/\/arantv.az\/wp-content\/uploads\/2019\/12\/ilham_aliyev_president_291217_2.jpg",1200,900,false],"thumbnail":["https:\/\/arantv.az\/wp-content\/uploads\/2019\/12\/ilham_aliyev_president_291217_2-150x150.jpg",150,150,true],"medium":["https:\/\/arantv.az\/wp-content\/uploads\/2019\/12\/ilham_aliyev_president_291217_2-300x225.jpg",300,225,true],"large":["https:\/\/arantv.az\/wp-content\/uploads\/2019\/12\/ilham_aliyev_president_291217_2-1024x768.jpg",640,480,true],"1536x1536":["https:\/\/arantv.az\/wp-content\/uploads\/2019\/12\/ilham_aliyev_president_291217_2.jpg",1200,900,false],"2048x2048":["https:\/\/arantv.az\/wp-content\/uploads\/2019\/12\/ilham_aliyev_president_291217_2.jpg",1200,900,false],"post-thumbnail":["https:\/\/arantv.az\/wp-content\/uploads\/2019\/12\/ilham_aliyev_president_291217_2-240x172.jpg",240,172,true],"advps-thumb-one":["https:\/\/arantv.az\/wp-content\/uploads\/2019\/12\/ilham_aliyev_president_291217_2-1200x620.jpg",1200,620,true]},"rttpg_author":{"display_name":"V\u00fcsal Rafiqo\u011flu","author_link":"https:\/\/arantv.az\/?author=2"},"rttpg_comment":0,"rttpg_category":"<a href=\"https:\/\/arantv.az\/?cat=4\" rel=\"category\">Siyas\u0259t<\/a>","rttpg_excerpt":"Prezident \u0130lham \u018fliyev Siraq\u0259ddin Cabbarovun 2-ci d\u0259r\u0259c\u0259li \u201cV\u0259t\u0259n\u0259 xidm\u0259t\u0259 g\u00f6r\u0259\u201d ordeni il\u0259 t\u0259ltif edilm\u0259si haqq\u0131nda s\u0259r\u0259ncam imzalay\u0131b. S\u0259r\u0259ncamda qeyd edilir ki, Az\u0259rbaycan Respublikas\u0131n\u0131n ictimai-siyasi h\u0259yat\u0131nda f\u0259al i\u015ftirak\u0131na g\u00f6r\u0259 Siraq\u0259ddin N\u0259c\u0259f o\u011flu Cabbarov 2-ci d\u0259r\u0259c\u0259li \u201cV\u0259t\u0259n\u0259 xidm\u0259t\u0259 g\u00f6r\u0259\u201d ordeni il\u0259 t\u0259ltif edilsin.","_links":{"self":[{"href":"https:\/\/arantv.az\/index.php?rest_route=\/wp\/v2\/posts\/107609"}],"collection":[{"href":"https:\/\/arantv.az\/index.php?rest_route=\/wp\/v2\/posts"}],"about":[{"href":"https:\/\/arantv.az\/index.php?rest_route=\/wp\/v2\/types\/post"}],"author":[{"embeddable":true,"href":"https:\/\/arantv.az\/index.php?rest_route=\/wp\/v2\/users\/2"}],"replies":[{"embeddable":true,"href":"https:\/\/arantv.az\/index.php?rest_route=%2Fwp%2Fv2%2Fcomments&post=107609"}],"version-history":[{"count":0,"href":"https:\/\/arantv.az\/index.php?rest_route=\/wp\/v2\/posts\/107609\/revisions"}],"wp:featuredmedia":[{"embeddable":true,"href":"https:\/\/arantv.az\/index.php?rest_route=\/wp\/v2\/media\/107610"}],"wp:attachment":[{"href":"https:\/\/arantv.az\/index.php?rest_route=%2Fwp%2Fv2%2Fmedia&parent=107609"}],"wp:term":[{"taxonomy":"category","embeddable":true,"href":"https:\/\/arantv.az\/index.php?rest_route=%2Fwp%2Fv2%2Fcategories&post=107609"},{"taxonomy":"post_tag","embeddable":true,"href":"https:\/\/arantv.az\/index.php?rest_route=%2Fwp%2Fv2%2Ftags&post=107609"}],"curies":[{"name":"wp","href":"https:\/\/api.w.org\/{rel}","templated":true}]}}