{"id":107613,"date":"2019-12-14T15:43:02","date_gmt":"2019-12-14T12:43:02","guid":{"rendered":"http:\/\/arantv.az\/?p=107613"},"modified":"2019-12-14T15:43:02","modified_gmt":"2019-12-14T12:43:02","slug":"prezident-ilham-%c9%99liyev-b%c9%99hreyn-kralini-t%c9%99brik-edib","status":"publish","type":"post","link":"https:\/\/arantv.az\/?p=107613","title":{"rendered":"Prezident \u0130lham \u018fliyev B\u0259hreyn kral\u0131n\u0131 t\u0259brik edib"},"content":{"rendered":"<p>Prezident \u0130lham \u018fliyev B\u0259hreynin Kral\u0131 \u015eeyx H\u0259m\u0259d bin \u0130sa Al X\u0259lif\u0259y\u0259 t\u0259brik m\u0259ktubu g\u00f6nd\u0259rib.<\/p>\n<p>T\u0259brikd\u0259 deyilir: &#8220;\u018flah\u0259zr\u0259t, \u00f6lk\u0259nizin milli bayram\u0131 m\u00fcnasib\u0259til\u0259 Siz\u0259 v\u0259 Sizin siman\u0131zda b\u00fct\u00fcn xalq\u0131n\u0131za \u00f6z ad\u0131mdan v\u0259 Az\u0259rbaycan xalq\u0131 ad\u0131ndan \u0259n s\u0259mimi t\u0259brikl\u0259rimi yetirir\u0259m.<\/p>\n<p>\u00dcmidvaram ki, Az\u0259rbaycan il\u0259 B\u0259hreyn aras\u0131ndak\u0131 m\u00fcnasib\u0259tl\u0259r daim dostluq v\u0259 \u0259m\u0259kda\u015fl\u0131q ruhunda inki\u015faf ed\u0259c\u0259kdir.<\/p>\n<p>Bel\u0259 bir \u0259lam\u0259tdar g\u00fcnd\u0259 Siz\u0259 m\u00f6hk\u0259m cansa\u011fl\u0131\u011f\u0131 v\u0259 xo\u015fb\u0259xtlik, dost B\u0259hreyn xalq\u0131na daim \u0259min-amanl\u0131q v\u0259 firavanl\u0131q dil\u0259yir\u0259m&#8221;.<\/p>\n","protected":false},"excerpt":{"rendered":"<p>Prezident \u0130lham \u018fliyev B\u0259hreynin Kral\u0131 \u015eeyx H\u0259m\u0259d bin \u0130sa Al X\u0259lif\u0259y\u0259 t\u0259brik m\u0259ktubu g\u00f6nd\u0259rib. T\u0259brikd\u0259 deyilir: &#8220;\u018flah\u0259zr\u0259t, \u00f6lk\u0259nizin milli bayram\u0131 m\u00fcnasib\u0259til\u0259 Siz\u0259 v\u0259 Sizin siman\u0131zda b\u00fct\u00fcn xalq\u0131n\u0131za \u00f6z ad\u0131mdan v\u0259 Az\u0259rbaycan xalq\u0131 ad\u0131ndan \u0259n s\u0259mimi t\u0259brikl\u0259rimi yetirir\u0259m. \u00dcmidvaram ki, Az\u0259rbaycan il\u0259 B\u0259hreyn aras\u0131ndak\u0131 m\u00fcnasib\u0259tl\u0259r daim dostluq v\u0259 \u0259m\u0259kda\u015fl\u0131q ruhunda inki\u015faf ed\u0259c\u0259kdir. Bel\u0259 bir \u0259lam\u0259tdar g\u00fcnd\u0259 Siz\u0259 m\u00f6hk\u0259m cansa\u011fl\u0131\u011f\u0131 v\u0259 xo\u015fb\u0259xtlik, dost B\u0259hreyn xalq\u0131na daim \u0259min-amanl\u0131q v\u0259 firavanl\u0131q dil\u0259yir\u0259m&#8221;.<\/p>\n","protected":false},"author":2,"featured_media":107614,"comment_status":"closed","ping_status":"closed","sticky":false,"template":"","format":"standard","meta":{"om_disable_all_campaigns":false,"_monsterinsights_skip_tracking":false,"_monsterinsights_sitenote_active":false,"_monsterinsights_sitenote_note":"","_monsterinsights_sitenote_category":0},"categories":[4],"tags":[],"aioseo_notices":[],"gutentor_comment":0,"rttpg_featured_image_url":{"full":["https:\/\/arantv.az\/wp-content\/uploads\/2019\/12\/ilham_aliyev_president_291217_3_1.jpg",1200,900,false],"landscape":["https:\/\/arantv.az\/wp-content\/uploads\/2019\/12\/ilham_aliyev_president_291217_3_1.jpg",1200,900,false],"portraits":["https:\/\/arantv.az\/wp-content\/uploads\/2019\/12\/ilham_aliyev_president_291217_3_1.jpg",1200,900,false],"thumbnail":["https:\/\/arantv.az\/wp-content\/uploads\/2019\/12\/ilham_aliyev_president_291217_3_1-150x150.jpg",150,150,true],"medium":["https:\/\/arantv.az\/wp-content\/uploads\/2019\/12\/ilham_aliyev_president_291217_3_1-300x225.jpg",300,225,true],"large":["https:\/\/arantv.az\/wp-content\/uploads\/2019\/12\/ilham_aliyev_president_291217_3_1-1024x768.jpg",640,480,true],"1536x1536":["https:\/\/arantv.az\/wp-content\/uploads\/2019\/12\/ilham_aliyev_president_291217_3_1.jpg",1200,900,false],"2048x2048":["https:\/\/arantv.az\/wp-content\/uploads\/2019\/12\/ilham_aliyev_president_291217_3_1.jpg",1200,900,false],"post-thumbnail":["https:\/\/arantv.az\/wp-content\/uploads\/2019\/12\/ilham_aliyev_president_291217_3_1-240x172.jpg",240,172,true],"advps-thumb-one":["https:\/\/arantv.az\/wp-content\/uploads\/2019\/12\/ilham_aliyev_president_291217_3_1-1200x620.jpg",1200,620,true]},"rttpg_author":{"display_name":"V\u00fcsal Rafiqo\u011flu","author_link":"https:\/\/arantv.az\/?author=2"},"rttpg_comment":0,"rttpg_category":"<a href=\"https:\/\/arantv.az\/?cat=4\" rel=\"category\">Siyas\u0259t<\/a>","rttpg_excerpt":"Prezident \u0130lham \u018fliyev B\u0259hreynin Kral\u0131 \u015eeyx H\u0259m\u0259d bin \u0130sa Al X\u0259lif\u0259y\u0259 t\u0259brik m\u0259ktubu g\u00f6nd\u0259rib. T\u0259brikd\u0259 deyilir: &#8220;\u018flah\u0259zr\u0259t, \u00f6lk\u0259nizin milli bayram\u0131 m\u00fcnasib\u0259til\u0259 Siz\u0259 v\u0259 Sizin siman\u0131zda b\u00fct\u00fcn xalq\u0131n\u0131za \u00f6z ad\u0131mdan v\u0259 Az\u0259rbaycan xalq\u0131 ad\u0131ndan \u0259n s\u0259mimi t\u0259brikl\u0259rimi yetirir\u0259m. \u00dcmidvaram ki, Az\u0259rbaycan il\u0259 B\u0259hreyn aras\u0131ndak\u0131 m\u00fcnasib\u0259tl\u0259r daim dostluq v\u0259 \u0259m\u0259kda\u015fl\u0131q ruhunda inki\u015faf ed\u0259c\u0259kdir. Bel\u0259 bir \u0259lam\u0259tdar g\u00fcnd\u0259&hellip;","_links":{"self":[{"href":"https:\/\/arantv.az\/index.php?rest_route=\/wp\/v2\/posts\/107613"}],"collection":[{"href":"https:\/\/arantv.az\/index.php?rest_route=\/wp\/v2\/posts"}],"about":[{"href":"https:\/\/arantv.az\/index.php?rest_route=\/wp\/v2\/types\/post"}],"author":[{"embeddable":true,"href":"https:\/\/arantv.az\/index.php?rest_route=\/wp\/v2\/users\/2"}],"replies":[{"embeddable":true,"href":"https:\/\/arantv.az\/index.php?rest_route=%2Fwp%2Fv2%2Fcomments&post=107613"}],"version-history":[{"count":0,"href":"https:\/\/arantv.az\/index.php?rest_route=\/wp\/v2\/posts\/107613\/revisions"}],"wp:featuredmedia":[{"embeddable":true,"href":"https:\/\/arantv.az\/index.php?rest_route=\/wp\/v2\/media\/107614"}],"wp:attachment":[{"href":"https:\/\/arantv.az\/index.php?rest_route=%2Fwp%2Fv2%2Fmedia&parent=107613"}],"wp:term":[{"taxonomy":"category","embeddable":true,"href":"https:\/\/arantv.az\/index.php?rest_route=%2Fwp%2Fv2%2Fcategories&post=107613"},{"taxonomy":"post_tag","embeddable":true,"href":"https:\/\/arantv.az\/index.php?rest_route=%2Fwp%2Fv2%2Ftags&post=107613"}],"curies":[{"name":"wp","href":"https:\/\/api.w.org\/{rel}","templated":true}]}}